{"id":332882,"date":"2017-06-30T00:09:11","date_gmt":"2017-06-30T05:09:11","guid":{"rendered":"http:\/\/www.diarioimagen.net\/?p=332882"},"modified":"2017-06-30T05:17:35","modified_gmt":"2017-06-30T10:17:35","slug":"proponen-en-legislatura-mexiquense-iniciativas-para-proteger-a-los-adultos-mayores","status":"publish","type":"post","link":"https:\/\/www.diarioimagen.net\/?p=332882","title":{"rendered":"Proponen en Legislatura mexiquense iniciativas para proteger a los adultos mayores"},"content":{"rendered":"<div id=\"attachment_332953\" style=\"width: 470px\" class=\"wp-caption aligncenter\"><a href=\"http:\/\/www.diarioimagen.net\/?attachment_id=332953\" rel=\"attachment wp-att-332953\"><img loading=\"lazy\" decoding=\"async\" aria-describedby=\"caption-attachment-332953\" class=\"size-large wp-image-332953\" src=\"http:\/\/www.diarioimagen.net\/wp-content\/uploads\/2017\/06\/LEGISLATURA-3153-460x259.jpg\" alt=\"\" width=\"460\" height=\"259\" srcset=\"https:\/\/www.diarioimagen.net\/wp-content\/uploads\/2017\/06\/LEGISLATURA-3153-460x259.jpg 460w, https:\/\/www.diarioimagen.net\/wp-content\/uploads\/2017\/06\/LEGISLATURA-3153-240x135.jpg 240w, https:\/\/www.diarioimagen.net\/wp-content\/uploads\/2017\/06\/LEGISLATURA-3153-235x132.jpg 235w, https:\/\/www.diarioimagen.net\/wp-content\/uploads\/2017\/06\/LEGISLATURA-3153-202x114.jpg 202w, https:\/\/www.diarioimagen.net\/wp-content\/uploads\/2017\/06\/LEGISLATURA-3153-350x196.jpg 350w, https:\/\/www.diarioimagen.net\/wp-content\/uploads\/2017\/06\/LEGISLATURA-3153-220x123.jpg 220w, https:\/\/www.diarioimagen.net\/wp-content\/uploads\/2017\/06\/LEGISLATURA-3153-237x132.jpg 237w, https:\/\/www.diarioimagen.net\/wp-content\/uploads\/2017\/06\/LEGISLATURA-3153.jpg 480w\" sizes=\"auto, (max-width: 460px) 100vw, 460px\" \/><\/a><p id=\"caption-attachment-332953\" class=\"wp-caption-text\">Una camioneta de transporte escolar choc\u00f3 contra una Jeep en el Eje 6 Sur, dejando un saldo de un ni\u00f1o muerto y 5 heridos.<\/p><\/div>\n<p>&nbsp;<\/p>\n<p><strong>Toluca, Estado de M\u00e9xico.-<\/strong> El diputado Javier Salinas Narv\u00e1ez present\u00f3, en nombre del Grupo Parlamentario del PRD, dos iniciativas para proteger a los adultos ante la marginaci\u00f3n y ampliar el acceso a servicios de salud de este sector de la poblaci\u00f3n, as\u00ed como fortalecer el combate a la discriminaci\u00f3n.<\/p>\n<p>Propone reformar la Ley del Adulto Mayor para establecer que ninguna persona adulta sea marginada o discriminada en espacios p\u00fablicos o privados por raz\u00f3n de su origen, g\u00e9nero, edad, estado f\u00edsico, creencia religiosa o condici\u00f3n social.<\/p>\n","protected":false},"excerpt":{"rendered":"<p>El diputado Javier Salinas Narv\u00e1ez present\u00f3, en nombre del Grupo Parlamentario del PRD, dos iniciativas para proteger a los adultos ante la marginaci\u00f3n y ampliar el acceso a servicios de salud de este sector de la poblaci\u00f3n, as\u00ed como fortalecer el combate a la discriminaci\u00f3n.<\/p>\n","protected":false},"author":3,"featured_media":332953,"comment_status":"open","ping_status":"open","sticky":false,"template":"","format":"standard","meta":{"_monsterinsights_skip_tracking":false,"_monsterinsights_sitenote_active":false,"_monsterinsights_sitenote_note":"","_monsterinsights_sitenote_category":0,"footnotes":""},"categories":[35155],"tags":[43675,452],"class_list":["post-332882","post","type-post","status-publish","format-standard","has-post-thumbnail","hentry","category-estado-de-mexico-estado-de-mexico","tag-estado-de-mexico","tag-toluca"],"_links":{"self":[{"href":"https:\/\/www.diarioimagen.net\/index.php?rest_route=\/wp\/v2\/posts\/332882","targetHints":{"allow":["GET"]}}],"collection":[{"href":"https:\/\/www.diarioimagen.net\/index.php?rest_route=\/wp\/v2\/posts"}],"about":[{"href":"https:\/\/www.diarioimagen.net\/index.php?rest_route=\/wp\/v2\/types\/post"}],"author":[{"embeddable":true,"href":"https:\/\/www.diarioimagen.net\/index.php?rest_route=\/wp\/v2\/users\/3"}],"replies":[{"embeddable":true,"href":"https:\/\/www.diarioimagen.net\/index.php?rest_route=%2Fwp%2Fv2%2Fcomments&post=332882"}],"version-history":[{"count":0,"href":"https:\/\/www.diarioimagen.net\/index.php?rest_route=\/wp\/v2\/posts\/332882\/revisions"}],"wp:featuredmedia":[{"embeddable":true,"href":"https:\/\/www.diarioimagen.net\/index.php?rest_route=\/wp\/v2\/media\/332953"}],"wp:attachment":[{"href":"https:\/\/www.diarioimagen.net\/index.php?rest_route=%2Fwp%2Fv2%2Fmedia&parent=332882"}],"wp:term":[{"taxonomy":"category","embeddable":true,"href":"https:\/\/www.diarioimagen.net\/index.php?rest_route=%2Fwp%2Fv2%2Fcategories&post=332882"},{"taxonomy":"post_tag","embeddable":true,"href":"https:\/\/www.diarioimagen.net\/index.php?rest_route=%2Fwp%2Fv2%2Ftags&post=332882"}],"curies":[{"name":"wp","href":"https:\/\/api.w.org\/{rel}","templated":true}]}}