{"id":332886,"date":"2017-06-30T00:08:39","date_gmt":"2017-06-30T05:08:39","guid":{"rendered":"http:\/\/www.diarioimagen.net\/?p=332886"},"modified":"2017-06-30T05:19:37","modified_gmt":"2017-06-30T10:19:37","slug":"felicita-metepec-a-triunfadores-en-la-olimpiada-nacional-2017","status":"publish","type":"post","link":"https:\/\/www.diarioimagen.net\/?p=332886","title":{"rendered":"Felicita Metepec a triunfadores en la Olimpiada Nacional 2017"},"content":{"rendered":"<ul>\n<li><strong><em>Entrega alcalde sillas de ruedas para atletas<\/em><\/strong><\/li>\n<\/ul>\n<p>&nbsp;<\/p>\n<div id=\"attachment_332956\" style=\"width: 470px\" class=\"wp-caption aligncenter\"><a href=\"http:\/\/www.diarioimagen.net\/?attachment_id=332956\" rel=\"attachment wp-att-332956\"><img loading=\"lazy\" decoding=\"async\" aria-describedby=\"caption-attachment-332956\" class=\"size-large wp-image-332956\" src=\"http:\/\/www.diarioimagen.net\/wp-content\/uploads\/2017\/06\/METEPEC-3153-460x259.jpg\" alt=\"\" width=\"460\" height=\"259\" srcset=\"https:\/\/www.diarioimagen.net\/wp-content\/uploads\/2017\/06\/METEPEC-3153-460x259.jpg 460w, https:\/\/www.diarioimagen.net\/wp-content\/uploads\/2017\/06\/METEPEC-3153-240x135.jpg 240w, https:\/\/www.diarioimagen.net\/wp-content\/uploads\/2017\/06\/METEPEC-3153-235x132.jpg 235w, https:\/\/www.diarioimagen.net\/wp-content\/uploads\/2017\/06\/METEPEC-3153-202x114.jpg 202w, https:\/\/www.diarioimagen.net\/wp-content\/uploads\/2017\/06\/METEPEC-3153-350x196.jpg 350w, https:\/\/www.diarioimagen.net\/wp-content\/uploads\/2017\/06\/METEPEC-3153-220x123.jpg 220w, https:\/\/www.diarioimagen.net\/wp-content\/uploads\/2017\/06\/METEPEC-3153-237x132.jpg 237w, https:\/\/www.diarioimagen.net\/wp-content\/uploads\/2017\/06\/METEPEC-3153.jpg 480w\" sizes=\"auto, (max-width: 460px) 100vw, 460px\" \/><\/a><p id=\"caption-attachment-332956\" class=\"wp-caption-text\">El alcalde David L\u00f3pez C\u00e1rdenas, recibi\u00f3 a los j\u00f3venes deportistas que obtuvieron medallas en la pasada Olimpiada Nacional Juvenil 2017.<\/p><\/div>\n<p>&nbsp;<\/p>\n<p><strong>Metepec, Estado de M\u00e9xico<\/strong>.-\u00a0El presidente municipal de Metepec, David L\u00f3pez C\u00e1rdenas, recibi\u00f3 en el palacio municipal a los j\u00f3venes deportistas que obtuvieron medallas en la pasada Olimpiada Nacional Juvenil 2017, celebrada en los estados de Nuevo le\u00f3n y Jalisco, acto que fue rubricado con la entrega de sillas de ruedas para atletas con discapacidad.<\/p>\n<p>El alcalde destac\u00f3 que Metepec este a\u00f1o tuvo el mayor n\u00famero de ganadores del certamen en la historia, por lo que reconoci\u00f3 el esfuerzo de los atletas por ser ejemplo de disciplina e ir consolidando su proyecci\u00f3n personal.<\/p>\n<p>\u201cEs de gran satisfacci\u00f3n y orgullo reconocer a quienes hacen posible estos logros que si bien son m\u00e9rito y logro individual, tambi\u00e9n llevan la representaci\u00f3n del municipio toda vez que su entrenamiento lo realizan en las escuelas deportivas que oferta esta administraci\u00f3n\u201d, refiri\u00f3.<\/p>\n<p>David L\u00f3pez recalc\u00f3 que parte importante de la estrategia para erradicar la violencia y adicciones, es justamente a trav\u00e9s del deporte, por lo que representa pilar de bienestar entre la poblaci\u00f3n, ya que adem\u00e1s, genera h\u00e1bitos saludables.<\/p>\n<p>Con la presencia de autoridades del deporte del estado como de la federaci\u00f3n, de integrantes del cuerpo edilicio y del Coordinador General del Instituto Municipal de Cultura F\u00edsica y Deporte de Metepec (IMCUFIDEM), Federico Quinto \u00c1brego, el mandatario dio marcha al programa de Formaci\u00f3n B\u00e1sica del Deporte Adaptado con la entrega de seis sillas de ruedas especiales para personas con discapacidad, cinco de ellas donadas por el Colegio de Contadores del Estado de M\u00e9xico.<\/p>\n<p>El programa tiene como finalidad, capacitar al personal deportivo del Instituto Municipal para que atiendan las necesidades de los deportistas con alg\u00fan grado de discapacidad. Refrendando as\u00ed el compromiso del ayuntamiento con este sector de la poblaci\u00f3n.<\/p>\n<p>Al respecto, el Vicepresidente del Colegio de Contadores, Marco Antonio V\u00e1zquez Nava,\u00a0\u00a0reconoci\u00f3 en David L\u00f3pez C\u00e1rdenas, fuerte y decidi\u00f3 impulsor del deporte, por lo que en esa sinergia, dijo, comprometi\u00f3 la donaci\u00f3n de cinco sillas de ruedas especiales.<\/p>\n<p>Acompa\u00f1ado de empresarios, organismos de la sociedad organizada, representantes del Club Rotario, funcionarios de la administraci\u00f3n, deportistas de alto rendimiento como Jair Meneses, entrenadores y familiares de los deportistas, el alcalde David L\u00f3pez entreg\u00f3 reconocimientos a los n\u00f3veles atletas\u00a0\u00a0a quienes dese\u00f3 la mejor de las suertes en las pr\u00f3ximas competencias y comprometi\u00f3 seguir trabajando a favor de quienes realizan actividad f\u00edsica tanto profesional, amateur o recreativa.<\/p>\n","protected":false},"excerpt":{"rendered":"<p>El presidente municipal de Metepec, David L\u00f3pez C\u00e1rdenas, recibi\u00f3 en el palacio municipal a los j\u00f3venes deportistas que obtuvieron medallas en la pasada Olimpiada Nacional Juvenil 2017, celebrada en los estados de Nuevo le\u00f3n y Jalisco, acto que fue rubricado con la entrega de sillas de ruedas para atletas con discapacidad.<\/p>\n","protected":false},"author":3,"featured_media":332956,"comment_status":"open","ping_status":"open","sticky":false,"template":"","format":"standard","meta":{"_monsterinsights_skip_tracking":false,"_monsterinsights_sitenote_active":false,"_monsterinsights_sitenote_note":"","_monsterinsights_sitenote_category":0,"footnotes":""},"categories":[35155],"tags":[14250,43675,876,16431],"class_list":["post-332886","post","type-post","status-publish","format-standard","has-post-thumbnail","hentry","category-estado-de-mexico-estado-de-mexico","tag-david-lopez-cardenas","tag-estado-de-mexico","tag-metepec","tag-olimpiada-nacional"],"_links":{"self":[{"href":"https:\/\/www.diarioimagen.net\/index.php?rest_route=\/wp\/v2\/posts\/332886","targetHints":{"allow":["GET"]}}],"collection":[{"href":"https:\/\/www.diarioimagen.net\/index.php?rest_route=\/wp\/v2\/posts"}],"about":[{"href":"https:\/\/www.diarioimagen.net\/index.php?rest_route=\/wp\/v2\/types\/post"}],"author":[{"embeddable":true,"href":"https:\/\/www.diarioimagen.net\/index.php?rest_route=\/wp\/v2\/users\/3"}],"replies":[{"embeddable":true,"href":"https:\/\/www.diarioimagen.net\/index.php?rest_route=%2Fwp%2Fv2%2Fcomments&post=332886"}],"version-history":[{"count":0,"href":"https:\/\/www.diarioimagen.net\/index.php?rest_route=\/wp\/v2\/posts\/332886\/revisions"}],"wp:featuredmedia":[{"embeddable":true,"href":"https:\/\/www.diarioimagen.net\/index.php?rest_route=\/wp\/v2\/media\/332956"}],"wp:attachment":[{"href":"https:\/\/www.diarioimagen.net\/index.php?rest_route=%2Fwp%2Fv2%2Fmedia&parent=332886"}],"wp:term":[{"taxonomy":"category","embeddable":true,"href":"https:\/\/www.diarioimagen.net\/index.php?rest_route=%2Fwp%2Fv2%2Fcategories&post=332886"},{"taxonomy":"post_tag","embeddable":true,"href":"https:\/\/www.diarioimagen.net\/index.php?rest_route=%2Fwp%2Fv2%2Ftags&post=332886"}],"curies":[{"name":"wp","href":"https:\/\/api.w.org\/{rel}","templated":true}]}}