{"id":332892,"date":"2017-06-30T00:05:15","date_gmt":"2017-06-30T05:05:15","guid":{"rendered":"http:\/\/www.diarioimagen.net\/?p=332892"},"modified":"2017-06-30T05:26:39","modified_gmt":"2017-06-30T10:26:39","slug":"estrecha-relacion-en-coacalco-del-gobierno-y-suteym","status":"publish","type":"post","link":"https:\/\/www.diarioimagen.net\/?p=332892","title":{"rendered":"Estrecha relaci\u00f3n en Coacalco del gobierno y SUTEyM"},"content":{"rendered":"<ul>\n<li>\n<div><strong><em>Permite brindar mejores servicios a la poblaci\u00f3n<\/em><\/strong><\/div>\n<\/li>\n<\/ul>\n<p>&nbsp;<\/p>\n<div id=\"attachment_332965\" style=\"width: 470px\" class=\"wp-caption aligncenter\"><a href=\"http:\/\/www.diarioimagen.net\/?attachment_id=332965\" rel=\"attachment wp-att-332965\"><img loading=\"lazy\" decoding=\"async\" aria-describedby=\"caption-attachment-332965\" class=\"size-large wp-image-332965\" src=\"http:\/\/www.diarioimagen.net\/wp-content\/uploads\/2017\/06\/COACALCO-3153-460x259.jpg\" alt=\"\" width=\"460\" height=\"259\" srcset=\"https:\/\/www.diarioimagen.net\/wp-content\/uploads\/2017\/06\/COACALCO-3153-460x259.jpg 460w, https:\/\/www.diarioimagen.net\/wp-content\/uploads\/2017\/06\/COACALCO-3153-240x135.jpg 240w, https:\/\/www.diarioimagen.net\/wp-content\/uploads\/2017\/06\/COACALCO-3153-235x132.jpg 235w, https:\/\/www.diarioimagen.net\/wp-content\/uploads\/2017\/06\/COACALCO-3153-202x114.jpg 202w, https:\/\/www.diarioimagen.net\/wp-content\/uploads\/2017\/06\/COACALCO-3153-350x196.jpg 350w, https:\/\/www.diarioimagen.net\/wp-content\/uploads\/2017\/06\/COACALCO-3153-220x123.jpg 220w, https:\/\/www.diarioimagen.net\/wp-content\/uploads\/2017\/06\/COACALCO-3153-237x132.jpg 237w, https:\/\/www.diarioimagen.net\/wp-content\/uploads\/2017\/06\/COACALCO-3153.jpg 480w\" sizes=\"auto, (max-width: 460px) 100vw, 460px\" \/><\/a><p id=\"caption-attachment-332965\" class=\"wp-caption-text\">Destacan en Coacalco la relaci\u00f3n del gobierno que encabeza Erwin Castel\u00e1n, con la seccional del SUTEyM Coacalco, que lidera Francisco Rodr\u00edguez Bautista.<\/p><\/div>\n<p>&nbsp;<\/p>\n<p><strong>Coacalco, Estado de M\u00e9xico<\/strong>.- La estrecha relaci\u00f3n que mantienen las autoridades municipales con el Sindicato \u00danico de Trabajadores de los Poderes, Municipios e Instituciones Descentralizadas del Estado de M\u00e9xico (SUTEyM) delegaci\u00f3n Coacalco permiten brindar mejores servicios a la poblaci\u00f3n.<\/p>\n<p>As\u00ed lo afirm\u00f3 el secretario general de seccional del SUTEyM Coacalco, Francisco Rodr\u00edguez Bautista, al dar a conocer que el sindicato que encabeza cumpli\u00f3 30 a\u00f1os de existencia.<\/p>\n<p>Conformado en la administraci\u00f3n municipal presidida por Juan Manuel P\u00e9rez Balbuena, la creaci\u00f3n del sindicato ha logrado consolidar diversos logros para los sindicalizados, dijo.<\/p>\n<p>Y afirm\u00f3\u00a0 que hace tres d\u00e9cadas el sindicato inici\u00f3 con 120 agremiados, mientras que hoy en d\u00eda los afiliados ya suman 230 suteymistas.<\/p>\n<p>Se\u00f1al\u00f3 que a lo largo de estos a\u00f1os se han logrado diversas conquistas laborales, mismas que a\u00f1o con a\u00f1o se incrementan.<\/p>\n<p>El dirigente del SUTEyM Coacalco hizo ver que en estos momentos se tiene una de las mejores relaciones con el actual gobierno municipal que preside Erwin Castel\u00e1n.<\/p>\n<p>Y eso, asegur\u00f3, se refleja de manera directa en la atenci\u00f3n ciudadana y en los servicios que los servidores p\u00fablicos sindicalizados brindan a los ciudadanos.<\/p>\n","protected":false},"excerpt":{"rendered":"<p>La estrecha relaci\u00f3n que mantienen las autoridades municipales con el Sindicato \u00danico de Trabajadores de los Poderes, Municipios e Instituciones Descentralizadas del Estado de M\u00e9xico (SUTEyM) delegaci\u00f3n Coacalco permiten brindar mejores servicios a la poblaci\u00f3n.<\/p>\n","protected":false},"author":3,"featured_media":332965,"comment_status":"open","ping_status":"open","sticky":false,"template":"","format":"standard","meta":{"_monsterinsights_skip_tracking":false,"_monsterinsights_sitenote_active":false,"_monsterinsights_sitenote_note":"","_monsterinsights_sitenote_category":0,"footnotes":""},"categories":[35155],"tags":[579,43675,2572],"class_list":["post-332892","post","type-post","status-publish","format-standard","has-post-thumbnail","hentry","category-estado-de-mexico-estado-de-mexico","tag-coacalco","tag-estado-de-mexico","tag-suteym"],"_links":{"self":[{"href":"https:\/\/www.diarioimagen.net\/index.php?rest_route=\/wp\/v2\/posts\/332892","targetHints":{"allow":["GET"]}}],"collection":[{"href":"https:\/\/www.diarioimagen.net\/index.php?rest_route=\/wp\/v2\/posts"}],"about":[{"href":"https:\/\/www.diarioimagen.net\/index.php?rest_route=\/wp\/v2\/types\/post"}],"author":[{"embeddable":true,"href":"https:\/\/www.diarioimagen.net\/index.php?rest_route=\/wp\/v2\/users\/3"}],"replies":[{"embeddable":true,"href":"https:\/\/www.diarioimagen.net\/index.php?rest_route=%2Fwp%2Fv2%2Fcomments&post=332892"}],"version-history":[{"count":0,"href":"https:\/\/www.diarioimagen.net\/index.php?rest_route=\/wp\/v2\/posts\/332892\/revisions"}],"wp:featuredmedia":[{"embeddable":true,"href":"https:\/\/www.diarioimagen.net\/index.php?rest_route=\/wp\/v2\/media\/332965"}],"wp:attachment":[{"href":"https:\/\/www.diarioimagen.net\/index.php?rest_route=%2Fwp%2Fv2%2Fmedia&parent=332892"}],"wp:term":[{"taxonomy":"category","embeddable":true,"href":"https:\/\/www.diarioimagen.net\/index.php?rest_route=%2Fwp%2Fv2%2Fcategories&post=332892"},{"taxonomy":"post_tag","embeddable":true,"href":"https:\/\/www.diarioimagen.net\/index.php?rest_route=%2Fwp%2Fv2%2Ftags&post=332892"}],"curies":[{"name":"wp","href":"https:\/\/api.w.org\/{rel}","templated":true}]}}