{"id":332894,"date":"2017-06-30T00:04:19","date_gmt":"2017-06-30T05:04:19","guid":{"rendered":"http:\/\/www.diarioimagen.net\/?p=332894"},"modified":"2017-06-30T05:27:47","modified_gmt":"2017-06-30T10:27:47","slug":"en-nicolas-romero-festejan-a-san-pedro-apostol-en-su-dia","status":"publish","type":"post","link":"https:\/\/www.diarioimagen.net\/?p=332894","title":{"rendered":"En Nicol\u00e1s Romero festejan a San Pedro Ap\u00f3stol en su d\u00eda"},"content":{"rendered":"<p><strong><a href=\"http:\/\/www.diarioimagen.net\/?attachment_id=332968\" rel=\"attachment wp-att-332968\"><img loading=\"lazy\" decoding=\"async\" class=\"aligncenter size-large wp-image-332968\" src=\"http:\/\/www.diarioimagen.net\/wp-content\/uploads\/2017\/06\/NICOLAS-3153-460x259.jpg\" alt=\"\" width=\"460\" height=\"259\" srcset=\"https:\/\/www.diarioimagen.net\/wp-content\/uploads\/2017\/06\/NICOLAS-3153-460x259.jpg 460w, https:\/\/www.diarioimagen.net\/wp-content\/uploads\/2017\/06\/NICOLAS-3153-240x135.jpg 240w, https:\/\/www.diarioimagen.net\/wp-content\/uploads\/2017\/06\/NICOLAS-3153-235x132.jpg 235w, https:\/\/www.diarioimagen.net\/wp-content\/uploads\/2017\/06\/NICOLAS-3153-202x114.jpg 202w, https:\/\/www.diarioimagen.net\/wp-content\/uploads\/2017\/06\/NICOLAS-3153-350x196.jpg 350w, https:\/\/www.diarioimagen.net\/wp-content\/uploads\/2017\/06\/NICOLAS-3153-220x123.jpg 220w, https:\/\/www.diarioimagen.net\/wp-content\/uploads\/2017\/06\/NICOLAS-3153-237x132.jpg 237w, https:\/\/www.diarioimagen.net\/wp-content\/uploads\/2017\/06\/NICOLAS-3153.jpg 480w\" sizes=\"auto, (max-width: 460px) 100vw, 460px\" \/><\/a>\u00a0<\/strong><\/p>\n<p>&nbsp;<\/p>\n<p><strong>Nicol\u00e1s Romero, Estado de M\u00e9xico<\/strong><strong>.- <\/strong>Angelina Carre\u00f1o Mijares, presidenta municipal, en compa\u00f1\u00eda de los miembros del cabildo y l\u00edderes del comercio, participaron en la fiesta patronal de San Pedro Ap\u00f3stol, fiesta de fe, devoci\u00f3n y tradici\u00f3n, comenta la alcaldesa de los nicolasromerenses.<\/p>\n","protected":false},"excerpt":{"rendered":"<p>Angelina Carre\u00f1o Mijares, presidenta municipal, en compa\u00f1\u00eda de los miembros del cabildo y l\u00edderes del comercio, participaron en la fiesta patronal de San Pedro Ap\u00f3stol, fiesta de fe, devoci\u00f3n y tradici\u00f3n, comenta la alcaldesa de los nicolasromerenses.<\/p>\n","protected":false},"author":3,"featured_media":332968,"comment_status":"open","ping_status":"open","sticky":false,"template":"","format":"standard","meta":{"_monsterinsights_skip_tracking":false,"_monsterinsights_sitenote_active":false,"_monsterinsights_sitenote_note":"","_monsterinsights_sitenote_category":0,"footnotes":""},"categories":[35155],"tags":[47248,43675,752],"class_list":["post-332894","post","type-post","status-publish","format-standard","has-post-thumbnail","hentry","category-estado-de-mexico-estado-de-mexico","tag-angelina-carreno-mijares","tag-estado-de-mexico","tag-nicolas-romero"],"_links":{"self":[{"href":"https:\/\/www.diarioimagen.net\/index.php?rest_route=\/wp\/v2\/posts\/332894","targetHints":{"allow":["GET"]}}],"collection":[{"href":"https:\/\/www.diarioimagen.net\/index.php?rest_route=\/wp\/v2\/posts"}],"about":[{"href":"https:\/\/www.diarioimagen.net\/index.php?rest_route=\/wp\/v2\/types\/post"}],"author":[{"embeddable":true,"href":"https:\/\/www.diarioimagen.net\/index.php?rest_route=\/wp\/v2\/users\/3"}],"replies":[{"embeddable":true,"href":"https:\/\/www.diarioimagen.net\/index.php?rest_route=%2Fwp%2Fv2%2Fcomments&post=332894"}],"version-history":[{"count":0,"href":"https:\/\/www.diarioimagen.net\/index.php?rest_route=\/wp\/v2\/posts\/332894\/revisions"}],"wp:featuredmedia":[{"embeddable":true,"href":"https:\/\/www.diarioimagen.net\/index.php?rest_route=\/wp\/v2\/media\/332968"}],"wp:attachment":[{"href":"https:\/\/www.diarioimagen.net\/index.php?rest_route=%2Fwp%2Fv2%2Fmedia&parent=332894"}],"wp:term":[{"taxonomy":"category","embeddable":true,"href":"https:\/\/www.diarioimagen.net\/index.php?rest_route=%2Fwp%2Fv2%2Fcategories&post=332894"},{"taxonomy":"post_tag","embeddable":true,"href":"https:\/\/www.diarioimagen.net\/index.php?rest_route=%2Fwp%2Fv2%2Ftags&post=332894"}],"curies":[{"name":"wp","href":"https:\/\/api.w.org\/{rel}","templated":true}]}}