{"id":332896,"date":"2017-06-30T00:01:21","date_gmt":"2017-06-30T05:01:21","guid":{"rendered":"http:\/\/www.diarioimagen.net\/?p=332896"},"modified":"2017-06-30T05:43:22","modified_gmt":"2017-06-30T10:43:22","slug":"el-turismo-fortalecido-y-avante-como-nunca","status":"publish","type":"post","link":"https:\/\/www.diarioimagen.net\/?p=332896","title":{"rendered":"El turismo, fortalecido y avante como nunca"},"content":{"rendered":"<h2>De cinco estrellas<\/h2>\n<h5>Victoria Gonz\u00e1lez Prado<\/h5>\n<p>&nbsp;<\/p>\n<ul>\n<li><em><strong>Necesario, resolver pendientes en seguridad p\u00fablica: De la Madrid<\/strong><\/em><\/li>\n<\/ul>\n<p>&nbsp;<\/p>\n<div id=\"attachment_332971\" style=\"width: 470px\" class=\"wp-caption aligncenter\"><a href=\"http:\/\/www.diarioimagen.net\/?attachment_id=332971\" rel=\"attachment wp-att-332971\"><img loading=\"lazy\" decoding=\"async\" aria-describedby=\"caption-attachment-332971\" class=\"size-large wp-image-332971\" src=\"http:\/\/www.diarioimagen.net\/wp-content\/uploads\/2017\/06\/turismo-3153-460x259.jpg\" alt=\"\" width=\"460\" height=\"259\" srcset=\"https:\/\/www.diarioimagen.net\/wp-content\/uploads\/2017\/06\/turismo-3153-460x259.jpg 460w, https:\/\/www.diarioimagen.net\/wp-content\/uploads\/2017\/06\/turismo-3153-240x135.jpg 240w, https:\/\/www.diarioimagen.net\/wp-content\/uploads\/2017\/06\/turismo-3153-235x132.jpg 235w, https:\/\/www.diarioimagen.net\/wp-content\/uploads\/2017\/06\/turismo-3153-202x114.jpg 202w, https:\/\/www.diarioimagen.net\/wp-content\/uploads\/2017\/06\/turismo-3153-350x196.jpg 350w, https:\/\/www.diarioimagen.net\/wp-content\/uploads\/2017\/06\/turismo-3153-220x123.jpg 220w, https:\/\/www.diarioimagen.net\/wp-content\/uploads\/2017\/06\/turismo-3153-237x132.jpg 237w, https:\/\/www.diarioimagen.net\/wp-content\/uploads\/2017\/06\/turismo-3153.jpg 480w\" sizes=\"auto, (max-width: 460px) 100vw, 460px\" \/><\/a><p id=\"caption-attachment-332971\" class=\"wp-caption-text\">Enrique de la Madrid, secretario de Turismo.<\/p><\/div>\n<p>&nbsp;<\/p>\n<p>El turismo es uno de los tres mayores afluentes de divisas del pa\u00eds, sin exposici\u00f3n a la volubilidad del mercado y avances o retrocesos del sistema productivo nacional, pues depende \u00fanicamente de la innata vocaci\u00f3n de servicio de los millares de connacionales que lo atienden y lo mantienen al alza m\u00e1s que constante a pesar de los problemas sociopol\u00edticos y econ\u00f3micos que enfrentamos como naci\u00f3n.<\/p>\n<p>El turismo aumenta, va avante como siempre, y con ello la cifra de divisas que se suman a la riqueza nacional, aunque, seg\u00fan el INEGI, de 1982 a la fecha el crecimiento de la econom\u00eda del pa\u00eds no pasa de 2.5 por ciento anual.<\/p>\n<p>Quienes de una u otra forma tenemos relaci\u00f3n con esa actividad, somos testigos de primera mano, de que en estos cuatro a\u00f1os del sexenio actual ha crecido 50 por ciento, el triple de lo que en el mundo durante igual periodo. Tambi\u00e9n desde el a\u00f1o 2015 M\u00e9xico se coloc\u00f3 en el noveno sitio de la n\u00f3mina de pa\u00edses m\u00e1s visitados del mundo, y ya ocupa el octavo.<\/p>\n<p>Adem\u00e1s el sector tur\u00edstico es excelente fuente de empleo; ahora ocupa directa o indirectamente a cerca de 9 millones de personas, mujeres 60 por ciento de ellas, sin discriminaci\u00f3n de g\u00e9nero en salarios o puestos de responsabilidad.<\/p>\n<p>Al desglosar las razones de ese auge y su importancia para la econom\u00eda de M\u00e9xico, pues aporta 8.7 por ciento del Producto Interno Bruto (PIB) y es la tercera fuente generadora de divisas, encontramos que de 2012 a la fecha han habido incrementos de 25 por ciento en la llegada de visitantes europeos, 70 por ciento en la de americanos del Sur y se ha duplicado la de ciudadanos de pa\u00edses asi\u00e1ticos. Hay capacidad instalada m\u00e1s que suficiente para soportar ese aumento de visitantes, que incluye a los mexicanos, que ahora, con el programa \u2018Viajemos todos por M\u00e9xico, tienen mayores facilidades para acudir a los destinos tur\u00edsticos.<\/p>\n<p>De entre esos programas para estimular la industria tur\u00edstica descuella \u2018Con\u00e9ctate al turismo\u2019, particularmente importante porque su objetivo fundamental es sustituir con productos de empresas nacionales, las importaciones de insumos de la hoteler\u00eda, restaurantes, aerol\u00edneas y navieras, que cuestan m\u00e1s de 5 mil millones de d\u00f3lares al a\u00f1o.<\/p>\n<p>Tambi\u00e9n, como es bien conocido, 111 Pueblos M\u00e1gicos diseminados en el territorio nacional, zonas arqueol\u00f3gicas, destinos de sol y playa, ciudades Patrimonio de la Humanidad con sitios ideales para congresos y actividades de cultura y esparcimiento, el turismo de aventura, el m\u00e9dico y el deportivo.<\/p>\n<p>Ese escenario y las cifras que arroja, que no son fr\u00eda estad\u00edstica, entusiasman a quienes por una u otra raz\u00f3n estamos vinculados \u00edntimamente con el turismo; por eso decidimos entrevistar al\u00a0 titular de la Sectur, <strong>Enrique de la Madrid<\/strong>.<\/p>\n<p>La pl\u00e1tica no se limit\u00f3 a su responsabilidad al frente de lo que se ha dejado de llamar industria sin chimeneas, pues tambi\u00e9n quisimos conocer su visi\u00f3n del pa\u00eds y el servicio p\u00fablico.<\/p>\n<p>Sabemos que es licenciado en Derecho por la UNAM y obtuvo la menci\u00f3n honorifica y la medalla \u201cGabino Barreda\u201d, que se otorgan a los alumnos sobresalientes, y maestro en Administraci\u00f3n P\u00fablica por la Escuela de Gobierno John F. Kennedy, de la Universidad de Harvard.<\/p>\n<p>En el servicio p\u00fabico ha sido coordinador general t\u00e9cnico de la presidencia de la Comisi\u00f3n Nacional Bancaria y de Valores (CNBV) de 1994 a 1998, y diputado federal plurinominal del 2000 al 2003. En este \u00faltimo a\u00f1o fue candidato a la jefatura de la delegaci\u00f3n\u00a0 \u00c1lvaro Obreg\u00f3n de la Ciudad de M\u00e9xico; de 2006 a 2010, director general de Financiera Rural.<\/p>\n<p>En 2012 lo nombraron director general del Banco Nacional de Comercio Exterior\u00a0 (Bancomext), y en 2015 titular de la Secretar\u00eda de Turismo federal, y con \u00e9l al frente del ramo, como hemos dicho, el turismo pasa por uno de sus mejores momentos y se ha consolidado como uno de los principales motores de la econom\u00eda del pa\u00eds.<\/p>\n<p>Pero quisimos saber un poco m\u00e1s. Acudimos a su oficina, donde nos recibi\u00f3 cort\u00e9smente y nos invit\u00f3 a tomar asiento. Se coloc\u00f3 frente a nosotros con actitudes que denotaban seguridad y confianza, y entramos de lleno a la entrevista.<\/p>\n<p><strong>\u2014 \u00bfA qu\u00e9 edad empez\u00f3 su inter\u00e9s por la pol\u00edtica y la posibilidad de participar en ella?<\/strong><\/p>\n<p>\u2014 Antes que nada, muchas gracias por la oportunidad de dirigirme a su audiencia, a los lectores. Desde muy joven me atrajo el tema de la pol\u00edtica. Pero formalmente fue durante la campa\u00f1a de mi padre por la Presidencia de la Rep\u00fablica, hacia finales de 1981 y mediados de 1982, al acompa\u00f1arlo a varios actos.<\/p>\n<p>\u201cEn ese entonces confirm\u00e9 mi inter\u00e9s por la pol\u00edtica y entend\u00ed que a trav\u00e9s de ella se tiene la enorme oportunidad de servir a una comunidad, a un municipio, a un estado de la Rep\u00fablica, y a nuestro pa\u00eds. As\u00ed entiendo yo la pol\u00edtica. Esa campa\u00f1a por la Presidencia de la Rep\u00fablica, realizada en distintas etapas, pues hay que recordar que entonces las campa\u00f1as pol\u00edtico-electorales eran muy intensas y duraban cerca de nueve meses, motiv\u00f3 mi inter\u00e9s por la pol\u00edtica. Adem\u00e1s, incursionar en las comunidades m\u00e1s rec\u00f3nditas y empobrecidas despert\u00f3 en m\u00ed una conciencia por la igualdad social que prevalece hasta ahora\u201d.<\/p>\n<p><strong>\u2014 \u00bfQu\u00e9 se gana con celebraciones como el D\u00eda Internacional del Turismo o el A\u00f1o del Turismo Sustentable? <\/strong><\/p>\n<p>\u2014 Son simb\u00f3licas, que m\u00e1s que dejar beneficio directo, ayudan a atraer la atenci\u00f3n hacia un sector cada vez m\u00e1s relevante como fuente de empleo y bienestar. Se pueden aprovechar para generar inter\u00e9s y conciencia acerca de la problem\u00e1tica del sector, e incluso apoyos para satisfacer las necesidades en ese terreno.<\/p>\n<p><strong>Record\u00e9 que durante el gobierno de su padre, <em>Miguel de la Madrid<\/em>, en los a\u00f1os 80, la mujer empez\u00f3 a ocupar puestos pol\u00edticos y administrativos clave, y le pregunt\u00e9 si a la distancia, ve si en ese aspecto estamos igual o mejor. <\/strong><\/p>\n<p>\u2014 Pienso que el pa\u00eds ha tenido grandes avances en el tema de igualdad de g\u00e9nero y respeto a los derechos de las mujeres. No obstante, creo que M\u00e9xico debe seguir trabajando para lograr mayor igualdad en cuanto a oportunidades para hombres y mujeres; no s\u00f3lo por ideolog\u00eda sino porque esa igualdad nos fortalece. La mujer tiene un papel clave en los rubros laboral, social, acad\u00e9mico, cultural y pol\u00edtico, por ello es impensable un pa\u00eds desarrollado en el que no haya esa igualdad de oportunidades.<\/p>\n<p><strong>\u2014 \u00bfQu\u00e9 es lo que m\u00e1s le gusta de su tarea como secretario de Turismo?<\/strong><\/p>\n<p>\u2014 En primer lugar, contribuir al desarrollo y crecimiento del que es uno de los sectores m\u00e1s exitosos e importantes de nuestra econom\u00eda, motor de crecimiento y generador de empleo para millones de mexicanos. Adem\u00e1s me da oportunidad de recorrer el pa\u00eds y admirar sus riquezas naturales y su diversidad, incluso la\u00a0 cultural, as\u00ed como ocuparme del amplio espectro de actividades que ata\u00f1en al sector turismo.<\/p>\n<p>\u201cEse conjunto me ha permitido constatar la enorme capacidad y potencial que tenemos en M\u00e9xico para generar opciones de desarrollo mediante otras actividades econ\u00f3micas como la manufacturera, la automotriz, la agroindustria y comunicaciones, por mencionar algunas. Gracias a esta experiencia he podido reafirmar mi convicci\u00f3n de que tenemos todo para \u2014durante la actual generaci\u00f3n\u2014 llegar a ser pa\u00eds desarrollado.\u201d<\/p>\n<p><strong>\u2014 Como secretario de Turismo, \u00bfcu\u00e1l cree que sea el problema de M\u00e9xico que requiere pronta soluci\u00f3n?<\/strong><\/p>\n<p>\u2014 Para que el turismo siga creciendo y generando m\u00e1s oportunidades de desarrollo para todos, necesitamos mejorar nuestra conectividad a\u00e9rea para traer m\u00e1s turistas, y diversificar nuestros mercados emisores. Por ello es tan importante la decisi\u00f3n del presidente <strong>Pe\u00f1a Nieto<\/strong> de construir el Nuevo Aeropuerto Internacional de la Ciudad de M\u00e9xico, pues ser\u00e1 la base sobre la que desarrollemos dicha conectividad.<\/p>\n<p>\u201cTambi\u00e9n es necesario asegurarnos de tener un marco regulatorio promotor y que existan en el mercado suficientes opciones de financiamiento para acelerar la inclusi\u00f3n de emprendedores y empresas mexicanas a la cadena de valor del turismo.<\/p>\n<p>\u201cPor \u00faltimo, y trascendental para que M\u00e9xico siga siendo destino predilecto de los turistas extranjeros, es necesario que resolvamos los pendientes en materia de seguridad p\u00fablica.\u201d<\/p>\n<p><strong>\u2014 Es usted hombre muy ocupado; si tiene tiempo libre \u00bfa qu\u00e9 lo dedica?<\/strong><\/p>\n<p>\u2014 Es poco el tiempo de que dispongo para pasatiempos, porque la Sectur demanda mucha atenci\u00f3n y tiene una din\u00e1mica vertiginosa, pero lo disfruto mucho estando con la familia, tambi\u00e9n practico el tenis, correr y andar en bicicleta. Me gustan mucho los conciertos de m\u00fasica cl\u00e1sica. En todo eso aprovecho el escaso tiempo libre.<\/p>\n<p><strong>\u00a0<\/strong><\/p>\n<p><strong>Enrique de la Madrid<\/strong> no es supersticioso, su signo del Zodiaco es Libra. Su color favorito es el azul y le gustan las corbatas estampadas. No sigue las tendencias de la moda y viste de acuerdo a su gusto. Pero es sensible.<\/p>\n<p><strong>&#8211; En vista de su sensibilidad, \u00bfpodemos atrevernos a preguntar qu\u00e9 opina del amor? <\/strong><\/p>\n<p>\u2014 Es uno de los sentimientos m\u00e1s nobles del ser humano y lo que nos mueve a hacer cosas en beneficio de los dem\u00e1s.<\/p>\n<p>Al preguntarle si cree que el amor a los seres humanos deber\u00eda ser punto de partida fundamental para gobernar a un pueblo, el titular de la Sectur respondi\u00f3 firme y r\u00e1pidamente: <strong>\u201cPor supuesto\u201d.<\/strong><\/p>\n<p>Para concluir, le preguntamos si a <strong>Enrique de la Madrid<\/strong> le gustar\u00eda ser Presidente de M\u00e9xico, y nos dio respuesta al margen del lugar com\u00fan: \u201cTodos quienes nos dedicamos al servicio p\u00fablico lo hacemos por vocaci\u00f3n de servir a nuestro pa\u00eds y,\u00a0 como los dem\u00e1s miembros del gabinete federal, es mi obligaci\u00f3n esforzarme por cumplir eficazmente mis responsabilidades y estar preparado para asumir cualquier encargo. En la medida que entreguemos buenos resultados podremos constituirnos en opci\u00f3n y ser considerados entre los que merecen dirigir al pa\u00eds, lo cual ser\u00eda gran honor para cualquiera de nosotros\u201d.<\/p>\n<p><em><a href=\"mailto:victoriagprado@gmail.com\" target=\"_blank\" rel=\"noopener noreferrer\">victoriagprado@gmail.com<\/a><\/em><br \/>\n<em> Twitter: <a href=\"https:\/\/twitter.com\/victoriagprado\" target=\"_blank\" rel=\"noopener noreferrer\">@victoriagprado<\/a><\/em><\/p>\n","protected":false},"excerpt":{"rendered":"<p>El turismo es uno de los tres mayores afluentes de divisas del pa\u00eds, sin exposici\u00f3n a la volubilidad del mercado y avances o retrocesos del sistema productivo nacional, pues depende \u00fanicamente de la innata vocaci\u00f3n de servicio de los millares de connacionales que lo atienden y lo mantienen al alza m\u00e1s que constante a pesar de los problemas sociopol\u00edticos y econ\u00f3micos que enfrentamos como naci\u00f3n.<\/p>\n","protected":false},"author":3,"featured_media":332971,"comment_status":"open","ping_status":"open","sticky":false,"template":"","format":"standard","meta":{"_monsterinsights_skip_tracking":false,"_monsterinsights_sitenote_active":false,"_monsterinsights_sitenote_note":"","_monsterinsights_sitenote_category":0,"footnotes":""},"categories":[11],"tags":[107,43674,43681,106],"class_list":["post-332896","post","type-post","status-publish","format-standard","has-post-thumbnail","hentry","category-turismo","tag-de-cinco-estrellas","tag-opinion","tag-turismo","tag-victoria-gonzalez-prado"],"_links":{"self":[{"href":"https:\/\/www.diarioimagen.net\/index.php?rest_route=\/wp\/v2\/posts\/332896","targetHints":{"allow":["GET"]}}],"collection":[{"href":"https:\/\/www.diarioimagen.net\/index.php?rest_route=\/wp\/v2\/posts"}],"about":[{"href":"https:\/\/www.diarioimagen.net\/index.php?rest_route=\/wp\/v2\/types\/post"}],"author":[{"embeddable":true,"href":"https:\/\/www.diarioimagen.net\/index.php?rest_route=\/wp\/v2\/users\/3"}],"replies":[{"embeddable":true,"href":"https:\/\/www.diarioimagen.net\/index.php?rest_route=%2Fwp%2Fv2%2Fcomments&post=332896"}],"version-history":[{"count":0,"href":"https:\/\/www.diarioimagen.net\/index.php?rest_route=\/wp\/v2\/posts\/332896\/revisions"}],"wp:featuredmedia":[{"embeddable":true,"href":"https:\/\/www.diarioimagen.net\/index.php?rest_route=\/wp\/v2\/media\/332971"}],"wp:attachment":[{"href":"https:\/\/www.diarioimagen.net\/index.php?rest_route=%2Fwp%2Fv2%2Fmedia&parent=332896"}],"wp:term":[{"taxonomy":"category","embeddable":true,"href":"https:\/\/www.diarioimagen.net\/index.php?rest_route=%2Fwp%2Fv2%2Fcategories&post=332896"},{"taxonomy":"post_tag","embeddable":true,"href":"https:\/\/www.diarioimagen.net\/index.php?rest_route=%2Fwp%2Fv2%2Ftags&post=332896"}],"curies":[{"name":"wp","href":"https:\/\/api.w.org\/{rel}","templated":true}]}}