{"id":333080,"date":"2017-07-03T00:09:36","date_gmt":"2017-07-03T05:09:36","guid":{"rendered":"http:\/\/www.diarioimagen.net\/?p=333080"},"modified":"2017-07-03T03:37:41","modified_gmt":"2017-07-03T08:37:41","slug":"entregan-en-tultepec-obras-de-pavimentacion-por-14-5-millones","status":"publish","type":"post","link":"https:\/\/www.diarioimagen.net\/?p=333080","title":{"rendered":"Entregan en Tultepec obras de pavimentaci\u00f3n por $14.5 millones"},"content":{"rendered":"<ul>\n<li><strong><em>En beneficio de m\u00e1s de 80 mil habitantes<\/em><\/strong><\/li>\n<\/ul>\n<p>&nbsp;<\/p>\n<div id=\"attachment_333162\" style=\"width: 470px\" class=\"wp-caption aligncenter\"><a href=\"http:\/\/www.diarioimagen.net\/?attachment_id=333162\" rel=\"attachment wp-att-333162\"><img loading=\"lazy\" decoding=\"async\" aria-describedby=\"caption-attachment-333162\" class=\"size-large wp-image-333162\" src=\"http:\/\/www.diarioimagen.net\/wp-content\/uploads\/2017\/07\/TULTEPEC-3154-460x259.jpg\" alt=\"\" width=\"460\" height=\"259\" srcset=\"https:\/\/www.diarioimagen.net\/wp-content\/uploads\/2017\/07\/TULTEPEC-3154-460x259.jpg 460w, https:\/\/www.diarioimagen.net\/wp-content\/uploads\/2017\/07\/TULTEPEC-3154-240x135.jpg 240w, https:\/\/www.diarioimagen.net\/wp-content\/uploads\/2017\/07\/TULTEPEC-3154-235x132.jpg 235w, https:\/\/www.diarioimagen.net\/wp-content\/uploads\/2017\/07\/TULTEPEC-3154-202x114.jpg 202w, https:\/\/www.diarioimagen.net\/wp-content\/uploads\/2017\/07\/TULTEPEC-3154-350x196.jpg 350w, https:\/\/www.diarioimagen.net\/wp-content\/uploads\/2017\/07\/TULTEPEC-3154-220x123.jpg 220w, https:\/\/www.diarioimagen.net\/wp-content\/uploads\/2017\/07\/TULTEPEC-3154-237x132.jpg 237w, https:\/\/www.diarioimagen.net\/wp-content\/uploads\/2017\/07\/TULTEPEC-3154.jpg 480w\" sizes=\"auto, (max-width: 460px) 100vw, 460px\" \/><\/a><p id=\"caption-attachment-333162\" class=\"wp-caption-text\">El gobierno de Armando Portuguez Fuentes llev\u00f3 a cabo la pavimentaci\u00f3n con concreto hidr\u00e1ulico de dos de las m\u00e1s importantes avenidas de la cabecera municipal.<\/p><\/div>\n<p>&nbsp;<\/p>\n<p><strong>Tultepec, Estado de M\u00e9xico<\/strong>.- Con una inversi\u00f3n superior a 14.5 millones de pesos, el gobierno que preside Armando Portuguez Fuentes llev\u00f3 a cabo la pavimentaci\u00f3n con concreto hidr\u00e1ulico y asf\u00e1ltico de\u00a0 dos de las m\u00e1s importantes avenidas que conectan la parte alta y norte del territorio con la cabecera municipal, en beneficio de m\u00e1s de 80 mil habitantes de 12 comunidades y de la regi\u00f3n.<\/p>\n<p>Acompa\u00f1ado por integrantes del Cabildo, la presidenta del DIF, directores, jefes de \u00e1rea de la administraci\u00f3n municipal y por cientos de vecinos beneficiarios de la obra, el alcalde recorri\u00f3 las avenidas Insurgentes y San Antonio, con m\u00fasica y cohetes, elementos cl\u00e1sicos en los d\u00edas de fiesta en Tultepec.<\/p>\n<p>\u201cCon trabajos como los que hoy entregamos, damos cuenta de parte de los compromisos realizados en campa\u00f1a, cumpliendo el objetivo que nos pusimos como meta, transformar a Tultepec en un mejor municipio, con obras que nos garanticen un mejor nivel de vida para todos\u201d, afirm\u00f3.<\/p>\n<p>El alcalde record\u00f3 que hace 20 a\u00f1os, cuando fue director de Obras P\u00fablicas, se han realizado obras con visi\u00f3n que han transformado a Tultepec en un municipio referente en la regi\u00f3n, como es el caso del drenaje profundo de aquel entonces, en el que se invirtieron cerca de 65 millones de pesos, lo que hoy evita inundaciones como se dan en municipios vecinos.<\/p>\n<p>Asju vez, \u00d3scar Ram\u00edrez Peralta, director de Obras P\u00fablicas, explic\u00f3 que en la avenida Insurgentes se incluy\u00f3 el cambio de drenaje, el cual ya resultaba insuficiente para desalojar en tiempo y forma las descargas de las calles que convergen en ella.<\/p>\n<p>Explic\u00f3 que los trabajos consistieron en una obra integral en la que tambi\u00e9n se construyeron guarniciones y banquetas faltantes, sustituyendo las que se encontraban en mal estado, adem\u00e1s de corregir el desperfecto de la altimetr\u00eda donde se anegaba el agua y se coloc\u00f3 alumbrado p\u00fablico con l\u00e1mparas Led.<\/p>\n<p>Precis\u00f3 que en esta importante avenida, se paviment\u00f3 una superficie de 6,110 m2, con concreto hidr\u00e1ulico de 20 cent\u00edmetros de espesor de alta resistencia, con una duraci\u00f3n aproximada de 25 a\u00f1os, para beneficio directo de los habitantes de La Ca\u00f1ada, El Mirador, Jardines de Santa Cruz, Lomas y Emiqu\u00eda, entre otras.<\/p>\n<p>Inform\u00f3, que se llev\u00f3 a cabo el reencarpetamiento de la avenida San Antonio, que va de la 11\u00aa Avenida a la calle Fresnos, en la que se invirtieron 8 millones 48 mil 681 pesos, en beneficio de 40 mil habitantes de las comunidades de Xahuento, San Marcos, Brisas, Amado Nervo, Lomas y Barrio de Guadalupe, entre otras.<\/p>\n<p>La obra consisti\u00f3 en el fresado de la superficie de rodamiento, incluyendo la renivelaci\u00f3n de brocales, rejillas y cajas de v\u00e1lvulas, a fin de ganar estructura de pavimento, en este caso, asfalto.<\/p>\n<p>El reencarpetamiento fue de m\u00e1s de 20 mil 500 m2 de 7 cent\u00edmetros de carpeta asf\u00e1ltica nueva en m\u00e1s de 1,700 metros lineales, donde se corrigieron fallas altim\u00e9tricas que presentaba la superficie de rodamiento, previendo con ello una vida \u00fatil en la vialidad, de aproximadamente 15 a\u00f1os.<\/p>\n","protected":false},"excerpt":{"rendered":"<p>Con una inversi\u00f3n superior a 14.5 millones de pesos, el gobierno que preside Armando Portuguez Fuentes llev\u00f3 a cabo la pavimentaci\u00f3n con concreto hidr\u00e1ulico y asf\u00e1ltico de  dos de las m\u00e1s importantes avenidas que conectan la parte alta y norte del territorio con la cabecera municipal, en beneficio de m\u00e1s de 80 mil habitantes de 12 comunidades y de la regi\u00f3n.<\/p>\n","protected":false},"author":3,"featured_media":333162,"comment_status":"open","ping_status":"open","sticky":false,"template":"","format":"standard","meta":{"_monsterinsights_skip_tracking":false,"_monsterinsights_sitenote_active":false,"_monsterinsights_sitenote_note":"","_monsterinsights_sitenote_category":0,"footnotes":""},"categories":[35155],"tags":[50574,43675,3802],"class_list":["post-333080","post","type-post","status-publish","format-standard","has-post-thumbnail","hentry","category-estado-de-mexico-estado-de-mexico","tag-armando-portuguez-fuentes","tag-estado-de-mexico","tag-tultepec"],"_links":{"self":[{"href":"https:\/\/www.diarioimagen.net\/index.php?rest_route=\/wp\/v2\/posts\/333080","targetHints":{"allow":["GET"]}}],"collection":[{"href":"https:\/\/www.diarioimagen.net\/index.php?rest_route=\/wp\/v2\/posts"}],"about":[{"href":"https:\/\/www.diarioimagen.net\/index.php?rest_route=\/wp\/v2\/types\/post"}],"author":[{"embeddable":true,"href":"https:\/\/www.diarioimagen.net\/index.php?rest_route=\/wp\/v2\/users\/3"}],"replies":[{"embeddable":true,"href":"https:\/\/www.diarioimagen.net\/index.php?rest_route=%2Fwp%2Fv2%2Fcomments&post=333080"}],"version-history":[{"count":0,"href":"https:\/\/www.diarioimagen.net\/index.php?rest_route=\/wp\/v2\/posts\/333080\/revisions"}],"wp:featuredmedia":[{"embeddable":true,"href":"https:\/\/www.diarioimagen.net\/index.php?rest_route=\/wp\/v2\/media\/333162"}],"wp:attachment":[{"href":"https:\/\/www.diarioimagen.net\/index.php?rest_route=%2Fwp%2Fv2%2Fmedia&parent=333080"}],"wp:term":[{"taxonomy":"category","embeddable":true,"href":"https:\/\/www.diarioimagen.net\/index.php?rest_route=%2Fwp%2Fv2%2Fcategories&post=333080"},{"taxonomy":"post_tag","embeddable":true,"href":"https:\/\/www.diarioimagen.net\/index.php?rest_route=%2Fwp%2Fv2%2Ftags&post=333080"}],"curies":[{"name":"wp","href":"https:\/\/api.w.org\/{rel}","templated":true}]}}