{"id":333128,"date":"2017-07-03T00:09:46","date_gmt":"2017-07-03T05:09:46","guid":{"rendered":"http:\/\/www.diarioimagen.net\/?p=333128"},"modified":"2017-07-04T01:05:21","modified_gmt":"2017-07-04T06:05:21","slug":"primero-el-proyecto","status":"publish","type":"post","link":"https:\/\/www.diarioimagen.net\/?p=333128","title":{"rendered":"Primero el proyecto"},"content":{"rendered":"<h2>De frente y de perfil<\/h2>\n<h5>Ram\u00f3n Zurita Sahag\u00fan<\/h5>\n<p>&nbsp;<\/p>\n<div id=\"attachment_333188\" style=\"width: 470px\" class=\"wp-caption aligncenter\"><a href=\"http:\/\/www.diarioimagen.net\/?attachment_id=333188\" rel=\"attachment wp-att-333188\"><img loading=\"lazy\" decoding=\"async\" aria-describedby=\"caption-attachment-333188\" class=\"wp-image-333188 size-large\" src=\"http:\/\/www.diarioimagen.net\/wp-content\/uploads\/2017\/07\/zurita-3154-460x259.jpg\" alt=\"\" width=\"460\" height=\"259\" srcset=\"https:\/\/www.diarioimagen.net\/wp-content\/uploads\/2017\/07\/zurita-3154-460x259.jpg 460w, https:\/\/www.diarioimagen.net\/wp-content\/uploads\/2017\/07\/zurita-3154-240x135.jpg 240w, https:\/\/www.diarioimagen.net\/wp-content\/uploads\/2017\/07\/zurita-3154-235x132.jpg 235w, https:\/\/www.diarioimagen.net\/wp-content\/uploads\/2017\/07\/zurita-3154-202x114.jpg 202w, https:\/\/www.diarioimagen.net\/wp-content\/uploads\/2017\/07\/zurita-3154-350x196.jpg 350w, https:\/\/www.diarioimagen.net\/wp-content\/uploads\/2017\/07\/zurita-3154-220x123.jpg 220w, https:\/\/www.diarioimagen.net\/wp-content\/uploads\/2017\/07\/zurita-3154-237x132.jpg 237w, https:\/\/www.diarioimagen.net\/wp-content\/uploads\/2017\/07\/zurita-3154.jpg 480w\" sizes=\"auto, (max-width: 460px) 100vw, 460px\" \/><\/a><p id=\"caption-attachment-333188\" class=\"wp-caption-text\">Miguel \u00c1ngel Mancera Espinosa tiene preparada su propia jugada, en la que no descarta la posibilidad de ir por la candidatura independiente.<\/p><\/div>\n<p>&nbsp;<\/p>\n<p>Todos dicen lo mismo, primero el proyecto, aunque la realidad los alcanza y al momento de definici\u00f3n, el proyecto es secundario, primero el hombre que los abanderar\u00e1.<\/p>\n<p>Los partidos pol\u00edticos caen en el juego de siempre, vender ilusiones a los ciudadanos, con tal de alcanzar su fin, el poder por el poder mismo.<\/p>\n<p>Ninguno de ellos act\u00faa con la verdad, se re\u00fanen unos y otros, desarrollan estrategias conjuntas e individuales, lanzan proclamas, pero ninguno ceja en sus intenciones, las de ser los protagonistas, solos o acompa\u00f1ados.<\/p>\n<p>Los pri\u00edstas se escudan en la mentira de siempre, no son tiempos para que sus aspirantes se declaren como tales, primero el proyecto y despu\u00e9s el hombre, frase c\u00e9lebre que hundi\u00f3 a la figura de Jes\u00fas Reyes Heroles, exhibido y dejado en rid\u00edculo, al actuar su partido en forma contraria.<\/p>\n<p>En el PRD y PAN analizan la conveniencia de formar un frente amplio opositor, donde converjan todas las corrientes que quieran adherirse, siempre en plan secundario, dejando en claro que primero es el programa y despu\u00e9s el candidato.<\/p>\n<p>Los del Partido Verde ya anunciaron que analizan la posibilidad de sumarse al frente opositor, aunque ellos son siempre visionarios y se suman al ganador como fue en el a\u00f1o 2000 con Vicente Fox y en 2012 con Enrique Pe\u00f1a Nieto, sin importar la ideolog\u00eda que profesen esos partidos.<\/p>\n<p>Encuentro Social, Nueva Alianza y Movimiento Ciudadano, prefieren observar y sumarse o ir solos, de acuerdo a lo que ofrezcan a cambio los partidos importantes.<\/p>\n<p>Morena ni siquiera considera el hecho, ya que ellos tienen bien definido al candidato y su proyecto de gobierno, desde hace alg\u00fan tiempo, aunque buscan consolidaci\u00f3n con sus aliados, a los que invitan a sumarse a su esquema.<\/p>\n<p>Empero, en este mercado de ofertas y demandas en que se convirti\u00f3 la pol\u00edtica mexicana, todos contin\u00faan trabajando de acuerdo a sus planes personales, al margen de lo que los dirigentes nacionales del PAN, Ricardo Anaya Cort\u00e9s y del PRD, Alejandra Barrales Magdaleno decidan.<\/p>\n<p>Incluso ellos mismos lo hacen, Anaya Cort\u00e9s indefinido sobre si va por la candidatura presidencial de su partido o sigue en el cargo o sigue negociando la creaci\u00f3n del frente opositor, en que pretende ser el abanderado del mismo y si no puede conformarse con serlo de Acci\u00f3n Nacional.<\/p>\n<p>Barrales Magdaleno, busca, a su vez, la candidatura que se le neg\u00f3 hace seis a\u00f1os, la de competir por el gobierno de la ahora Ciudad de M\u00e9xico, situaci\u00f3n dif\u00edcil, ya que en el PRD existe una amplia lista que encabeza H\u00e9ctor Serrano y siguen muchos m\u00e1s, de acuerdo a lo que decida el alica\u00eddo Miguel \u00c1ngel Mancera, otros aspirante a la consolidaci\u00f3n del frente opositor, pero que no juega todas sus canicas en esa ilusi\u00f3n.<\/p>\n<p>Mancera Espinosa tiene preparada su propia jugada, en la que no descarta la posibilidad de ir por la candidatura independiente, coordinada por H\u00e9ctor Serrano y otros operadores pol\u00edticos que est\u00e1n distribuidos a lo largo y ancho del pa\u00eds.<\/p>\n<p>Rafael Moreno Valle Rosas sigue en su transitar de presentar el libro m\u00e1s vendido en M\u00e9xico en d\u00e9cadas, con lo que seguramente su editor se est\u00e1 enriqueciendo y \u00e9l aprovechando para recorrer el pa\u00eds en su promoci\u00f3n personal de convertirse en candidato presidencial de Acci\u00f3n Nacional y en una de esas, hasta del frente opositor, si es que se consolida.<\/p>\n<p>Margarita Zavala G\u00f3mez del Campo, montada en su autob\u00fas morado y acompa\u00f1ada, en algunos tramos, de su esposo, el pol\u00e9mico Felipe Calder\u00f3n Hinojosa, recorre el pa\u00eds, estado por estado, buscando la candidatura presidencial de su partido y esperando no se realice la alianza de los opositores, que la dejar\u00eda fuera de cualquier posibilidad.<\/p>\n<p>El tr\u00edo de prospectos panistas que forman Ernesto Ruffo Appel, Luis Ernesto Derbez y Juan Carlos Romero Hicks, buscan espacio en los medios para dar a conocer sus planes de competir.<\/p>\n<p>Andr\u00e9s Manuel L\u00f3pez Obrador ni se diga, el contin\u00faa con su proyecto, buscando m\u00e1s aliados que se sumen alrededor de su figura, y esperando el fracaso del frente opositor, que sabe ser\u00eda su principal adversario en la contienda presidencial y le restar\u00eda aliados a su proyecto.<\/p>\n<p>Los pri\u00edstas definir\u00e1n despu\u00e9s de su asamblea el paso que dar\u00e1n, aunque tambi\u00e9n dar\u00e1 a conocer que primero el proyecto y despu\u00e9s el hombre, aunque ya dejar\u00e1n moverse un poco m\u00e1s a los que consideran podr\u00edan convertirse en el abanderado del partido tricolor a la Presidencia de la Rep\u00fablica.<\/p>\n<p>Claro que todo esto en el imaginario, ya que ser\u00e1 el presidente Enrique Pe\u00f1a Nieto el que defina el nombre del candidato de su partido, sin presiones de ning\u00fan tipo y muchos de esos \u201cpol\u00edticos de caf\u00e9\u201d, como fueron considerados lo que pretenden se abra la nominaci\u00f3n presidencial con una consulta.<\/p>\n<p>Graco Luis Ram\u00edrez Garrido y Silvano Aureoles Conejo, gobernadores de Morelos y Michoac\u00e1n, perredistas ambos, siguen con su esfuerzo est\u00e9ril de convertirse en el candidato del sol azteca.<\/p>\n<p>De los dem\u00e1s aspirantes poco se sabe y algunos de ellos hasta sin ganas de competir se quedaron.<\/p>\n<p>Manuel Velasco Coello, gobernador de Chiapas se qued\u00f3 muy rezagado y con \u00e9l los planes del Verde de contar con un candidato propio.<\/p>\n<p>El gobernador de Guanajuato, Miguel M\u00e1rquez M\u00e1rquez, ni se inmuta ante los destapes que de \u00e9l hace Vicente Fox Quesada.<\/p>\n<p>Los independientes como Pedro Ferriz de Con, Emilio \u00c1lvarez Icaza, Armando R\u00edos Piter, Gerardo Fern\u00e1ndez Noro\u00f1a y otros m\u00e1s trabajan en las sombras, para que nadie se entere de sus planes. Jaime Rodr\u00edguez Calder\u00f3n va de esc\u00e1ndalo en esc\u00e1ndalo y nadie lo toma en serio.<\/p>\n<p>Con este panorama, vale preguntar \u00bfse consolidar\u00e1 el proyecto del frente opositor y de hacerlo, aguantar\u00e1n primero el programa y despu\u00e9s el hombre?<\/p>\n<p><em><a href=\"mailto:ramonzurita44@hotmail.com\" target=\"_blank\" rel=\"noopener noreferrer\">ramonzurita44@hotmail.com<\/a><\/em><\/p>\n","protected":false},"excerpt":{"rendered":"<p><span style=\"color: #005497;\"><strong>Ram\u00f3n Zurita Sahag\u00fan<\/strong><\/span><br \/>\n<br \/>\nTodos dicen lo mismo, primero el proyecto, aunque la realidad los alcanza y al momento de definici\u00f3n, el proyecto es secundario, primero el hombre que los abanderar\u00e1.<\/p>\n","protected":false},"author":3,"featured_media":333188,"comment_status":"open","ping_status":"open","sticky":false,"template":"","format":"standard","meta":{"_monsterinsights_skip_tracking":false,"_monsterinsights_sitenote_active":false,"_monsterinsights_sitenote_note":"","_monsterinsights_sitenote_category":0,"footnotes":""},"categories":[234],"tags":[304,43674,43687],"class_list":["post-333128","post","type-post","status-publish","format-standard","has-post-thumbnail","hentry","category-ramon-zurita-sahagun","tag-de-frente-y-de-perfil","tag-opinion","tag-ramon-zurita-sahagun"],"_links":{"self":[{"href":"https:\/\/www.diarioimagen.net\/index.php?rest_route=\/wp\/v2\/posts\/333128","targetHints":{"allow":["GET"]}}],"collection":[{"href":"https:\/\/www.diarioimagen.net\/index.php?rest_route=\/wp\/v2\/posts"}],"about":[{"href":"https:\/\/www.diarioimagen.net\/index.php?rest_route=\/wp\/v2\/types\/post"}],"author":[{"embeddable":true,"href":"https:\/\/www.diarioimagen.net\/index.php?rest_route=\/wp\/v2\/users\/3"}],"replies":[{"embeddable":true,"href":"https:\/\/www.diarioimagen.net\/index.php?rest_route=%2Fwp%2Fv2%2Fcomments&post=333128"}],"version-history":[{"count":0,"href":"https:\/\/www.diarioimagen.net\/index.php?rest_route=\/wp\/v2\/posts\/333128\/revisions"}],"wp:featuredmedia":[{"embeddable":true,"href":"https:\/\/www.diarioimagen.net\/index.php?rest_route=\/wp\/v2\/media\/333188"}],"wp:attachment":[{"href":"https:\/\/www.diarioimagen.net\/index.php?rest_route=%2Fwp%2Fv2%2Fmedia&parent=333128"}],"wp:term":[{"taxonomy":"category","embeddable":true,"href":"https:\/\/www.diarioimagen.net\/index.php?rest_route=%2Fwp%2Fv2%2Fcategories&post=333128"},{"taxonomy":"post_tag","embeddable":true,"href":"https:\/\/www.diarioimagen.net\/index.php?rest_route=%2Fwp%2Fv2%2Ftags&post=333128"}],"curies":[{"name":"wp","href":"https:\/\/api.w.org\/{rel}","templated":true}]}}