{"id":333213,"date":"2017-07-04T00:12:01","date_gmt":"2017-07-04T05:12:01","guid":{"rendered":"http:\/\/www.diarioimagen.net\/?p=333213"},"modified":"2017-07-04T00:22:11","modified_gmt":"2017-07-04T05:22:11","slug":"juez-admite-demanda-colectiva-contra-volaris","status":"publish","type":"post","link":"https:\/\/www.diarioimagen.net\/?p=333213","title":{"rendered":"Juez admite demanda colectiva contra Volaris"},"content":{"rendered":"<ul>\n<li><em><strong>Por m\u00faltiples quejas de usuarios<\/strong><\/em><\/li>\n<\/ul>\n<p>&nbsp;<\/p>\n<div id=\"attachment_333214\" style=\"width: 470px\" class=\"wp-caption aligncenter\"><img loading=\"lazy\" decoding=\"async\" aria-describedby=\"caption-attachment-333214\" class=\"wp-image-333214 size-large\" src=\"http:\/\/www.diarioimagen.net\/wp-content\/uploads\/2017\/07\/VOLARIS4-portal-460x268.jpg\" alt=\"\" width=\"460\" height=\"268\" srcset=\"https:\/\/www.diarioimagen.net\/wp-content\/uploads\/2017\/07\/VOLARIS4-portal-460x268.jpg 460w, https:\/\/www.diarioimagen.net\/wp-content\/uploads\/2017\/07\/VOLARIS4-portal-240x140.jpg 240w, https:\/\/www.diarioimagen.net\/wp-content\/uploads\/2017\/07\/VOLARIS4-portal.jpg 480w\" sizes=\"auto, (max-width: 460px) 100vw, 460px\" \/><p id=\"caption-attachment-333214\" class=\"wp-caption-text\">Volaris deber\u00e1 enfrentar una demanda colectiva que present\u00f3 la Profeco en su contra por las m\u00faltiples quejas de usuarios.<\/p><\/div>\n<p>&nbsp;<\/p>\n<p>La Procuradur\u00eda Federal del Consumidor (Profeco) encabeza una demanda de acci\u00f3n colectiva en contra de la aerol\u00ednea Volaris, derivada de m\u00faltiples quejas recibidas en contra de la empresa, la cual fue admitida para tr\u00e1mite el pasado 23 de junio por el Juzgado Quinto de Distrito en Materia Civil de la Ciudad de M\u00e9xico.<\/p>\n<p>La Profeco explic\u00f3 que los motivos que fundamentaron la demanda fueron las quejas por demoras reiteradas, cobros indebidos y sin justificaci\u00f3n en conceptos como asientos, cambio de itinerario y dimensiones del equipaje de mano.<\/p>\n<p>De igual forma, cambio de horarios en itinerarios de vuelos nacionales e internacionales sin ninguna indemnizaci\u00f3n para los afectados, penalizaciones desproporcionadas en contra del pasajero y p\u00e9rdida de equipaje sin que la empresa asuma su responsabilidad.<\/p>\n<p>El organismo refiri\u00f3 que en cumplimiento con las facultades que le concede la Ley Federal de Protecci\u00f3n al Consumidor asumi\u00f3 la representaci\u00f3n de este grupo de usuarios.<\/p>\n<p>La procuradur\u00eda hizo un llamado a que los pasajeros que hayan sido afectados por estos mismos hechos acudan ante la Direcci\u00f3n General de Acciones de Grupo de la instituci\u00f3n para que se sumen a esta demanda.<\/p>\n<p>El procurador del Consumidor, Rafael Ochoa Morales, destac\u00f3 que en el contexto de la entrada en vigor de nuevas disposiciones en la materia, las aerol\u00edneas est\u00e1n obligadas a informar a los consumidores los t\u00e9rminos, condiciones, pol\u00edticas de compensaci\u00f3n y listados de sus derechos al comprar un boleto.<\/p>\n<p>Asimismo, destac\u00f3 que estas nuevas reglas brindan un marco de mayor certidumbre a los usuarios del transporte a\u00e9reo, por lo que la Profeco velar\u00e1 por su cumplimiento.<\/p>\n<p>&nbsp;<\/p>\n<p>&nbsp;<\/p>\n","protected":false},"excerpt":{"rendered":"<p>La Procuradur\u00eda Federal del Consumidor (Profeco) encabeza una demanda colectiva en contra de Volaris, derivada de m\u00faltiples quejas recibidas en contra de la aerol\u00ednea, la cual fue admitida para tr\u00e1mite el pasado 23 de junio por el Juzgado Quinto de Distrito en Materia Civil de la Ciudad de M\u00e9xico.<\/p>\n","protected":false},"author":5,"featured_media":333214,"comment_status":"open","ping_status":"open","sticky":false,"template":"","format":"standard","meta":{"_monsterinsights_skip_tracking":false,"_monsterinsights_sitenote_active":false,"_monsterinsights_sitenote_note":"","_monsterinsights_sitenote_category":0,"footnotes":""},"categories":[3],"tags":[356,27069,43677,5516],"class_list":["post-333213","post","type-post","status-publish","format-standard","has-post-thumbnail","hentry","category-nacional","tag-profeco","tag-quejas","tag-seguridad","tag-volaris"],"_links":{"self":[{"href":"https:\/\/www.diarioimagen.net\/index.php?rest_route=\/wp\/v2\/posts\/333213","targetHints":{"allow":["GET"]}}],"collection":[{"href":"https:\/\/www.diarioimagen.net\/index.php?rest_route=\/wp\/v2\/posts"}],"about":[{"href":"https:\/\/www.diarioimagen.net\/index.php?rest_route=\/wp\/v2\/types\/post"}],"author":[{"embeddable":true,"href":"https:\/\/www.diarioimagen.net\/index.php?rest_route=\/wp\/v2\/users\/5"}],"replies":[{"embeddable":true,"href":"https:\/\/www.diarioimagen.net\/index.php?rest_route=%2Fwp%2Fv2%2Fcomments&post=333213"}],"version-history":[{"count":0,"href":"https:\/\/www.diarioimagen.net\/index.php?rest_route=\/wp\/v2\/posts\/333213\/revisions"}],"wp:featuredmedia":[{"embeddable":true,"href":"https:\/\/www.diarioimagen.net\/index.php?rest_route=\/wp\/v2\/media\/333214"}],"wp:attachment":[{"href":"https:\/\/www.diarioimagen.net\/index.php?rest_route=%2Fwp%2Fv2%2Fmedia&parent=333213"}],"wp:term":[{"taxonomy":"category","embeddable":true,"href":"https:\/\/www.diarioimagen.net\/index.php?rest_route=%2Fwp%2Fv2%2Fcategories&post=333213"},{"taxonomy":"post_tag","embeddable":true,"href":"https:\/\/www.diarioimagen.net\/index.php?rest_route=%2Fwp%2Fv2%2Ftags&post=333213"}],"curies":[{"name":"wp","href":"https:\/\/api.w.org\/{rel}","templated":true}]}}