{"id":333260,"date":"2017-07-04T00:09:09","date_gmt":"2017-07-04T05:09:09","guid":{"rendered":"http:\/\/www.diarioimagen.net\/?p=333260"},"modified":"2017-07-04T23:05:55","modified_gmt":"2017-07-05T04:05:55","slug":"refrenda-maria-irene-dipp-de-avila-compromiso-con-los-infantes","status":"publish","type":"post","link":"https:\/\/www.diarioimagen.net\/?p=333260","title":{"rendered":"Refrenda Mar\u00eda Irene Dipp de \u00c1vila compromiso con los infantes"},"content":{"rendered":"<ul>\n<li><strong><em>Convivi\u00f3 con alrededor de 200 ni\u00f1as, ni\u00f1os y adolescentes<\/em><\/strong><\/li>\n<\/ul>\n<p>&nbsp;<\/p>\n<div id=\"attachment_333414\" style=\"width: 470px\" class=\"wp-caption aligncenter\"><a href=\"http:\/\/www.diarioimagen.net\/?attachment_id=333414\" rel=\"attachment wp-att-333414\"><img loading=\"lazy\" decoding=\"async\" aria-describedby=\"caption-attachment-333414\" class=\"size-large wp-image-333414\" src=\"http:\/\/www.diarioimagen.net\/wp-content\/uploads\/2017\/07\/DIFEM-3155-460x259.jpg\" alt=\"\" width=\"460\" height=\"259\" srcset=\"https:\/\/www.diarioimagen.net\/wp-content\/uploads\/2017\/07\/DIFEM-3155-460x259.jpg 460w, https:\/\/www.diarioimagen.net\/wp-content\/uploads\/2017\/07\/DIFEM-3155-240x135.jpg 240w, https:\/\/www.diarioimagen.net\/wp-content\/uploads\/2017\/07\/DIFEM-3155-235x132.jpg 235w, https:\/\/www.diarioimagen.net\/wp-content\/uploads\/2017\/07\/DIFEM-3155-202x114.jpg 202w, https:\/\/www.diarioimagen.net\/wp-content\/uploads\/2017\/07\/DIFEM-3155-350x196.jpg 350w, https:\/\/www.diarioimagen.net\/wp-content\/uploads\/2017\/07\/DIFEM-3155-220x123.jpg 220w, https:\/\/www.diarioimagen.net\/wp-content\/uploads\/2017\/07\/DIFEM-3155-237x132.jpg 237w, https:\/\/www.diarioimagen.net\/wp-content\/uploads\/2017\/07\/DIFEM-3155.jpg 480w\" sizes=\"auto, (max-width: 460px) 100vw, 460px\" \/><\/a><p id=\"caption-attachment-333414\" class=\"wp-caption-text\">Mar\u00eda Irena Dipp de \u00c1vila, presidenta honoraria del DIFEM, convivi\u00f3 con alrededor de 200 ni\u00f1as, ni\u00f1os y adolescentes.<\/p><\/div>\n<p>&nbsp;<\/p>\n<p><strong>Toluca, Estado de M\u00e9xico<\/strong>.- Con un trazo en un mural mexicano infantil, fue como Mar\u00eda Irene Dipp de \u00c1vila, presidenta honoraria del DIF Estado de M\u00e9xico, dej\u00f3 plasmada su huella al realizar su primera visita a los Centros de Asistencia Social del organismo, donde convivi\u00f3 con alrededor de 200 ni\u00f1as, ni\u00f1os y adolescentes, a quienes les refrend\u00f3 su compromiso por velar por su \u00f3ptimo y sano desarrollo.<\/p>\n<p>Acompa\u00f1ada por Carolina Alan\u00eds Moreno e Imelda L\u00f3pez Mart\u00ednez, directora general y directora de Servicios Jur\u00eddico Asistenciales del organismo, la presidenta honoraria del DIFEM recorri\u00f3 las instalaciones de tres de los cuatro albergues, el Temporal Infantil, el Temporal de Rehabilitaci\u00f3n Infantil y la Villa Hogar.<\/p>\n<p>\u201cMe da mucho gusto conocer tantas caritas lindas y saber que cuentan con instalaciones muy bonitas, limpias y con muchos servicios para que triunfen en la vida, as\u00ed es que los invito a que le echen muchas ganas al estudio y a tener mucho optimismo en sus proyectos\u201d, expres\u00f3.<\/p>\n<p>Durante este recorrido, Dipp de \u00c1vila tambi\u00e9n supervis\u00f3\u00a0 la reciente remodelaci\u00f3n de dormitorios, biblioteca, cuarto de televisi\u00f3n, \u00e1reas de trabajo social, psicolog\u00eda, medicina, y visit\u00f3 los nuevos proyectos como la Unidad B\u00e1sica de Rehabilitaci\u00f3n, sala de m\u00fasica, panader\u00eda, sal\u00f3n de tenis de mesa, la sala de recompensa y consecuencia, entre otros.<\/p>\n<p>\u201cPara m\u00ed es muy satisfactorio conocer estas instalaciones que son amplias, dignas y bien estructuradas para que tengan lo necesario para vivir en un entorno feliz y con oportunidades de desarrollo; sepan que cuentan con mi apoyo y con el del gobernador Eruviel \u00c1vila, que siempre trabaja por construir sonrisas\u201d, concluy\u00f3.<\/p>\n<p>En su oportunidad, Carolina Alanis, detall\u00f3 que el organismo est\u00e1 a la vanguardia en atenci\u00f3n a la ni\u00f1ez que est\u00e1 bajo la tutela del DIFEM, ya que cuenta con un Centro de Educaci\u00f3n a Distancia de la Universidad Digital y una telesecundaria; de igual forma, dijo, se cuenta dentro de las instalaciones con el Sistema Montessori, el cual se caracteriza por desarrollar independencia, libertad con l\u00edmites, respeta la psicolog\u00eda natural y el desarrollo f\u00edsico y social del ni\u00f1o.<\/p>\n<p>Alanis Moreno dijo que junto a las instalaciones de estos centros opera uno de los tres Ministerios P\u00fablicos Especializados en materia de guarda y custodia que funcionan en la entidad, lo cual permite agilizar la situaci\u00f3n jur\u00eddica de los menores de edad que quedan bajo tutela de la instituci\u00f3n.<\/p>\n","protected":false},"excerpt":{"rendered":"<p>Con un trazo en un mural mexicano infantil, fue como Mar\u00eda Irene Dipp de \u00c1vila, presidenta honoraria del DIF Estado de M\u00e9xico, dej\u00f3 plasmada su huella al realizar su primera visita a los Centros de Asistencia Social del organismo, donde convivi\u00f3 con alrededor de 200 ni\u00f1as, ni\u00f1os y adolescentes, a quienes les refrend\u00f3 su compromiso por velar por su \u00f3ptimo y sano desarrollo.<\/p>\n","protected":false},"author":3,"featured_media":333414,"comment_status":"open","ping_status":"open","sticky":false,"template":"","format":"standard","meta":{"_monsterinsights_skip_tracking":false,"_monsterinsights_sitenote_active":false,"_monsterinsights_sitenote_note":"","_monsterinsights_sitenote_category":0,"footnotes":""},"categories":[5],"tags":[2954,43675,62202,452],"class_list":["post-333260","post","type-post","status-publish","format-standard","has-post-thumbnail","hentry","category-estado-de-mexico","tag-dif","tag-estado-de-mexico","tag-maria-irene-dipp-de-avila","tag-toluca"],"_links":{"self":[{"href":"https:\/\/www.diarioimagen.net\/index.php?rest_route=\/wp\/v2\/posts\/333260","targetHints":{"allow":["GET"]}}],"collection":[{"href":"https:\/\/www.diarioimagen.net\/index.php?rest_route=\/wp\/v2\/posts"}],"about":[{"href":"https:\/\/www.diarioimagen.net\/index.php?rest_route=\/wp\/v2\/types\/post"}],"author":[{"embeddable":true,"href":"https:\/\/www.diarioimagen.net\/index.php?rest_route=\/wp\/v2\/users\/3"}],"replies":[{"embeddable":true,"href":"https:\/\/www.diarioimagen.net\/index.php?rest_route=%2Fwp%2Fv2%2Fcomments&post=333260"}],"version-history":[{"count":0,"href":"https:\/\/www.diarioimagen.net\/index.php?rest_route=\/wp\/v2\/posts\/333260\/revisions"}],"wp:featuredmedia":[{"embeddable":true,"href":"https:\/\/www.diarioimagen.net\/index.php?rest_route=\/wp\/v2\/media\/333414"}],"wp:attachment":[{"href":"https:\/\/www.diarioimagen.net\/index.php?rest_route=%2Fwp%2Fv2%2Fmedia&parent=333260"}],"wp:term":[{"taxonomy":"category","embeddable":true,"href":"https:\/\/www.diarioimagen.net\/index.php?rest_route=%2Fwp%2Fv2%2Fcategories&post=333260"},{"taxonomy":"post_tag","embeddable":true,"href":"https:\/\/www.diarioimagen.net\/index.php?rest_route=%2Fwp%2Fv2%2Ftags&post=333260"}],"curies":[{"name":"wp","href":"https:\/\/api.w.org\/{rel}","templated":true}]}}