{"id":333288,"date":"2017-07-04T00:08:54","date_gmt":"2017-07-04T05:08:54","guid":{"rendered":"http:\/\/www.diarioimagen.net\/?p=333288"},"modified":"2017-07-04T23:05:49","modified_gmt":"2017-07-05T04:05:49","slug":"ip-pide-redoblar-esfuerzos-para-mejorar-seguridad","status":"publish","type":"post","link":"https:\/\/www.diarioimagen.net\/?p=333288","title":{"rendered":"IP pide redoblar esfuerzos para mejorar seguridad"},"content":{"rendered":"<ul>\n<li><strong><em>Gobiernos deben asumir su responsabilidad<\/em><\/strong><\/li>\n<\/ul>\n<p>&nbsp;<\/p>\n<div id=\"attachment_333417\" style=\"width: 470px\" class=\"wp-caption aligncenter\"><a href=\"http:\/\/www.diarioimagen.net\/?attachment_id=333417\" rel=\"attachment wp-att-333417\"><img loading=\"lazy\" decoding=\"async\" aria-describedby=\"caption-attachment-333417\" class=\"size-large wp-image-333417\" src=\"http:\/\/www.diarioimagen.net\/wp-content\/uploads\/2017\/07\/COPARMEX-3155-460x259.jpg\" alt=\"\" width=\"460\" height=\"259\" srcset=\"https:\/\/www.diarioimagen.net\/wp-content\/uploads\/2017\/07\/COPARMEX-3155-460x259.jpg 460w, https:\/\/www.diarioimagen.net\/wp-content\/uploads\/2017\/07\/COPARMEX-3155-240x135.jpg 240w, https:\/\/www.diarioimagen.net\/wp-content\/uploads\/2017\/07\/COPARMEX-3155-235x132.jpg 235w, https:\/\/www.diarioimagen.net\/wp-content\/uploads\/2017\/07\/COPARMEX-3155-202x114.jpg 202w, https:\/\/www.diarioimagen.net\/wp-content\/uploads\/2017\/07\/COPARMEX-3155-350x196.jpg 350w, https:\/\/www.diarioimagen.net\/wp-content\/uploads\/2017\/07\/COPARMEX-3155-220x123.jpg 220w, https:\/\/www.diarioimagen.net\/wp-content\/uploads\/2017\/07\/COPARMEX-3155-237x132.jpg 237w, https:\/\/www.diarioimagen.net\/wp-content\/uploads\/2017\/07\/COPARMEX-3155.jpg 480w\" sizes=\"auto, (max-width: 460px) 100vw, 460px\" \/><\/a><p id=\"caption-attachment-333417\" class=\"wp-caption-text\">Gustavo de Hoyos, presidente de Coparmex, pidi\u00f3 a los gobiernos de los estados y municipios asumir su responsabilidad en combate al la delincuencia.<\/p><\/div>\n<p>&nbsp;<\/p>\n<p>El sector patronal exhort\u00f3 a las autoridades de los tres niveles de gobierno a que redoblen los esfuerzos para mejorar la seguridad personal y patrimonial en todo el pa\u00eds.<\/p>\n<p>En su mensaje semanal, el presidente de la Confederaci\u00f3n Patronal de la Rep\u00fablica Mexicana (Coparmex), Gustavo de Hoyos Walther, pidi\u00f3 a los gobiernos de los estados y municipios asumir su responsabilidad en el combate a la criminalidad.<\/p>\n<p>Del mismo modo, solicit\u00f3 al Congreso de la Uni\u00f3n sacar adelante los temas legislativos pendientes relacionados con el marco normativo, que permita apoyar a las autoridades federales a instrumentar mejores mecanismos de lucha contra la delincuencia.<\/p>\n<p>\u201cLa Coparmex reafirma su compromiso de trabajar y aportar propuestas que coadyuven a identificar los focos rojos en materia de seguridad, y a dise\u00f1ar nuevas formas de coordinaci\u00f3n eficaces para abatir los delitos que m\u00e1s afectan a la sociedad\u201d, apunt\u00f3.\u00a0 Ello, para alcanzar un verdadero bienestar, para retener inversiones y captar nuevos capitales, que permitan que M\u00e9xico financie proyectos productivos que permitan crear empleos de mayor calidad y mejor remunerados.<\/p>\n<p>Para lo cual, dijo, es preciso atender los temas estrat\u00e9gicos en el pa\u00eds, uno de los cuales sin duda es resolver y abatir el clima de inseguridad que se refleja en altos costos para las personas, las familias y las empresas\u201d.<\/p>\n<p>Por otra parte, coment\u00f3 que es impostergable que los gobernadores y los alcaldes asuman plenamente y cuanto antes la responsabilidad primaria en materia de seguridad para la protecci\u00f3n f\u00edsica y patrimonial de los ciudadanos.<\/p>\n<p>Lo anterior, tal como est\u00e1 previsto en los art\u00edculos 21 y 115 de la Constituci\u00f3n, donde se describe con plenitud el nivel de facultades por orden de gobierno en materia de seguridad.<\/p>\n<p>Asimismo, dijo que ir\u00e1n al Congreso de la Uni\u00f3n para demandar que en el periodo ordinario de sesiones, que iniciar\u00e1 el 1 de septiembre, se discuta y analice el marco normativo para la Fiscal\u00eda General de la Rep\u00fablica.<\/p>\n<p>Tambi\u00e9n, para que se revise cuanto antes el marco legal de actuaci\u00f3n de las Fuerzas Armadas en la estrategia que nos permita abatir los \u00edndices altos de criminalidad.<\/p>\n<p>El dirigente patronal indic\u00f3 que de la misma manera, demandan que se retome la discusi\u00f3n de la Ley de Seguridad P\u00fablica que contempla el mando mixto para coordinar los diferentes cuerpos policiacos.<\/p>\n<p>Refiri\u00f3 que ya fue aprobada una minuta en esta materia desde el mes de noviembre 2016 en la C\u00e1mara de Senadores, pero sigue siendo pospuesta su dictaminaci\u00f3n en la C\u00e1mara de Diputados.<\/p>\n<p>\u201cEn tanto se resuelve el marco normativo y se revise el dise\u00f1o institucional de los cuerpos y corporaciones de seguridad, el sector patronal reclama que la Procuradur\u00eda General de la Rep\u00fablica y cada una de las procuradur\u00edas de los estados intensifiquen su trabajo\u201d.<\/p>\n<p>Gustavo de Hoyos consider\u00f3 urgente que se actualicen tambi\u00e9n los c\u00f3digos penales para que haya una revisi\u00f3n exhaustiva de la tipificaci\u00f3n de los delitos, y sobre todo una correcta instrumentaci\u00f3n a efecto de que criminales no vuelvan a las calles pr\u00e1cticamente de forma inmediata, debido a la clasificaci\u00f3n de los delitos que se les imputan.<\/p>\n","protected":false},"excerpt":{"rendered":"<p>El sector patronal exhort\u00f3 a las autoridades de los tres niveles de gobierno a que redoblen los esfuerzos para mejorar la seguridad personal y patrimonial en todo el pa\u00eds.<\/p>\n","protected":false},"author":3,"featured_media":333417,"comment_status":"open","ping_status":"open","sticky":false,"template":"","format":"standard","meta":{"_monsterinsights_skip_tracking":false,"_monsterinsights_sitenote_active":false,"_monsterinsights_sitenote_note":"","_monsterinsights_sitenote_category":0,"footnotes":""},"categories":[3],"tags":[3768,308,13609,39541,43677],"class_list":["post-333288","post","type-post","status-publish","format-standard","has-post-thumbnail","hentry","category-nacional","tag-confederacion-patronal-de-la-republica-mexicana","tag-coparmex","tag-ip","tag-mejorar","tag-seguridad"],"_links":{"self":[{"href":"https:\/\/www.diarioimagen.net\/index.php?rest_route=\/wp\/v2\/posts\/333288","targetHints":{"allow":["GET"]}}],"collection":[{"href":"https:\/\/www.diarioimagen.net\/index.php?rest_route=\/wp\/v2\/posts"}],"about":[{"href":"https:\/\/www.diarioimagen.net\/index.php?rest_route=\/wp\/v2\/types\/post"}],"author":[{"embeddable":true,"href":"https:\/\/www.diarioimagen.net\/index.php?rest_route=\/wp\/v2\/users\/3"}],"replies":[{"embeddable":true,"href":"https:\/\/www.diarioimagen.net\/index.php?rest_route=%2Fwp%2Fv2%2Fcomments&post=333288"}],"version-history":[{"count":0,"href":"https:\/\/www.diarioimagen.net\/index.php?rest_route=\/wp\/v2\/posts\/333288\/revisions"}],"wp:featuredmedia":[{"embeddable":true,"href":"https:\/\/www.diarioimagen.net\/index.php?rest_route=\/wp\/v2\/media\/333417"}],"wp:attachment":[{"href":"https:\/\/www.diarioimagen.net\/index.php?rest_route=%2Fwp%2Fv2%2Fmedia&parent=333288"}],"wp:term":[{"taxonomy":"category","embeddable":true,"href":"https:\/\/www.diarioimagen.net\/index.php?rest_route=%2Fwp%2Fv2%2Fcategories&post=333288"},{"taxonomy":"post_tag","embeddable":true,"href":"https:\/\/www.diarioimagen.net\/index.php?rest_route=%2Fwp%2Fv2%2Ftags&post=333288"}],"curies":[{"name":"wp","href":"https:\/\/api.w.org\/{rel}","templated":true}]}}