{"id":333292,"date":"2017-07-04T00:01:25","date_gmt":"2017-07-04T05:01:25","guid":{"rendered":"http:\/\/www.diarioimagen.net\/?p=333292"},"modified":"2017-07-04T02:47:44","modified_gmt":"2017-07-04T07:47:44","slug":"hugo-burgos-garcia-inauguro-el-primer-encuentro-regional-de-pueblos-magicos-en-el-marco-del-377-aniversario-de-la-fundacion-de-cadereyta","status":"publish","type":"post","link":"https:\/\/www.diarioimagen.net\/?p=333292","title":{"rendered":"Hugo Burgos Garc\u00eda inaugur\u00f3 el Primer Encuentro Regional de Pueblos M\u00e1gicos, en el marco del 377 aniversario de la Fundaci\u00f3n de Cadereyta"},"content":{"rendered":"<h2>De cinco estrellas<\/h2>\n<h5>Victoria Gonz\u00e1lez Prado<\/h5>\n<p>&nbsp;<\/p>\n<ul>\n<li><em><strong>Para ampliar su enfoque de viajes de negocios con nuevas ofertas, <\/strong><\/em><strong>Choice Hotels International<\/strong><em><strong> anunci\u00f3 su plataforma \u201cWe mean Business\u201d<\/strong><\/em><\/li>\n<li><em><strong>Con un presupuesto de 8 millones de euros, el actor Robert de Niro y el chef Nobu Matsushisha abrieron el primer hotel Nobu en Ibiza, Espa\u00f1a<\/strong><\/em><\/li>\n<\/ul>\n<p>&nbsp;<\/p>\n<div id=\"attachment_333378\" style=\"width: 470px\" class=\"wp-caption aligncenter\"><a href=\"http:\/\/www.diarioimagen.net\/?attachment_id=333378\" rel=\"attachment wp-att-333378\"><img loading=\"lazy\" decoding=\"async\" aria-describedby=\"caption-attachment-333378\" class=\"size-large wp-image-333378\" src=\"http:\/\/www.diarioimagen.net\/wp-content\/uploads\/2017\/07\/CINCO-ESTRELLAS-3155-460x259.jpg\" alt=\"\" width=\"460\" height=\"259\" srcset=\"https:\/\/www.diarioimagen.net\/wp-content\/uploads\/2017\/07\/CINCO-ESTRELLAS-3155-460x259.jpg 460w, https:\/\/www.diarioimagen.net\/wp-content\/uploads\/2017\/07\/CINCO-ESTRELLAS-3155-240x135.jpg 240w, https:\/\/www.diarioimagen.net\/wp-content\/uploads\/2017\/07\/CINCO-ESTRELLAS-3155-235x132.jpg 235w, https:\/\/www.diarioimagen.net\/wp-content\/uploads\/2017\/07\/CINCO-ESTRELLAS-3155-202x114.jpg 202w, https:\/\/www.diarioimagen.net\/wp-content\/uploads\/2017\/07\/CINCO-ESTRELLAS-3155-350x196.jpg 350w, https:\/\/www.diarioimagen.net\/wp-content\/uploads\/2017\/07\/CINCO-ESTRELLAS-3155-220x123.jpg 220w, https:\/\/www.diarioimagen.net\/wp-content\/uploads\/2017\/07\/CINCO-ESTRELLAS-3155-237x132.jpg 237w, https:\/\/www.diarioimagen.net\/wp-content\/uploads\/2017\/07\/CINCO-ESTRELLAS-3155.jpg 480w\" sizes=\"auto, (max-width: 460px) 100vw, 460px\" \/><\/a><p id=\"caption-attachment-333378\" class=\"wp-caption-text\">En la inauguraci\u00f3n del Primer Encuentro Regional de Pueblos M\u00e1gicos.<\/p><\/div>\n<p>&nbsp;<\/p>\n<p>Con la participaci\u00f3n de 14 Pueblos M\u00e1gicos de los estados de Quer\u00e9taro, Guanajuato, Hidalgo y San Luis Potos\u00ed, el secretario de Turismo de Quer\u00e9taro, <strong>Hugo Burgos Garc\u00eda<\/strong>, con la representaci\u00f3n del gobernador, <strong>Francisco Dom\u00ednguez Servi\u00e9n<\/strong>, encabez\u00f3 la ceremonia de inauguraci\u00f3n del Primer Encuentro Regional de Pueblos M\u00e1gicos, que se realiza en el marco de las celebraciones del 377 Aniversario de la Fundaci\u00f3n de Cadereyta.<\/p>\n<p>Durante el acto inaugural, <strong>Burgos Garc\u00eda<\/strong>, record\u00f3 que los estados del centro del pa\u00eds tienen en su cultura el principal elemento diferenciador respecto a los destinos de playa.<\/p>\n<p>\u201cEs preponderante, por tanto, que los destinos del interior y sobre todo en el centro del pa\u00eds, unamos esfuerzos, ofrezcamos rutas tur\u00edsticas regionales e integradoras, y consolidemos productos tur\u00edsticos para nuestros visitantes nacionales y extranjeros\u201d.<\/p>\n<p>Recalc\u00f3 que los Pueblos M\u00e1gicos, por su desarrollo tur\u00edstico, representan una punta de lanza para crear corredores tur\u00edsticos que beneficien a regiones enteras.<\/p>\n<p>El Encuentro Regional de Pueblos M\u00e1gicos se llev\u00f3 a cabo el fin de semana pasado en la Plaza Principal de la cabecera municipal de Cadereyta, con exposiciones de<strong> l<\/strong>os atractivos tur\u00edsticos, servicios, artesan\u00eda y la gastronom\u00eda de los Pueblos M\u00e1gicos de Jalpan, San Joaqu\u00edn, Bernal, Tequisquiapan, Tecozautla, Huichapan, Huasca de Ocampo, Mineral del Chico, Real del Monte, Dolores Hidalgo, Mineral de Pozos, Yuriria, Salvatierra y Xilitla, adem\u00e1s de contar con la presencia de los municipios invitados de Amealco, Col\u00f3n y Corregidora. <strong>\u00a0<\/strong><\/p>\n<p>Durante esos tres d\u00edas, se realiz\u00f3 un amplio programa de actividades culturales y art\u00edsticas en la Plaza Principal de Cadereyta, lugar que reuni\u00f2 alrededor de 6 mil personas.<\/p>\n<p>En el evento estuvieron el presidente municipal de Cadereyta, <strong>Le\u00f3n Enrique Bola\u00f1o Mendoza;<\/strong> la senadora, <strong>Sonia Rocha Acosta <\/strong>y autoridades municipales de los Pueblos M\u00e1gicos participantes.<\/p>\n<p>\u2730\u2730\u2730\u2730\u2730 Con la intenci\u00f3n de ampliar su enfoque en el segmento de viajes de negocios con nuevas ofertas atractivas, <em>Choice Hotels International <\/em>anunci\u00f3 su plataforma \u201c<em>We mean Business<\/em>\u201d, lo que significa un compromiso de asociarse con <em>Travel Managers<\/em> corporativos y demostrar servicios ampliados para viajeros de negocios.<\/p>\n<p>La compa\u00f1\u00eca hotelera ha fortalecido el manejo de su programa de viajes, al ayudar a los clientes corporativos a mejorar los presupuestos de viaje y mantener a los viajeros felices, mediante la apertura de nuevas propiedades de lujo, como <em>Cambria Hotels<\/em> y <em>Ascend Hotel Collection,<\/em> que ofrecen experiencias adaptadas a las necesidades del viajero de negocios moderno, al tiempo que permite a las organizaciones controlar los costos de viaje.<\/p>\n<p>Transformar las marcas de <em>high scale<\/em> y <em>middle scale<\/em> como <em>Comfort Inn, Comfort Suites <\/em>y <em>Sleep Inn<\/em>, ayudando a asegurar que los <em>Travel Managers<\/em> corporativos est\u00e1n recomendando los mejores productos a los viajeros de negocios.<\/p>\n<p>Ampliaci\u00f3n a casi todos los principales mercados de negocios con 6,500 hoteles en todo el mundo. Los <em>Travel Manager<\/em> pueden sentirse seguros de que la marca puede ofrecer hospedaje en cualquier lugar.<\/p>\n<p>Ofrecer programas de tarifas preferenciales que pueden minimizar los costos totales de viaje de una organizaci\u00f3n. Proporcionar contactos corporativos dedicados que se asocien en la gesti\u00f3n de programas de viajes de negocios.<\/p>\n<p>Entrega de servicios esenciales, incluyendo desayuno, Wi-Fi de alta velocidad, estacionamiento y gimnasio. Ofrecer el beneficio exclusivo de <em>Your Extras<\/em> como parte del premiado programa de lealtad <em>Choice Privileges, <\/em>pensado y dise\u00f1ado para el viajero corporativo, <em>Your Extra. <\/em><\/p>\n<p>La cadena hotelera mostrar\u00e1 su enfoque en la Gesti\u00f3n de Viajes Corporativos en el 2017, en el <em>Global Bussines Travel Association Convention<\/em> (GBTA) en Boston, Massachusetts, del 17 al 19 de julio pr\u00f3ximo, incluyendo un stand y una hora feliz que ofrece opciones de alimentos y bebidas de <em>Cambria Hoteles<\/em>. Tambi\u00e9n habr\u00e1 un premio de recompensas para los asistentes. <strong>Tom Disantis<\/strong>, vicepresidente de Estrategia de Ventas y Operaciones en la cadena hotelera indic\u00f3, \u201ccontinuamos ampliando nuestros servicios para satisfacer las necesidades de los viajeros de negocios. Estamos encantados de mostrar nuestros beneficios mejorados a los <em>Travel Managers<\/em> corporativos en el evento de viajes de negocios m\u00e1s grande del mundo. La cartera diversa de marcas de Choice permite a quienes viajan por negocios, encontrar la opci\u00f3n correcta en cada viaje. Estamos constantemente adaptando y mejorando nuestras marcas bas\u00e1ndonos en la opini\u00f3n de los clientes\u201d.<\/p>\n<p>\u2730\u2730\u2730\u2730\u2730 Con un presupuesto total de 8 millones de euros el actor <strong>Robert de Niro<\/strong> y el chef <strong>Nobu Matsushisha<\/strong> abrieron el primer hotel Nobu, en Ibiza, Espa\u00f1a, primer destino de la cadena de establecimientos de lujo en el continente europeo en cuyo proyecto tambi\u00e9n participan socios inversores, como <em>Marbella Club, Puente Romano<\/em> o <em>London Bridge<\/em>.<\/p>\n<p>La empresa espa\u00f1ola <em>Proffetional <\/em>ha sido la encargada del dise\u00f1o de interiores y decoraci\u00f3n del establecimiento que lleva por nombre \u2018<em>Noby Hotel Ibiza Bay\u2019. <\/em>Este hotel-boutique de 5 estrellas y gran lujo, situado en la playa de Talamaca, cuenta con 152 habitaciones y 11 suites que reflejan la filosof\u00eda <em>Nobu<\/em>, \u201ccon un estilo sosegado y un concepto del lujo <em>lifestyle<\/em>\u201d.<\/p>\n<p>El complejo donde se ubica el inmueble cuenta con el primer <em>Six Senses Spa<\/em> de la isla, un pabell\u00f3n de yoga, gimnasio, bar, salones de manicura y pedicura, caba\u00f1as interiores, terrazas, caba\u00f1as de playa y cuatro restaurantes. El de cabecera ser\u00e1 <em>Nobu<\/em>, del chef propietario con su exquisita comida japonesa, al que se suman el de concepto casual <em>Chambao<\/em>, el grupo Peyote de comida mexicana y la comida saludable y para celiacos en la cafeter\u00eda <em>Celicioso. Proffetional,<\/em> empresa creada por el emprendedor <strong>Jorge Merino<\/strong>, cuenta con una amplia experiencia en los mercados internacionales gracias a su participaci\u00f3n en proyectos de importantes cadenas como <em>Meli\u00e1 Hotels International<\/em>, <em>Four Seasons, Hilton, Marriott, <\/em>entre otros y ahora Nobu.<\/p>\n<p><em><a href=\"mailto:victoriagprado@gmail.com\" target=\"_blank\" rel=\"noopener noreferrer\">victoriagprado@gmail.com<\/a><\/em><br \/>\n<em> Twitter: <a href=\"https:\/\/twitter.com\/victoriagprado\" target=\"_blank\" rel=\"noopener noreferrer\">@victoriagprado<\/a><\/em><\/p>\n","protected":false},"excerpt":{"rendered":"<p>Con la participaci\u00f3n de 14 Pueblos M\u00e1gicos de los estados de Quer\u00e9taro, Guanajuato, Hidalgo y San Luis Potos\u00ed, el secretario de Turismo de Quer\u00e9taro, <strong>Hugo Burgos Garc\u00eda<\/strong>, con la representaci\u00f3n del gobernador, <strong>Francisco Dom\u00ednguez Servi\u00e9n<\/strong>, encabez\u00f3 la ceremonia de inauguraci\u00f3n del Primer Encuentro Regional de Pueblos M\u00e1gicos, que se realiza en el marco de las celebraciones del 377 Aniversario de la Fundaci\u00f3n de Cadereyta.<\/p>\n","protected":false},"author":3,"featured_media":333378,"comment_status":"open","ping_status":"open","sticky":false,"template":"","format":"standard","meta":{"_monsterinsights_skip_tracking":false,"_monsterinsights_sitenote_active":false,"_monsterinsights_sitenote_note":"","_monsterinsights_sitenote_category":0,"footnotes":""},"categories":[11],"tags":[107,43674,43681,106],"class_list":["post-333292","post","type-post","status-publish","format-standard","has-post-thumbnail","hentry","category-turismo","tag-de-cinco-estrellas","tag-opinion","tag-turismo","tag-victoria-gonzalez-prado"],"_links":{"self":[{"href":"https:\/\/www.diarioimagen.net\/index.php?rest_route=\/wp\/v2\/posts\/333292","targetHints":{"allow":["GET"]}}],"collection":[{"href":"https:\/\/www.diarioimagen.net\/index.php?rest_route=\/wp\/v2\/posts"}],"about":[{"href":"https:\/\/www.diarioimagen.net\/index.php?rest_route=\/wp\/v2\/types\/post"}],"author":[{"embeddable":true,"href":"https:\/\/www.diarioimagen.net\/index.php?rest_route=\/wp\/v2\/users\/3"}],"replies":[{"embeddable":true,"href":"https:\/\/www.diarioimagen.net\/index.php?rest_route=%2Fwp%2Fv2%2Fcomments&post=333292"}],"version-history":[{"count":0,"href":"https:\/\/www.diarioimagen.net\/index.php?rest_route=\/wp\/v2\/posts\/333292\/revisions"}],"wp:featuredmedia":[{"embeddable":true,"href":"https:\/\/www.diarioimagen.net\/index.php?rest_route=\/wp\/v2\/media\/333378"}],"wp:attachment":[{"href":"https:\/\/www.diarioimagen.net\/index.php?rest_route=%2Fwp%2Fv2%2Fmedia&parent=333292"}],"wp:term":[{"taxonomy":"category","embeddable":true,"href":"https:\/\/www.diarioimagen.net\/index.php?rest_route=%2Fwp%2Fv2%2Fcategories&post=333292"},{"taxonomy":"post_tag","embeddable":true,"href":"https:\/\/www.diarioimagen.net\/index.php?rest_route=%2Fwp%2Fv2%2Ftags&post=333292"}],"curies":[{"name":"wp","href":"https:\/\/api.w.org\/{rel}","templated":true}]}}