{"id":333450,"date":"2017-07-05T00:11:14","date_gmt":"2017-07-05T05:11:14","guid":{"rendered":"http:\/\/www.diarioimagen.net\/?p=333450"},"modified":"2017-07-04T23:30:41","modified_gmt":"2017-07-05T04:30:41","slug":"busca-conago-perfeccionar-el-nuevo-sistema-penal-acusatorio","status":"publish","type":"post","link":"https:\/\/www.diarioimagen.net\/?p=333450","title":{"rendered":"Busca Conago perfeccionar el Sistema Penal Acusatorio"},"content":{"rendered":"<ul>\n<li><strong><em>Se debe erradicar impunidad: Mancera<\/em><\/strong><\/li>\n<\/ul>\n<p>&nbsp;<\/p>\n<div id=\"attachment_333451\" style=\"width: 470px\" class=\"wp-caption aligncenter\"><img loading=\"lazy\" decoding=\"async\" aria-describedby=\"caption-attachment-333451\" class=\"wp-image-333451 size-large\" src=\"http:\/\/www.diarioimagen.net\/wp-content\/uploads\/2017\/07\/CONAGO5a-PORTAL-460x268.jpg\" alt=\"\" width=\"460\" height=\"268\" srcset=\"https:\/\/www.diarioimagen.net\/wp-content\/uploads\/2017\/07\/CONAGO5a-PORTAL-460x268.jpg 460w, https:\/\/www.diarioimagen.net\/wp-content\/uploads\/2017\/07\/CONAGO5a-PORTAL-240x140.jpg 240w, https:\/\/www.diarioimagen.net\/wp-content\/uploads\/2017\/07\/CONAGO5a-PORTAL.jpg 480w\" sizes=\"auto, (max-width: 460px) 100vw, 460px\" \/><p id=\"caption-attachment-333451\" class=\"wp-caption-text\">El jefe de gobierno, Miguel \u00c1ngel Mancera, se\u00f1al\u00f3 que se busca el fortalecimiento del Sistema Penal Acusatorio.<\/p><\/div>\n<p>&nbsp;<\/p>\n<p>Al insistir en que es indispensable perfeccionar el Nuevo Sistema Penal Acusatorio, el jefe de gobierno y presidente de la Conferencia Nacional de Gobernadores (Conago), Miguel \u00c1ngel Mancera Espinosa, dijo que \u201ceste es un llamado a tiempo, lo estamos viviendo; estamos en los cargos p\u00fablicos para poder defender a la sociedad\u201d.<\/p>\n<p>Al inaugurar el Foro para el Fortalecimiento del Sistema Procesal Penal, organizado por la Comisi\u00f3n de Seguridad y Justicia de la Conago, se\u00f1al\u00f3 que las modificaciones a la operaci\u00f3n de este sistema consisten en \u201cafinar los puntos en donde los estados, procuradores, presidentes y presidentas de tribunales y los impartidores de justicia directa est\u00e1n encontrando \u00e1mbitos de impunidad\u201d.<\/p>\n<p>Por ello, la Conago presentar\u00e1 su propuesta al procurador general de la Rep\u00fablica, a la Consejer\u00eda Jur\u00eddica del gobierno de la Rep\u00fablica e instancias legislativas, como las c\u00e1maras de Diputados y Senadores, \u201ccon el objetivo de impulsar las reformas que se consideren necesarias para el \u00f3ptimo funcionamiento del Sistema Penal\u201d.<\/p>\n<p>El jefe de gobierno manifest\u00f3 que se debe erradicar la impunidad y profundizar en la capacitaci\u00f3n, por lo que convoc\u00f3 a la sociedad civil, acad\u00e9micos y autoridades a participar en el fortalecimiento del sistema de impartici\u00f3n de justicia en el pa\u00eds.<\/p>\n<p>Sostuvo que es oportuno realizar actividades de an\u00e1lisis como el Foro para el Fortalecimiento del Sistema Procesal Penal que encabez\u00f3, a fin de trabajar en \u00e1reas de oportunidad como la protecci\u00f3n a los derechos humanos y la transparencia.<\/p>\n<p>A\u00f1adi\u00f3 que la propuesta para la Ley de Armas de Fuego y Explosivos ya fue aprobada por el propio Senado de la Rep\u00fablica y se encuentra en espera de su avance en la C\u00e1mara de Diputados.<\/p>\n<p>El vicecoordinador de la Comisi\u00f3n de Seguridad y Justicia de la Conago y gobernador de Hidalgo, Omar Fayad Meneses, coincidi\u00f3 en que el Sistema Penal es perfectible y debe tener ajustes en su implementaci\u00f3n, encaminados a la protecci\u00f3n de los derechos humanos de las v\u00edctimas.<\/p>\n<p>Dijo que se trata de acabar con la visi\u00f3n de impunidad que tienen las v\u00edctimas hacia los aparatos de justicia. \u201cNo podemos hacer o\u00eddos sordos a esta demanda, a este reclamo y lo \u00fanico que pedimos es el an\u00e1lisis; revisemos si podemos mejorar algo\u201d.<\/p>\n<p>Entre las propuestas de modificaciones al Nuevo Sistema Penal Acusatorio, emitidas por la Comisi\u00f3n de Seguridad y Justicia de la Conago, destac\u00f3 que se buscar\u00e1 privilegiar un equilibrio en la defensa de los derechos humanos de v\u00edctimas e imputados.<\/p>\n<p>Asimismo, plantean ampliar el cat\u00e1logo de delitos que merecen prisi\u00f3n preventiva oficiosa, como el feminicidio, extorsi\u00f3n, robo de veh\u00edculos, autopartes y transporte de carga, robo a casa-habitaci\u00f3n, portaci\u00f3n, fabricaci\u00f3n o comercio de armas y delitos en materia de hidrocarburos.<\/p>\n<p>La comisi\u00f3n plantea tambi\u00e9n dotar de facultades al Ministerio P\u00fablico para obtener la geolocalizaci\u00f3n, sin la mediaci\u00f3n de un juez de control que d\u00e9 autorizaci\u00f3n.<\/p>\n<p>El gobernador de Hidalgo aclar\u00f3 que \u201cse est\u00e1 pidiendo la geolocalizaci\u00f3n, m\u00e1s no la intervenci\u00f3n de comunicaciones, para evitar confusi\u00f3n\u201d.<\/p>\n<p>Agreg\u00f3 que, con este c\u00famulo de propuestas, pretenden hacer un sistema m\u00e1s eficiente. \u201cNo vamos a retroceder en el tiempo de ninguna manera porque con estas propuestas no se atenta contra la esencia, no se pretende vulnerar o transgredir los principios de contradicci\u00f3n ni de inmediaci\u00f3n o presunci\u00f3n de inocencia\u201d.<\/p>\n<p>La presidenta de la organizaci\u00f3n \u201cAlto al Secuestro\u201d, Isabel Miranda de Wallace, se sum\u00f3 a la propuesta del Jefe de Gobierno de impedir la proliferaci\u00f3n de armas en posesi\u00f3n de civiles, ya que \u00e9stas contribuyen al aumento de la violencia<\/p>\n<p>Sobre las reformas al NSPA, explic\u00f3 que \u201cle estamos apostando a un cambio para mejorar, hay \u00e1reas de oportunidad. La consolidaci\u00f3n de las instituciones de seguridad p\u00fablica y justicia tienen que permitir investigaciones de calidad\u201d.<\/p>\n<p>Como representante de su organizaci\u00f3n, propuso capacitar y evaluar a Ministerios P\u00fablicos, Polic\u00edas y Poder Judicial; revisar el funcionamiento de las c\u00e1rceles; reforzar la unidad de medidas cautelares y construir una base de datos de antecedentes penales.<\/p>\n","protected":false},"excerpt":{"rendered":"<p>Al insistir en que es indispensable perfeccionar el Nuevo Sistema Penal Acusatorio, el jefe de gobierno y presidente de la Conferencia Nacional de Gobernadores (Conago), Miguel \u00c1ngel Mancera Espinosa, dijo que \u201ceste es un llamado a tiempo, lo estamos viviendo; estamos en los cargos p\u00fablicos para poder defender a la sociedad\u201d.<\/p>\n","protected":false},"author":5,"featured_media":333451,"comment_status":"open","ping_status":"open","sticky":false,"template":"","format":"standard","meta":{"_monsterinsights_skip_tracking":false,"_monsterinsights_sitenote_active":false,"_monsterinsights_sitenote_note":"","_monsterinsights_sitenote_category":0,"footnotes":""},"categories":[3],"tags":[4277,5314,43673,48117],"class_list":["post-333450","post","type-post","status-publish","format-standard","has-post-thumbnail","hentry","category-nacional","tag-conago","tag-miguel-angel-mancera-espinosa","tag-nacional","tag-sistema-penal-acusatorio"],"_links":{"self":[{"href":"https:\/\/www.diarioimagen.net\/index.php?rest_route=\/wp\/v2\/posts\/333450","targetHints":{"allow":["GET"]}}],"collection":[{"href":"https:\/\/www.diarioimagen.net\/index.php?rest_route=\/wp\/v2\/posts"}],"about":[{"href":"https:\/\/www.diarioimagen.net\/index.php?rest_route=\/wp\/v2\/types\/post"}],"author":[{"embeddable":true,"href":"https:\/\/www.diarioimagen.net\/index.php?rest_route=\/wp\/v2\/users\/5"}],"replies":[{"embeddable":true,"href":"https:\/\/www.diarioimagen.net\/index.php?rest_route=%2Fwp%2Fv2%2Fcomments&post=333450"}],"version-history":[{"count":0,"href":"https:\/\/www.diarioimagen.net\/index.php?rest_route=\/wp\/v2\/posts\/333450\/revisions"}],"wp:featuredmedia":[{"embeddable":true,"href":"https:\/\/www.diarioimagen.net\/index.php?rest_route=\/wp\/v2\/media\/333451"}],"wp:attachment":[{"href":"https:\/\/www.diarioimagen.net\/index.php?rest_route=%2Fwp%2Fv2%2Fmedia&parent=333450"}],"wp:term":[{"taxonomy":"category","embeddable":true,"href":"https:\/\/www.diarioimagen.net\/index.php?rest_route=%2Fwp%2Fv2%2Fcategories&post=333450"},{"taxonomy":"post_tag","embeddable":true,"href":"https:\/\/www.diarioimagen.net\/index.php?rest_route=%2Fwp%2Fv2%2Ftags&post=333450"}],"curies":[{"name":"wp","href":"https:\/\/api.w.org\/{rel}","templated":true}]}}