{"id":333533,"date":"2017-07-05T00:06:52","date_gmt":"2017-07-05T05:06:52","guid":{"rendered":"http:\/\/www.diarioimagen.net\/?p=333533"},"modified":"2017-07-05T06:36:30","modified_gmt":"2017-07-05T11:36:30","slug":"tultitlan-cuenta-con-dos-centros-para-personas-con-discapacidad","status":"publish","type":"post","link":"https:\/\/www.diarioimagen.net\/?p=333533","title":{"rendered":"Tultitl\u00e1n cuenta con dos centros para personas con discapacidad"},"content":{"rendered":"<ul>\n<li><strong><em>Rehabilitaci\u00f3n de primer nivel<\/em><\/strong><\/li>\n<\/ul>\n<p>&nbsp;<\/p>\n<div id=\"attachment_333611\" style=\"width: 470px\" class=\"wp-caption aligncenter\"><a href=\"http:\/\/www.diarioimagen.net\/?attachment_id=333611\" rel=\"attachment wp-att-333611\"><img loading=\"lazy\" decoding=\"async\" aria-describedby=\"caption-attachment-333611\" class=\"size-large wp-image-333611\" src=\"http:\/\/www.diarioimagen.net\/wp-content\/uploads\/2017\/07\/TULTITLAN-3156-460x259.jpg\" alt=\"\" width=\"460\" height=\"259\" srcset=\"https:\/\/www.diarioimagen.net\/wp-content\/uploads\/2017\/07\/TULTITLAN-3156-460x259.jpg 460w, https:\/\/www.diarioimagen.net\/wp-content\/uploads\/2017\/07\/TULTITLAN-3156-240x135.jpg 240w, https:\/\/www.diarioimagen.net\/wp-content\/uploads\/2017\/07\/TULTITLAN-3156-235x132.jpg 235w, https:\/\/www.diarioimagen.net\/wp-content\/uploads\/2017\/07\/TULTITLAN-3156-202x114.jpg 202w, https:\/\/www.diarioimagen.net\/wp-content\/uploads\/2017\/07\/TULTITLAN-3156-350x196.jpg 350w, https:\/\/www.diarioimagen.net\/wp-content\/uploads\/2017\/07\/TULTITLAN-3156-220x123.jpg 220w, https:\/\/www.diarioimagen.net\/wp-content\/uploads\/2017\/07\/TULTITLAN-3156-237x132.jpg 237w, https:\/\/www.diarioimagen.net\/wp-content\/uploads\/2017\/07\/TULTITLAN-3156.jpg 480w\" sizes=\"auto, (max-width: 460px) 100vw, 460px\" \/><\/a><p id=\"caption-attachment-333611\" class=\"wp-caption-text\">El gobierno de Tultitl\u00e1n, en coordinaci\u00f3n con el DIF, brinda atenci\u00f3n m\u00e9dica especializada en rehabilitaci\u00f3n a personas con discapacidad.<\/p><\/div>\n<p>&nbsp;<\/p>\n<p><strong>Tultitl\u00e1n, Estado de M\u00e9xico<\/strong>.- Preocupados por brindar atenci\u00f3n m\u00e9dica y de rehabilitaci\u00f3n de primer nivel a las personas con discapacidad que habitan en\u00a0 las 3 zonas del municipio de Tultitl\u00e1n, el actual gobierno, encabezado por Jorge Ad\u00e1n Barr\u00f3n Elizalde, en coordinaci\u00f3n con el Sistema Municipal para el Desarrollo Integral de la Familia (DIF), brindan atenci\u00f3n m\u00e9dica especializada en rehabilitaci\u00f3n, promoci\u00f3n para la integraci\u00f3n educativa, cultural, deportiva, laboral y recreativa a cientos de tultitlenses a trav\u00e9s de dos centros de integraci\u00f3n social.<\/p>\n<p>Estos centros para personas con discapacidad se encuentran ubicados en la colonia San Pablo de las Salinas, en la zona oriente y en la colonia Solidaridad, al sur de la demarcaci\u00f3n y tienen el objetivo de apoyar a pacientes con discapacidades temporales o definitivas, a trav\u00e9s de distintos programas que son operados mediante personal altamente capacitado para brindar un mejor servicio y atenci\u00f3n a los pacientes.<\/p>\n<p>La presidenta honoraria del DIF municipal, Karen S\u00e1mano, indic\u00f3 que con estas acciones se busca mejorar la calidad de vida a trav\u00e9s de la atenci\u00f3n rehabilitadora integral para favorecer la inclusi\u00f3n educativa, laboral y social, atienden la cobertura de atenci\u00f3n m\u00e9dica y param\u00e9dica de las personas con discapacidad a trav\u00e9s de la formaci\u00f3n de m\u00e9dicos especialistas en rehabilitaci\u00f3n, licenciados en terapia f\u00edsica, en terapia ocupacional y realizar acciones de educaci\u00f3n continua dirigida al personal m\u00e9dico y param\u00e9dico.<\/p>\n<p>\u201cQueremos que nuestros ni\u00f1os, j\u00f3venes y adultos que padecen de alguna discapacidad por nacimiento, adquiridas, por diabetes o amputaciones puedan tener una mejor calidad de vida, buscamos las estrategias que nos permitan ayudarlos porque sabemos lo dif\u00edcil que es para ellos no poder moverse por s\u00ed mismos\u201d, indic\u00f3 la titular de la dependencia.<\/p>\n<p>Ambos centros ofrecen consultas de rehabilitaci\u00f3n, terapia f\u00edsica, psicol\u00f3gica, pedag\u00f3gica, de lenguaje, ocupacional y de estimulaci\u00f3n temprana.<\/p>\n<p>Yolanda Gasca paciente del centro de rehabilitaci\u00f3n Solidaridad agradece el apoyo \u00a0que brindan las autoridades municipales a personas con alguna discapacidad f\u00edsica, visual o auditiva.<\/p>\n<p>Cabe destacar que el Sistema Municipal DIF, tambi\u00e9n brinda otro tipo de apoyos para personas con discapacidad como son; sillas de rueda, bastones y aparatos auditivos.<\/p>\n<p>&nbsp;<\/p>\n","protected":false},"excerpt":{"rendered":"<p>Preocupados por brindar atenci\u00f3n m\u00e9dica y de rehabilitaci\u00f3n de primer nivel a las personas con discapacidad que habitan en  las 3 zonas del municipio de Tultitl\u00e1n, el actual gobierno, encabezado por Jorge Ad\u00e1n Barr\u00f3n Elizalde, en coordinaci\u00f3n con el Sistema Municipal para el Desarrollo Integral de la Familia (DIF), brindan atenci\u00f3n m\u00e9dica especializada en rehabilitaci\u00f3n, promoci\u00f3n para la integraci\u00f3n educativa, cultural, deportiva, laboral y recreativa a cientos de tultitlenses a trav\u00e9s de dos centros de integraci\u00f3n social.<\/p>\n","protected":false},"author":3,"featured_media":333611,"comment_status":"open","ping_status":"open","sticky":false,"template":"","format":"standard","meta":{"_monsterinsights_skip_tracking":false,"_monsterinsights_sitenote_active":false,"_monsterinsights_sitenote_note":"","_monsterinsights_sitenote_category":0,"footnotes":""},"categories":[35155],"tags":[24566,43675,51639,578],"class_list":["post-333533","post","type-post","status-publish","format-standard","has-post-thumbnail","hentry","category-estado-de-mexico-estado-de-mexico","tag-discapacidad","tag-estado-de-mexico","tag-personas","tag-tultitlan"],"_links":{"self":[{"href":"https:\/\/www.diarioimagen.net\/index.php?rest_route=\/wp\/v2\/posts\/333533","targetHints":{"allow":["GET"]}}],"collection":[{"href":"https:\/\/www.diarioimagen.net\/index.php?rest_route=\/wp\/v2\/posts"}],"about":[{"href":"https:\/\/www.diarioimagen.net\/index.php?rest_route=\/wp\/v2\/types\/post"}],"author":[{"embeddable":true,"href":"https:\/\/www.diarioimagen.net\/index.php?rest_route=\/wp\/v2\/users\/3"}],"replies":[{"embeddable":true,"href":"https:\/\/www.diarioimagen.net\/index.php?rest_route=%2Fwp%2Fv2%2Fcomments&post=333533"}],"version-history":[{"count":0,"href":"https:\/\/www.diarioimagen.net\/index.php?rest_route=\/wp\/v2\/posts\/333533\/revisions"}],"wp:featuredmedia":[{"embeddable":true,"href":"https:\/\/www.diarioimagen.net\/index.php?rest_route=\/wp\/v2\/media\/333611"}],"wp:attachment":[{"href":"https:\/\/www.diarioimagen.net\/index.php?rest_route=%2Fwp%2Fv2%2Fmedia&parent=333533"}],"wp:term":[{"taxonomy":"category","embeddable":true,"href":"https:\/\/www.diarioimagen.net\/index.php?rest_route=%2Fwp%2Fv2%2Fcategories&post=333533"},{"taxonomy":"post_tag","embeddable":true,"href":"https:\/\/www.diarioimagen.net\/index.php?rest_route=%2Fwp%2Fv2%2Ftags&post=333533"}],"curies":[{"name":"wp","href":"https:\/\/api.w.org\/{rel}","templated":true}]}}