{"id":333556,"date":"2017-07-05T00:01:12","date_gmt":"2017-07-05T05:01:12","guid":{"rendered":"http:\/\/www.diarioimagen.net\/?p=333556"},"modified":"2017-07-14T05:52:40","modified_gmt":"2017-07-14T10:52:40","slug":"cae-el-segundo-borgista-a-la-carcel-de-chetumal","status":"publish","type":"post","link":"https:\/\/www.diarioimagen.net\/?p=333556","title":{"rendered":"Cae el segundo borgista a la c\u00e1rcel de Chetumal"},"content":{"rendered":"<h2>Derecho de r\u00e9plica<\/h2>\n<p>&nbsp;<\/p>\n<p>Sin decir agua va, ayer por la tarde trascendi\u00f3 la detenci\u00f3n del ex director de VIP SAESA, Carlos Alberto Acosta Guti\u00e9rrez, quien fue detenido por la Polic\u00eda Ministerial y trasladado al Centro de Reinserci\u00f3n Social de Chetumal, por el delito de desempe\u00f1o irregular de la funci\u00f3n p\u00fablica.<\/p>\n<p>Su aseguramiento ocurri\u00f3 en el bulevar Bah\u00eda de Chetumal, esquina Elizabeth, fraccionamiento Bah\u00eda, cuando se dirig\u00eda a su negocio de helados\u2026-\u00bfc\u00f3mo pas\u00f3 de paletero a director de una empresa de transporte a\u00e9reo o viceversa?.. El mandamiento judicial se basa en el expediente 151\/2017, por da\u00f1o patrimonial.<\/p>\n<p>Acosta Guti\u00e9rrez enfrentar\u00e1 cargos por presuntas irregularidades perpetradas por erogaci\u00f3n de 320 millones de pesos y 40 millones de d\u00f3lares en VIP SAESA, pero como los resultados de las auditor\u00edas practicadas por la Secretar\u00eda de la Gesti\u00f3n P\u00fablica han sido con sigilo, no se descarta que el da\u00f1o patrimonial y los cargos sean mayores.<\/p>\n<p style=\"text-align: center;\"><strong>Su comparecencia<\/strong><\/p>\n<p>Fue el pasado 4 de abril, cuando Carlos Alberto Acosta Guti\u00e9rrez compareci\u00f3 ante el Poder Legislativo y durante esa reuni\u00f3n trascendi\u00f3 que VIP SAESA subcontrat\u00f3 de 2011 a 2016 los servicios de 22 empresas por la renta de 11 tipos diferentes de aeronaves, facturando en moneda nacional la cantidad de 319 millones 941 mil 164 pesos con 92 centavos y la cantidad de 40 millones 192 mil 505 en d\u00f3lares de EU.<\/p>\n<p>Las empresas m\u00e1s beneficiadas con esta subcontrataci\u00f3n fueron Aero JL S.A. de C.V., con 112 millones 510 mil 860 pesos, Servicio A\u00e9reo Milenio, con 101 millones 207 mil 751 pesos y Aerotaxi Villa Rica S.A. de C.V., con 63 millones 191 mil 692 pesos.<\/p>\n<p style=\"text-align: center;\"><strong>Gasto millonario benefici\u00f3 a \u201camigos\u201d<\/strong><\/p>\n<p>Seg\u00fan lo que ahora se sabe, Aerotaxi Villa Rica S.A. de C.V. es propiedad de la familia Anit\u00faa, amigos personales del ex gobernador Roberto Borge, ahora preso en Panam\u00e1, no solamente factur\u00f3 a VIP SAESA en pesos, sino tambi\u00e9n en d\u00f3lares americanos, de 2011 a 2016, con 35 millones 203 mil 853 d\u00f3lares. Tambi\u00e9n cobr\u00f3 10 millones 527 mil d\u00f3lares al a\u00f1o por subarrendar dos aviones Cessna I y Cessna II, as\u00ed como un helic\u00f3ptero Augusta Power.<\/p>\n<p style=\"text-align: center;\"><strong>Que pase a pagar el PRI<\/strong><\/p>\n<p>En la comparecencia se conoci\u00f3 de varios personajes que usaron los servicios de VIP SAESA y que no pagaron, como es el caso del Partido Revolucionario Institucional, de Raymundo King de la Rosa, quien es tambi\u00e9n flamante diputado local.<\/p>\n<p>Las cuentas pendientes por cobrar de VIP SAESA ascienden a los 254 millones 981 mil 233 pesos, y confirm\u00f3 la deuda que el PRI mantiene con la empresa a\u00e9rea por la cantidad de 480 mil 627 pesos por servicios contratados entre el 5 de abril de 2011 y el 24 de septiembre de 2016. Uyyyy, ni esperanza de que paguen.<\/p>\n<p style=\"text-align: center;\"><strong>Barbas en remojo<\/strong><\/p>\n<p>Son varios los ex funcionarios que han buscado el cobijo del amparo judicial para evitar ser detenidos y rendir cuentas por las desviaciones encontradas durante su gesti\u00f3n; sin embargo, como dice el refr\u00e1n \u201csi ves las barbas de tu vecino cortar, pon las tuyas a remojar\u201d.<\/p>\n<p>Con amparo bajo el brazo, ex funcionarios como el ex presidente municipal de Cozumel, Fredy Marrufo Mart\u00edn, se sienten seguros de que gozan de impunidad. El actual delegado de la Sedatu en Quintana Roo, se dice con la conciencia m\u00e1s tranquila que la de un reci\u00e9n nacido\u2026.ay aj\u00e1\u2026y que \u201cen su momento\u201d probar\u00e1 su inocencia ante el Congreso\u2026.ummmm, \u00e9l ser\u00e1 quien marque los tiempos.<\/p>\n<p>Marrufo Mart\u00edn se siente confiado de probar que no hay lugar ni sustento jur\u00eddico para poder sostener la demanda que pesa en su contra\u2026uyyyy, tan confiado est\u00e1 que fue corriendo por un amparo, jijijijiji, s\u00ed, como no.<\/p>\n<p style=\"text-align: center;\"><strong>La CROC pedir\u00e1 m\u00e1s al PRI<\/strong><\/p>\n<p>El diputado federal y l\u00edder en Canc\u00fan de la Confederaci\u00f3n Revolucionaria de Obreros y Campesinos, Mario Machuca S\u00e1nchez, se niega a andar como <em>Santo Cristo, <\/em>cargando con la cruz de Roberto Borge y va derecho y no se quita para lograr una candidatura en el 2018.<\/p>\n<p>Es m\u00e1s, buscar\u00e1 que el Partido Revolucionario Institucional, de Raymundo King de la Rosa, con quien siempre ha hecho sus transas\u2026.. !no! \u00a1perd\u00f3n! con quien siempre han hecho negociaciones y equipo, ahora s\u00ed les den a los croquistas m\u00e1s candidaturas\u2026.ummmm, pues \u00bfqu\u00e9? \u00bfya se le olvid\u00f3 como los trat\u00f3 el PRI en la contienda pasada?<\/p>\n<p>Le recuerdo que la CROC fue relegada en la distribuci\u00f3n de las postulaciones m\u00e1s jugosas y s\u00f3lo le dejaron las sobras, cosa que <em>encabrit\u00f3 <\/em>al l\u00edder estatal de la central obrera, Mart\u00edn de la Cruz G\u00f3mez, por lo que las banderas de ese sindicato brillaron por su ausencia en la campa\u00f1a del 2016.<\/p>\n<p style=\"text-align: center;\"><strong>Que le bajen a su p\u00f3lvora<\/strong><\/p>\n<p>Que despu\u00e9s de los gritos e insultos que recibi\u00f3 por parte de los enardecidos morenos,\u00a0 durante la firma del \u201cAcuerdo Pol\u00edtico de Unidad para la Prosperidad del Pueblo y el Renacimiento de M\u00e9xico\u201d con Andr\u00e9s Manuel L\u00f3pez Obrador, due\u00f1o de Movimiento de Regeneraci\u00f3n Nacional, a la senadora por Quintana Roo, Luz Mar\u00eda \u201cLa G\u00fcera\u201d Berist\u00e1in Navarrete, se le hizo chiquito el corazoncito de pollo\u2026.ahhhh, ternurita\u2026.y de puro coraje y decepci\u00f3n, ya no quiere ser candidata de Morena a la alcald\u00eda de Benito Ju\u00e1rez, como ya lo ten\u00eda planeado. Que le bajen dos rayitas a la p\u00f3lvora de sus cuetes pidi\u00f3 \u201cLa G\u00fcera\u201d Berist\u00e1in a los morenos rijosos, pues asegur\u00f3 que no es para que se pongan as\u00ed con ella, que s\u00f3lo se va a sumar al trabajo del <em>Peje<\/em>, sin ambici\u00f3n de ning\u00fan cargo, si, si \u2026 como no. Tant\u00e1n.<\/p>\n","protected":false},"excerpt":{"rendered":"<p><span style=\"color: #005497;\"><strong>Derecho de r\u00e9plica<\/strong><\/span><\/p>\n","protected":false},"author":3,"featured_media":0,"comment_status":"open","ping_status":"open","sticky":false,"template":"","format":"standard","meta":{"_monsterinsights_skip_tracking":false,"_monsterinsights_sitenote_active":false,"_monsterinsights_sitenote_note":"","_monsterinsights_sitenote_category":0,"footnotes":""},"categories":[62907],"tags":[47840,43674],"class_list":["post-333556","post","type-post","status-publish","format-standard","hentry","category-derecho-de-replica","tag-derecho-de-replica","tag-opinion"],"_links":{"self":[{"href":"https:\/\/www.diarioimagen.net\/index.php?rest_route=\/wp\/v2\/posts\/333556","targetHints":{"allow":["GET"]}}],"collection":[{"href":"https:\/\/www.diarioimagen.net\/index.php?rest_route=\/wp\/v2\/posts"}],"about":[{"href":"https:\/\/www.diarioimagen.net\/index.php?rest_route=\/wp\/v2\/types\/post"}],"author":[{"embeddable":true,"href":"https:\/\/www.diarioimagen.net\/index.php?rest_route=\/wp\/v2\/users\/3"}],"replies":[{"embeddable":true,"href":"https:\/\/www.diarioimagen.net\/index.php?rest_route=%2Fwp%2Fv2%2Fcomments&post=333556"}],"version-history":[{"count":0,"href":"https:\/\/www.diarioimagen.net\/index.php?rest_route=\/wp\/v2\/posts\/333556\/revisions"}],"wp:attachment":[{"href":"https:\/\/www.diarioimagen.net\/index.php?rest_route=%2Fwp%2Fv2%2Fmedia&parent=333556"}],"wp:term":[{"taxonomy":"category","embeddable":true,"href":"https:\/\/www.diarioimagen.net\/index.php?rest_route=%2Fwp%2Fv2%2Fcategories&post=333556"},{"taxonomy":"post_tag","embeddable":true,"href":"https:\/\/www.diarioimagen.net\/index.php?rest_route=%2Fwp%2Fv2%2Ftags&post=333556"}],"curies":[{"name":"wp","href":"https:\/\/api.w.org\/{rel}","templated":true}]}}