{"id":333652,"date":"2017-07-06T00:07:41","date_gmt":"2017-07-06T05:07:41","guid":{"rendered":"http:\/\/www.diarioimagen.net\/?p=333652"},"modified":"2017-07-06T23:31:11","modified_gmt":"2017-07-07T04:31:11","slug":"edomex-de-los-estados-que-mas-oxigeno-y-agua-aporta-al-pais","status":"publish","type":"post","link":"https:\/\/www.diarioimagen.net\/?p=333652","title":{"rendered":"Edomex, de los estados que m\u00e1s ox\u00edgeno y agua aportan al pa\u00eds"},"content":{"rendered":"<ul>\n<li><strong><em>La meta es sembrar 20 millones de \u00e1rboles, anuncia Eruviel \u00c1vila<\/em><\/strong><\/li>\n<\/ul>\n<p>&nbsp;<\/p>\n<div id=\"attachment_333653\" style=\"width: 470px\" class=\"wp-caption aligncenter\"><img loading=\"lazy\" decoding=\"async\" aria-describedby=\"caption-attachment-333653\" class=\"wp-image-333653 size-large\" src=\"http:\/\/www.diarioimagen.net\/wp-content\/uploads\/2017\/07\/ERUVIEL6-portal-460x268.jpg\" alt=\"\" width=\"460\" height=\"268\" srcset=\"https:\/\/www.diarioimagen.net\/wp-content\/uploads\/2017\/07\/ERUVIEL6-portal-460x268.jpg 460w, https:\/\/www.diarioimagen.net\/wp-content\/uploads\/2017\/07\/ERUVIEL6-portal-240x140.jpg 240w, https:\/\/www.diarioimagen.net\/wp-content\/uploads\/2017\/07\/ERUVIEL6-portal.jpg 480w\" sizes=\"auto, (max-width: 460px) 100vw, 460px\" \/><p id=\"caption-attachment-333653\" class=\"wp-caption-text\">El gobernador Eruviel \u00c1vila puso en marcha la Campa\u00f1a de Reforestaci\u00f3n 2017, para sembrar 20 millones de \u00e1rboles.<\/p><\/div>\n<p>&nbsp;<\/p>\n<p><strong>Calimaya, Estado de M\u00e9xico<\/strong>.- El gobernador Eruviel \u00c1vila afirm\u00f3, que producto de las acciones que se han realizado en esta administraci\u00f3n en materia ambiental, entre ellas la recuperaci\u00f3n de 70 mil hect\u00e1reas de bosques en los \u00faltimos seis a\u00f1os, el Estado de M\u00e9xico es una de las entidades que m\u00e1s ox\u00edgeno y agua aporta al pa\u00eds.<\/p>\n<p>\u201cPoder anunciar 70 mil nuevas hect\u00e1reas de bosque en el Estado de M\u00e9xico es una noticia que no se da todos los d\u00edas, no en M\u00e9xico, sino en todo el mundo, cuando la tendencia mundial es la p\u00e9rdida de nuestros bosques por diferentes razones. Felicito a quienes desde la iniciativa privada, desde la academia, han protegido y han apoyado nuestros bosques, nuestros \u00e1rboles, nuestras cuencas, para poder ser uno de los estados que m\u00e1s ox\u00edgeno aportan y m\u00e1s agua aportan a la Rep\u00fablica Mexicana; eso debe ser un orgullo mexiquense y producto del trabajo en equipo de todos\u201d, resalt\u00f3 el mandatario.<\/p>\n<p>Eruviel \u00c1vila Villegas inaugur\u00f3 los trabajos de la segunda etapa de la remodelaci\u00f3n del Parque Ecol\u00f3gico Zacango, que han permitido que este espacio sea el primero en M\u00e9xico en contar con programas de conservaci\u00f3n de especies en peligro de extinci\u00f3n, como el lobo gris mexicano, el venado cola blanca o el ajolote del Lago de P\u00e1tzcuaro, adem\u00e1s de realizar labores de conservaci\u00f3n, reproducci\u00f3n, investigaci\u00f3n o reinserci\u00f3n de fauna a vida silvestre.<\/p>\n<p>Asimismo, en presencia de Alejandro del Mazo Maza, comisionado nacional de \u00c1reas Naturales Protegidas, y del secretario del Medio Ambiente, Ra\u00fal Vargas Herrera, el gobernador puso en marcha la Campa\u00f1a de Reforestaci\u00f3n 2017, en la que habr\u00e1n de sembrarse 20 millones de \u00e1rboles, para llegar a m\u00e1s de 127 millones sembrados durante la actual administraci\u00f3n, que equivalen a nueve \u00e1rboles sembrados por cada habitante del Edomex.<\/p>\n<p>El comisionado nacional de \u00c1reas Naturales Protegidas, Alejandro del Mazo Maza, reconoci\u00f3 al gobierno mexiquense por sus programas enfocados en la conservaci\u00f3n del lobo mexicano, pues en el pa\u00eds la poblaci\u00f3n de esta especie apenas alcanza los 31 ejemplares, mientras que en Estados Unidos llega a los 110, y destac\u00f3 el trabajo que el equipo de especialistas de Zacango realiza para proteger especies como el c\u00f3ndor de California, del que solamente existen 40 ejemplares.<\/p>\n<p>En el evento, en el\u00a0 que se presentaron los libros \u201cZacango, un lugar para conocer y aprender\u201d, y \u201cZacango, una visi\u00f3n moderna sobre la conservaci\u00f3n de la fauna\u201d, el Ejecutivo estatal entreg\u00f3 recursos del programa Reforestaci\u00f3n y Restauraci\u00f3n Integral de Microcuencas a ocho comuneros y ejidatarios, de un total de 550, ya que gracias al cuidado que realizan en los bosques, se logr\u00f3 mayor \u00e9xito en las campa\u00f1as de reforestaci\u00f3n y se ha conseguido aumentar la cantidad de \u00e1rboles en territorio mexiquense.<\/p>\n<p>Otras de las acciones que el gobernador Eruviel \u00c1vila destac\u00f3 de su gesti\u00f3n a favor del medio ambiente, est\u00e1 la construcci\u00f3n de un albergue para la reproducci\u00f3n del Lobo Mexicano en el Parque el Ocotal, con una inversi\u00f3n de 800 mil pesos; apoyo para que familias dedicadas al traslado de residuos s\u00f3lidos en carretones jalados por equinos, adquieran motocicletas para su labor; la acreditaci\u00f3n para el Parque Ambiental Zacango por parte de la Asociaci\u00f3n de Zool\u00f3gicos, Criaderos y Acuarios de M\u00e9xico, y el incremento en 17 por ciento de la masa forestal del Nevado de Toluca.<\/p>\n","protected":false},"excerpt":{"rendered":"<p>El gobernador Eruviel \u00c1vila afirm\u00f3, que producto de las acciones que se han realizado en esta administraci\u00f3n en materia ambiental, entre ellas la recuperaci\u00f3n de 70 mil hect\u00e1reas de bosques en los \u00faltimos seis a\u00f1os, el Estado de M\u00e9xico es una de las entidades que m\u00e1s ox\u00edgeno y agua aporta al pa\u00eds.<\/p>\n","protected":false},"author":5,"featured_media":333653,"comment_status":"open","ping_status":"open","sticky":false,"template":"","format":"standard","meta":{"_monsterinsights_skip_tracking":false,"_monsterinsights_sitenote_active":false,"_monsterinsights_sitenote_note":"","_monsterinsights_sitenote_category":0,"footnotes":""},"categories":[5],"tags":[162,5830,68,43675],"class_list":["post-333652","post","type-post","status-publish","format-standard","has-post-thumbnail","hentry","category-estado-de-mexico","tag-agua","tag-calimaya","tag-edomex","tag-estado-de-mexico"],"_links":{"self":[{"href":"https:\/\/www.diarioimagen.net\/index.php?rest_route=\/wp\/v2\/posts\/333652","targetHints":{"allow":["GET"]}}],"collection":[{"href":"https:\/\/www.diarioimagen.net\/index.php?rest_route=\/wp\/v2\/posts"}],"about":[{"href":"https:\/\/www.diarioimagen.net\/index.php?rest_route=\/wp\/v2\/types\/post"}],"author":[{"embeddable":true,"href":"https:\/\/www.diarioimagen.net\/index.php?rest_route=\/wp\/v2\/users\/5"}],"replies":[{"embeddable":true,"href":"https:\/\/www.diarioimagen.net\/index.php?rest_route=%2Fwp%2Fv2%2Fcomments&post=333652"}],"version-history":[{"count":0,"href":"https:\/\/www.diarioimagen.net\/index.php?rest_route=\/wp\/v2\/posts\/333652\/revisions"}],"wp:featuredmedia":[{"embeddable":true,"href":"https:\/\/www.diarioimagen.net\/index.php?rest_route=\/wp\/v2\/media\/333653"}],"wp:attachment":[{"href":"https:\/\/www.diarioimagen.net\/index.php?rest_route=%2Fwp%2Fv2%2Fmedia&parent=333652"}],"wp:term":[{"taxonomy":"category","embeddable":true,"href":"https:\/\/www.diarioimagen.net\/index.php?rest_route=%2Fwp%2Fv2%2Fcategories&post=333652"},{"taxonomy":"post_tag","embeddable":true,"href":"https:\/\/www.diarioimagen.net\/index.php?rest_route=%2Fwp%2Fv2%2Ftags&post=333652"}],"curies":[{"name":"wp","href":"https:\/\/api.w.org\/{rel}","templated":true}]}}