{"id":333739,"date":"2017-07-06T00:07:52","date_gmt":"2017-07-06T05:07:52","guid":{"rendered":"http:\/\/www.diarioimagen.net\/?p=333739"},"modified":"2017-07-06T04:32:46","modified_gmt":"2017-07-06T09:32:46","slug":"anuncian-en-metepec-4-mil-empleos-formales-para-la-zona-metropolitana","status":"publish","type":"post","link":"https:\/\/www.diarioimagen.net\/?p=333739","title":{"rendered":"Anuncian en Metepec 4 mil empleos formales para la zona metropolitana"},"content":{"rendered":"<ul>\n<li><strong><em>Con pr\u00f3ximas inversiones comerciales<\/em><\/strong><\/li>\n<\/ul>\n<p>&nbsp;<\/p>\n<div id=\"attachment_333813\" style=\"width: 470px\" class=\"wp-caption aligncenter\"><a href=\"http:\/\/www.diarioimagen.net\/?attachment_id=333813\" rel=\"attachment wp-att-333813\"><img loading=\"lazy\" decoding=\"async\" aria-describedby=\"caption-attachment-333813\" class=\"size-large wp-image-333813\" src=\"http:\/\/www.diarioimagen.net\/wp-content\/uploads\/2017\/07\/METEPEC-3157-460x307.jpg\" alt=\"\" width=\"460\" height=\"307\" srcset=\"https:\/\/www.diarioimagen.net\/wp-content\/uploads\/2017\/07\/METEPEC-3157-460x307.jpg 460w, https:\/\/www.diarioimagen.net\/wp-content\/uploads\/2017\/07\/METEPEC-3157-240x160.jpg 240w, https:\/\/www.diarioimagen.net\/wp-content\/uploads\/2017\/07\/METEPEC-3157.jpg 700w\" sizes=\"auto, (max-width: 460px) 100vw, 460px\" \/><\/a><p id=\"caption-attachment-333813\" class=\"wp-caption-text\">El alcalde David L\u00f3pez C\u00e1rdenas inaugur\u00f3\u00a0 la quinta Feria Municipal de Empleo, donde 123 empresas ofrecieron 847 vacantes.<\/p><\/div>\n<p>&nbsp;<\/p>\n<p><strong>Metepec, Estado de M\u00e9xico<\/strong>.-\u00a0En esta ciudad se llev\u00f3 a cabo la quinta Feria Municipal de Empleo, donde 123 empresas ofrecieron 847 vacantes para personas de diversas edades y perfiles.<\/p>\n<p>En la inauguraci\u00f3n, acompa\u00f1ado del delegado federal del trabajo en el Estado de M\u00e9xico, Juan Manuel Mart\u00ednez Nava y el subdirector de Empleo de la Secretar\u00eda estatal del Trabajo, Reynaldo Garc\u00eda Gonz\u00e1lez; el alcalde David L\u00f3pez C\u00e1rdenas se\u00f1al\u00f3 que es necesario dar continuidad al esfuerzo entre los tres \u00f3rdenes de gobierno para facilitar el v\u00ednculo entre quienes buscan empleo y las empresas que los ofertan.<\/p>\n<p>\u201cComo autoridades tenemos la responsabilidad de generar condiciones para que llegue la inversi\u00f3n de empresarios, que a su vez permitan crear empleos formales en el municipio\u201d, detall\u00f3 el edil.<\/p>\n<p>Agreg\u00f3 que en Metepec se tienen dos inversiones comerciales muy importantes, la primera ubicada en Ignacio Comonfort y la otra cercana a Galer\u00edas Metepec, que generar\u00e1n alrededor cuatro mil empleos formales para la regi\u00f3n del Valle de Toluca en pr\u00f3ximos meses.<\/p>\n<p>Por su parte, Juan Manuel Mart\u00ednez, agradeci\u00f3 al ayuntamiento por el apoyo brindado desde el inicio de la administraci\u00f3n, a la agenda de iniciativas de la Secretar\u00eda del Trabajo y Previsi\u00f3n Social del gobierno federal, as\u00ed como a la promoci\u00f3n de la inclusi\u00f3n laboral, al trabajo digno y la erradicaci\u00f3n del trabajo infantil.<\/p>\n<p>En las ferias de empleo realizadas anteriormente en Metepec, se tiene en promedio un registro superior del 60 por ciento de vacantes cubiertas, lo que habla de la efectividad del esquema laboral impulsado por los tres \u00e1mbitos gubernamentales con la asistencia de la iniciativa privada.<\/p>\n","protected":false},"excerpt":{"rendered":"<p>En esta ciudad se llev\u00f3 a cabo la quinta Feria Municipal de Empleo, donde 123 empresas ofrecieron 847 vacantes para personas de diversas edades y perfiles.<\/p>\n","protected":false},"author":3,"featured_media":333813,"comment_status":"open","ping_status":"open","sticky":false,"template":"","format":"standard","meta":{"_monsterinsights_skip_tracking":false,"_monsterinsights_sitenote_active":false,"_monsterinsights_sitenote_note":"","_monsterinsights_sitenote_category":0,"footnotes":""},"categories":[35155],"tags":[43675,876,11656],"class_list":["post-333739","post","type-post","status-publish","format-standard","has-post-thumbnail","hentry","category-estado-de-mexico-estado-de-mexico","tag-estado-de-mexico","tag-metepec","tag-zona-metropolitana"],"_links":{"self":[{"href":"https:\/\/www.diarioimagen.net\/index.php?rest_route=\/wp\/v2\/posts\/333739","targetHints":{"allow":["GET"]}}],"collection":[{"href":"https:\/\/www.diarioimagen.net\/index.php?rest_route=\/wp\/v2\/posts"}],"about":[{"href":"https:\/\/www.diarioimagen.net\/index.php?rest_route=\/wp\/v2\/types\/post"}],"author":[{"embeddable":true,"href":"https:\/\/www.diarioimagen.net\/index.php?rest_route=\/wp\/v2\/users\/3"}],"replies":[{"embeddable":true,"href":"https:\/\/www.diarioimagen.net\/index.php?rest_route=%2Fwp%2Fv2%2Fcomments&post=333739"}],"version-history":[{"count":0,"href":"https:\/\/www.diarioimagen.net\/index.php?rest_route=\/wp\/v2\/posts\/333739\/revisions"}],"wp:featuredmedia":[{"embeddable":true,"href":"https:\/\/www.diarioimagen.net\/index.php?rest_route=\/wp\/v2\/media\/333813"}],"wp:attachment":[{"href":"https:\/\/www.diarioimagen.net\/index.php?rest_route=%2Fwp%2Fv2%2Fmedia&parent=333739"}],"wp:term":[{"taxonomy":"category","embeddable":true,"href":"https:\/\/www.diarioimagen.net\/index.php?rest_route=%2Fwp%2Fv2%2Fcategories&post=333739"},{"taxonomy":"post_tag","embeddable":true,"href":"https:\/\/www.diarioimagen.net\/index.php?rest_route=%2Fwp%2Fv2%2Ftags&post=333739"}],"curies":[{"name":"wp","href":"https:\/\/api.w.org\/{rel}","templated":true}]}}