{"id":333747,"date":"2017-07-06T00:03:54","date_gmt":"2017-07-06T05:03:54","guid":{"rendered":"http:\/\/www.diarioimagen.net\/?p=333747"},"modified":"2017-07-06T04:53:21","modified_gmt":"2017-07-06T09:53:21","slug":"listos-los-cursos-de-verano-en-tultepec","status":"publish","type":"post","link":"https:\/\/www.diarioimagen.net\/?p=333747","title":{"rendered":"Listos, los cursos de verano en Tultepec"},"content":{"rendered":"<p><a href=\"http:\/\/www.diarioimagen.net\/?attachment_id=333840\" rel=\"attachment wp-att-333840\"><img loading=\"lazy\" decoding=\"async\" class=\"aligncenter size-large wp-image-333840\" src=\"http:\/\/www.diarioimagen.net\/wp-content\/uploads\/2017\/07\/TULTEPEC-3157-460x259.jpg\" alt=\"\" width=\"460\" height=\"259\" srcset=\"https:\/\/www.diarioimagen.net\/wp-content\/uploads\/2017\/07\/TULTEPEC-3157-460x259.jpg 460w, https:\/\/www.diarioimagen.net\/wp-content\/uploads\/2017\/07\/TULTEPEC-3157-240x135.jpg 240w, https:\/\/www.diarioimagen.net\/wp-content\/uploads\/2017\/07\/TULTEPEC-3157-235x132.jpg 235w, https:\/\/www.diarioimagen.net\/wp-content\/uploads\/2017\/07\/TULTEPEC-3157-202x114.jpg 202w, https:\/\/www.diarioimagen.net\/wp-content\/uploads\/2017\/07\/TULTEPEC-3157-350x196.jpg 350w, https:\/\/www.diarioimagen.net\/wp-content\/uploads\/2017\/07\/TULTEPEC-3157-220x123.jpg 220w, https:\/\/www.diarioimagen.net\/wp-content\/uploads\/2017\/07\/TULTEPEC-3157-237x132.jpg 237w, https:\/\/www.diarioimagen.net\/wp-content\/uploads\/2017\/07\/TULTEPEC-3157.jpg 480w\" sizes=\"auto, (max-width: 460px) 100vw, 460px\" \/><\/a><\/p>\n<p>&nbsp;<\/p>\n<p><strong>Tultepec, Estado de M\u00e9xico.- <\/strong>El H. Ayuntamiento, a trav\u00e9s de la Direcci\u00f3n de Educaci\u00f3n y Cultura, invita a todos los ni\u00f1os de entre 6 y 12 a\u00f1os de edad, a participar en el Curso de Verano Mis Vacaciones en la Biblioteca, que se llevar\u00e1 a cabo del 31 de julio al 16 de agosto en las cinco bibliotecas municipales, en un horario de 9:00 a 13:00 horas de lunes a viernes.<\/p>\n<p>La convocatoria est\u00e1 dirigida a todos los menores dispuestos a recorrer el mundo de la lectura, lo que les permitir\u00e1 divertirse y aprender durante este verano, a trav\u00e9s de leyendas, cuentos, aventuras e historias; \u201cdonde los participantes podr\u00e1n compartir el placer de imaginar, crear y aprender\u201d.<\/p>\n","protected":false},"excerpt":{"rendered":"<p>El H. Ayuntamiento, a trav\u00e9s de la Direcci\u00f3n de Educaci\u00f3n y Cultura, invita a todos los ni\u00f1os de entre 6 y 12 a\u00f1os de edad, a participar en el Curso de Verano Mis Vacaciones en la Biblioteca, que se llevar\u00e1 a cabo del 31 de julio al 16 de agosto en las cinco bibliotecas municipales, en un horario de 9:00 a 13:00 horas de lunes a viernes.<\/p>\n","protected":false},"author":3,"featured_media":333840,"comment_status":"open","ping_status":"open","sticky":false,"template":"","format":"standard","meta":{"_monsterinsights_skip_tracking":false,"_monsterinsights_sitenote_active":false,"_monsterinsights_sitenote_note":"","_monsterinsights_sitenote_category":0,"footnotes":""},"categories":[35155],"tags":[52510,43675,3802,42538],"class_list":["post-333747","post","type-post","status-publish","format-standard","has-post-thumbnail","hentry","category-estado-de-mexico-estado-de-mexico","tag-cursos","tag-estado-de-mexico","tag-tultepec","tag-verano"],"_links":{"self":[{"href":"https:\/\/www.diarioimagen.net\/index.php?rest_route=\/wp\/v2\/posts\/333747","targetHints":{"allow":["GET"]}}],"collection":[{"href":"https:\/\/www.diarioimagen.net\/index.php?rest_route=\/wp\/v2\/posts"}],"about":[{"href":"https:\/\/www.diarioimagen.net\/index.php?rest_route=\/wp\/v2\/types\/post"}],"author":[{"embeddable":true,"href":"https:\/\/www.diarioimagen.net\/index.php?rest_route=\/wp\/v2\/users\/3"}],"replies":[{"embeddable":true,"href":"https:\/\/www.diarioimagen.net\/index.php?rest_route=%2Fwp%2Fv2%2Fcomments&post=333747"}],"version-history":[{"count":0,"href":"https:\/\/www.diarioimagen.net\/index.php?rest_route=\/wp\/v2\/posts\/333747\/revisions"}],"wp:featuredmedia":[{"embeddable":true,"href":"https:\/\/www.diarioimagen.net\/index.php?rest_route=\/wp\/v2\/media\/333840"}],"wp:attachment":[{"href":"https:\/\/www.diarioimagen.net\/index.php?rest_route=%2Fwp%2Fv2%2Fmedia&parent=333747"}],"wp:term":[{"taxonomy":"category","embeddable":true,"href":"https:\/\/www.diarioimagen.net\/index.php?rest_route=%2Fwp%2Fv2%2Fcategories&post=333747"},{"taxonomy":"post_tag","embeddable":true,"href":"https:\/\/www.diarioimagen.net\/index.php?rest_route=%2Fwp%2Fv2%2Ftags&post=333747"}],"curies":[{"name":"wp","href":"https:\/\/api.w.org\/{rel}","templated":true}]}}