{"id":333866,"date":"2017-07-07T00:11:18","date_gmt":"2017-07-07T05:11:18","guid":{"rendered":"http:\/\/www.diarioimagen.net\/?p=333866"},"modified":"2017-07-06T23:51:45","modified_gmt":"2017-07-07T04:51:45","slug":"ladrones-asesinan-a-sacerdote-de-los-reyes-la-paz","status":"publish","type":"post","link":"https:\/\/www.diarioimagen.net\/?p=333866","title":{"rendered":"Asesinan a sacerdote de Los Reyes La Paz en un robo"},"content":{"rendered":"<ul>\n<li><em><strong>Lo encintaron y lo degollaron<\/strong><\/em><\/li>\n<\/ul>\n<p>&nbsp;<\/p>\n<div id=\"attachment_333867\" style=\"width: 470px\" class=\"wp-caption aligncenter\"><img loading=\"lazy\" decoding=\"async\" aria-describedby=\"caption-attachment-333867\" class=\"wp-image-333867 size-large\" src=\"http:\/\/www.diarioimagen.net\/wp-content\/uploads\/2017\/07\/CURA7-portal-460x268.jpg\" alt=\"\" width=\"460\" height=\"268\" srcset=\"https:\/\/www.diarioimagen.net\/wp-content\/uploads\/2017\/07\/CURA7-portal-460x268.jpg 460w, https:\/\/www.diarioimagen.net\/wp-content\/uploads\/2017\/07\/CURA7-portal-240x140.jpg 240w, https:\/\/www.diarioimagen.net\/wp-content\/uploads\/2017\/07\/CURA7-portal.jpg 480w\" sizes=\"auto, (max-width: 460px) 100vw, 460px\" \/><p id=\"caption-attachment-333867\" class=\"wp-caption-text\">El cuerpo del sacerdote Luis L\u00f3pez Villa, de 73 a\u00f1os, fue hallado en su rec\u00e1mara de la parroquia de Los Reyes La Paz.<\/p><\/div>\n<p>&nbsp;<\/p>\n<p>Un sacerdote de la parroquia de San Isidro Labrador de Los Reyes La Paz, Estado de M\u00e9xico, fue degollado por presuntos delincuentes que se metieron a la iglesia, aparentemente para robar, seg\u00fan fuentes de la Comisi\u00f3n Estatal de Seguridad Ciudadana.<\/p>\n<p>El cuerpo del cura Luis L\u00f3pez Villa, de 73 a\u00f1os, fue hallado en su rec\u00e1mara, estaba degollado y atado de las manos y la boca con cinta adhesiva.<\/p>\n<p>L\u00f3pez Villa ten\u00eda dos lesiones de arma punzocortante: una en el cuello y otra en el pecho del lado izquierdo.<\/p>\n<p>El crimen ocurri\u00f3 antes de las 20:00 horas, de acuerdo con testigos quienes se dieron cuenta de que la puerta de la parroquia, ubicada en calle Francisco I. Madero, colonia Ejidal El Pino, estaba abierta y las luces encendidas.<\/p>\n<p>Por el crimen, la fiscal\u00eda estatal inicio la carpeta ECA\/ FHM\/FHM\/034\/140422\/17\/07 para investigar el hecho, en donde se us\u00f3 \u201cviolencia, ya que el sacerdote fue sometido, atado con cinta adhesiva el cuerpo y las manos\u201d.<\/p>\n<p style=\"text-align: center;\"><strong>Norberto Rivera <\/strong><strong>exige justicia<\/strong><\/p>\n<p>Por su parte, el cardenal Norberto Rivera Carrera confirm\u00f3 y lament\u00f3 el asesinato del sacerdote Luis L\u00f3pez Villa y llam\u00f3 a las autoridades a llevar hasta las \u00faltimas consecuencias las diligencias para que este crimen no quede impune.<\/p>\n<p>El arzobispo primado tambi\u00e9n se solidariz\u00f3 con el obispo de Nezahualc\u00f3yotl, monse\u00f1or H\u00e9ctor Luis Morales S\u00e1nchez, \u201cy ruega a Dios Nuestro Se\u00f1or por el eterno descanso del sacerdote y la conversi\u00f3n de quienes perpetraron este condenable hecho\u201d.<\/p>\n<p>\u201cEl cardenal Norberto Rivera Carrera, arzobispo primado de M\u00e9xico, su suma al dolor de la Di\u00f3cesis de Nezahualc\u00f3yotl y de toda la Iglesia en el pa\u00eds por el asesinato del sacerdote Luis L\u00f3pez Villa\u201d, indica el texto.<\/p>\n","protected":false},"excerpt":{"rendered":"<p>Un sacerdote de la parroquia de San Isidro Labrador de Los Reyes La Paz, Estado de M\u00e9xico, fue degollado por presuntos delincuentes que se metieron a la iglesia, aparentemente para robar, seg\u00fan fuentes de la Comisi\u00f3n Estatal de Seguridad Ciudadana.<\/p>\n","protected":false},"author":5,"featured_media":333867,"comment_status":"open","ping_status":"open","sticky":false,"template":"","format":"standard","meta":{"_monsterinsights_skip_tracking":false,"_monsterinsights_sitenote_active":false,"_monsterinsights_sitenote_note":"","_monsterinsights_sitenote_category":0,"footnotes":""},"categories":[7],"tags":[25624,45166,20541,3883,9439,13955,45925,43677],"class_list":["post-333866","post","type-post","status-publish","format-standard","has-post-thumbnail","hentry","category-seguridad","tag-asesina","tag-ladrones","tag-los-reyes","tag-los-reyes-la-paz","tag-norberto-rivera-carrera","tag-robo","tag-sacerdote","tag-seguridad"],"_links":{"self":[{"href":"https:\/\/www.diarioimagen.net\/index.php?rest_route=\/wp\/v2\/posts\/333866","targetHints":{"allow":["GET"]}}],"collection":[{"href":"https:\/\/www.diarioimagen.net\/index.php?rest_route=\/wp\/v2\/posts"}],"about":[{"href":"https:\/\/www.diarioimagen.net\/index.php?rest_route=\/wp\/v2\/types\/post"}],"author":[{"embeddable":true,"href":"https:\/\/www.diarioimagen.net\/index.php?rest_route=\/wp\/v2\/users\/5"}],"replies":[{"embeddable":true,"href":"https:\/\/www.diarioimagen.net\/index.php?rest_route=%2Fwp%2Fv2%2Fcomments&post=333866"}],"version-history":[{"count":0,"href":"https:\/\/www.diarioimagen.net\/index.php?rest_route=\/wp\/v2\/posts\/333866\/revisions"}],"wp:featuredmedia":[{"embeddable":true,"href":"https:\/\/www.diarioimagen.net\/index.php?rest_route=\/wp\/v2\/media\/333867"}],"wp:attachment":[{"href":"https:\/\/www.diarioimagen.net\/index.php?rest_route=%2Fwp%2Fv2%2Fmedia&parent=333866"}],"wp:term":[{"taxonomy":"category","embeddable":true,"href":"https:\/\/www.diarioimagen.net\/index.php?rest_route=%2Fwp%2Fv2%2Fcategories&post=333866"},{"taxonomy":"post_tag","embeddable":true,"href":"https:\/\/www.diarioimagen.net\/index.php?rest_route=%2Fwp%2Fv2%2Ftags&post=333866"}],"curies":[{"name":"wp","href":"https:\/\/api.w.org\/{rel}","templated":true}]}}