{"id":334151,"date":"2017-07-10T00:09:34","date_gmt":"2017-07-10T05:09:34","guid":{"rendered":"http:\/\/www.diarioimagen.net\/?p=334151"},"modified":"2017-07-10T05:58:52","modified_gmt":"2017-07-10T10:58:52","slug":"recibe-cruz-roa-declaratoria-del-10o-parlamento-de-las-ninas-y-ninos-de-mexico","status":"publish","type":"post","link":"https:\/\/www.diarioimagen.net\/?p=334151","title":{"rendered":"Recibe Cruz Roa Declaratoria del 10\u00ba Parlamento de las Ni\u00f1as y Ni\u00f1os de M\u00e9xico"},"content":{"rendered":"<p><a href=\"http:\/\/www.diarioimagen.net\/wp-content\/uploads\/2017\/07\/LEGISLATURA-3158.jpg\"><img loading=\"lazy\" decoding=\"async\" class=\"aligncenter size-large wp-image-334232\" src=\"http:\/\/www.diarioimagen.net\/wp-content\/uploads\/2017\/07\/LEGISLATURA-3158-460x306.jpg\" alt=\"\" width=\"460\" height=\"306\" srcset=\"https:\/\/www.diarioimagen.net\/wp-content\/uploads\/2017\/07\/LEGISLATURA-3158-460x306.jpg 460w, https:\/\/www.diarioimagen.net\/wp-content\/uploads\/2017\/07\/LEGISLATURA-3158-240x160.jpg 240w, https:\/\/www.diarioimagen.net\/wp-content\/uploads\/2017\/07\/LEGISLATURA-3158.jpg 700w\" sizes=\"auto, (max-width: 460px) 100vw, 460px\" \/><\/a><\/p>\n<p>&nbsp;<\/p>\n<p><strong>Toluca, Estado de M\u00e9xico.-<\/strong> La 59 Legislatura mexiquense, a trav\u00e9s del diputado Cruz Roa S\u00e1nchez, presidente de la Junta de Coordinaci\u00f3n Pol\u00edtica, recibi\u00f3 la Declaratoria del D\u00e9cimo Parlamento de las Ni\u00f1as y Ni\u00f1os de M\u00e9xico 2017, que contiene las reflexiones y propuestas sobre derechos de los infantes, la cual se comprometi\u00f3 a analizar junto a los legisladores de todos los grupos parlamentarios.<\/p>\n<p>El tambi\u00e9n coordinador parlamentario del PRI instruy\u00f3 al presidente de la Comisi\u00f3n de Gobernaci\u00f3n y Puntos Constitucionales, diputado Jorge Omar Vel\u00e1zquez Ru\u00edz, a que inicie el an\u00e1lisis de las propuestas y compromisos contenidos en este documento, producto del trabajo de 300 ni\u00f1as y ni\u00f1os de todo el pa\u00eds.<\/p>\n","protected":false},"excerpt":{"rendered":"<p>La 59 Legislatura mexiquense, a trav\u00e9s del diputado Cruz Roa S\u00e1nchez, presidente de la Junta de Coordinaci\u00f3n Pol\u00edtica, recibi\u00f3 la Declaratoria del D\u00e9cimo Parlamento de las Ni\u00f1as y Ni\u00f1os de M\u00e9xico 2017, que contiene las reflexiones y propuestas sobre derechos de los infantes, la cual se comprometi\u00f3 a analizar junto a los legisladores de todos los grupos parlamentarios.<\/p>\n","protected":false},"author":3,"featured_media":334232,"comment_status":"open","ping_status":"open","sticky":false,"template":"","format":"standard","meta":{"_monsterinsights_skip_tracking":false,"_monsterinsights_sitenote_active":false,"_monsterinsights_sitenote_note":"","_monsterinsights_sitenote_category":0,"footnotes":""},"categories":[35155],"tags":[50923,43675,452],"class_list":["post-334151","post","type-post","status-publish","format-standard","has-post-thumbnail","hentry","category-estado-de-mexico-estado-de-mexico","tag-cruz-roa-sanchez","tag-estado-de-mexico","tag-toluca"],"_links":{"self":[{"href":"https:\/\/www.diarioimagen.net\/index.php?rest_route=\/wp\/v2\/posts\/334151","targetHints":{"allow":["GET"]}}],"collection":[{"href":"https:\/\/www.diarioimagen.net\/index.php?rest_route=\/wp\/v2\/posts"}],"about":[{"href":"https:\/\/www.diarioimagen.net\/index.php?rest_route=\/wp\/v2\/types\/post"}],"author":[{"embeddable":true,"href":"https:\/\/www.diarioimagen.net\/index.php?rest_route=\/wp\/v2\/users\/3"}],"replies":[{"embeddable":true,"href":"https:\/\/www.diarioimagen.net\/index.php?rest_route=%2Fwp%2Fv2%2Fcomments&post=334151"}],"version-history":[{"count":0,"href":"https:\/\/www.diarioimagen.net\/index.php?rest_route=\/wp\/v2\/posts\/334151\/revisions"}],"wp:featuredmedia":[{"embeddable":true,"href":"https:\/\/www.diarioimagen.net\/index.php?rest_route=\/wp\/v2\/media\/334232"}],"wp:attachment":[{"href":"https:\/\/www.diarioimagen.net\/index.php?rest_route=%2Fwp%2Fv2%2Fmedia&parent=334151"}],"wp:term":[{"taxonomy":"category","embeddable":true,"href":"https:\/\/www.diarioimagen.net\/index.php?rest_route=%2Fwp%2Fv2%2Fcategories&post=334151"},{"taxonomy":"post_tag","embeddable":true,"href":"https:\/\/www.diarioimagen.net\/index.php?rest_route=%2Fwp%2Fv2%2Ftags&post=334151"}],"curies":[{"name":"wp","href":"https:\/\/api.w.org\/{rel}","templated":true}]}}