{"id":334287,"date":"2017-07-11T00:07:08","date_gmt":"2017-07-11T05:07:08","guid":{"rendered":"http:\/\/www.diarioimagen.net\/?p=334287"},"modified":"2017-07-12T00:07:37","modified_gmt":"2017-07-12T05:07:37","slug":"llega-a-los-123-5-millones-la-poblacion-de-mexico","status":"publish","type":"post","link":"https:\/\/www.diarioimagen.net\/?p=334287","title":{"rendered":"Ascendi\u00f3 a 123.5 millones la poblaci\u00f3n de M\u00e9xico"},"content":{"rendered":"<ul>\n<li><strong><em>Reporte del INEGI<\/em><\/strong><\/li>\n<\/ul>\n<p>&nbsp;<\/p>\n<div id=\"attachment_334288\" style=\"width: 470px\" class=\"wp-caption aligncenter\"><img loading=\"lazy\" decoding=\"async\" aria-describedby=\"caption-attachment-334288\" class=\"wp-image-334288 size-large\" src=\"http:\/\/www.diarioimagen.net\/wp-content\/uploads\/2017\/07\/POBLACION11-portal-460x268.jpg\" alt=\"\" width=\"460\" height=\"268\" srcset=\"https:\/\/www.diarioimagen.net\/wp-content\/uploads\/2017\/07\/POBLACION11-portal-460x268.jpg 460w, https:\/\/www.diarioimagen.net\/wp-content\/uploads\/2017\/07\/POBLACION11-portal-240x140.jpg 240w, https:\/\/www.diarioimagen.net\/wp-content\/uploads\/2017\/07\/POBLACION11-portal.jpg 480w\" sizes=\"auto, (max-width: 460px) 100vw, 460px\" \/><p id=\"caption-attachment-334288\" class=\"wp-caption-text\">El n\u00famero de personas que residen en M\u00e9xico es de 123.5 millones en 2017, de las cuales m\u00e1s de la mitad, 65.2 millones, tiene menos de 29 a\u00f1os.<\/p><\/div>\n<p>&nbsp;<\/p>\n<p>En este a\u00f1o, la poblaci\u00f3n de M\u00e9xico ascendi\u00f3 a 123.5 millones de habitantes, de los cuales m\u00e1s de la mitad (65.2 millones) tiene menos de 29 a\u00f1os, inform\u00f3 el Instituto Nacional de Estad\u00edstica y Geograf\u00eda (INEGI).<\/p>\n<p>De acuerdo con las estad\u00edsticas a prop\u00f3sito del D\u00eda Mundial de la Poblaci\u00f3n, por sexo, el porcentaje de mujeres mexicanas (51.2%) es ligeramente mayor al de los hombres (48.8 por ciento).<\/p>\n<p>Por edad se observa que hay una gran cantidad de ni\u00f1os menores de 15 a\u00f1os (33.3 millones) y j\u00f3venes de 15 a 29 a\u00f1os (31.9 millones).<\/p>\n<p>Si bien es cierto que estos grupos de edad concentran poco m\u00e1s de la mitad de la poblaci\u00f3n total (52.8%), tambi\u00e9n es cierto que su participaci\u00f3n relativa ha disminuido en el transcurso del tiempo.<\/p>\n<p>Entre 1990 y 2017, el porcentaje de la poblaci\u00f3n infantil pas\u00f3 de 37.9 a 27%, mientras que la proporci\u00f3n de j\u00f3venes disminuy\u00f3 de 29.7 a 25.8 por ciento.<\/p>\n<p>El INEGI explic\u00f3 que la reducci\u00f3n ininterrumpida de la fecundidad desde finales de la d\u00e9cada de los 70 y el aumento de la esperanza de vida han generado una base piramidal cada vez m\u00e1s angosta y una proporci\u00f3n cada vez m\u00e1s alta de adultos (30 a 59 a\u00f1os) y adultos mayores (60 y m\u00e1s a\u00f1os).<\/p>\n<p>Los primeros incrementaron su porcentaje de 26 a 36.7% entre 1990 y 2017, mientras que en las personas de 60 y m\u00e1s a\u00f1os acrecentaron de 6.4 a 10.5% en igual lapso, y se espera que en 2050 su monto aumente a 32.4 millones (21.5% de la poblaci\u00f3n total).<\/p>\n<p>El INEGI alert\u00f3 que el aumento de los adultos mayores implica desaf\u00edos importantes en materia de pol\u00edtica p\u00fablica, debido a sus consecuencias en el mercado laboral, financiero y la demanda de bienes y servicios, as\u00ed como para la estructura familiar y los lazos intergeneracionales.<\/p>\n<p>Se\u00f1al\u00f3 que otro proceso demogr\u00e1fico vinculado a los cambios en la estructura por edad tiene que ver con el aumento relativo de la poblaci\u00f3n en edades potencialmente activas (bono demogr\u00e1fico).<\/p>\n<p>Esto se puede percibir cuando se analiza la tendencia a la baja de la raz\u00f3n de dependencia demogr\u00e1fica, la cual expresa el n\u00famero de dependientes econ\u00f3micos (cero a 14 a\u00f1os y 60 y m\u00e1s a\u00f1os) por cada 100 personas en edad de trabajar (15 a 59 a\u00f1os).<\/p>\n<p>Indic\u00f3 que entre 1970 y 2017 la raz\u00f3n de dependencia demogr\u00e1fica pas\u00f3 de 107.6 a 59.9 dependientes por cada 100 personas en edades activas, y se prev\u00e9 que en los pr\u00f3ximos a\u00f1os este indicador baje, al hacer m\u00e1s patente el incremento relativo de la poblaci\u00f3n en edad productiva.<\/p>\n<p>\u201cLos desaf\u00edos que presentan ambos procesos (envejecimiento y bono demogr\u00e1fico) deben constituir una coyuntura para que a la poblaci\u00f3n se le garanticen los derechos sociales imprescindibles para generar capacidades y oportunidades de desarrollo\u201d, subray\u00f3.<\/p>\n<p>Expuso que la mayor sobrevivencia de la poblaci\u00f3n es consecuencia de los avances tecnol\u00f3gicos y una mejor cobertura en los servicios de salud, y para 2017 la esperanza de vida al nacer es de 75.3 a\u00f1os, de acuerdo con las proyecciones del Consejo Nacional de Poblaci\u00f3n (Conapo).<\/p>\n<p>&nbsp;<\/p>\n","protected":false},"excerpt":{"rendered":"<p>En este a\u00f1o, la poblaci\u00f3n de M\u00e9xico ascendi\u00f3 a 123.5 millones de habitantes, de los cuales m\u00e1s de la mitad (65.2 millones) tiene menos de 29 a\u00f1os, inform\u00f3 el Instituto Nacional de Estad\u00edstica y Geograf\u00eda (INEGI).<\/p>\n","protected":false},"author":5,"featured_media":334288,"comment_status":"open","ping_status":"open","sticky":false,"template":"","format":"standard","meta":{"_monsterinsights_skip_tracking":false,"_monsterinsights_sitenote_active":false,"_monsterinsights_sitenote_note":"","_monsterinsights_sitenote_category":0,"footnotes":""},"categories":[3],"tags":[193,44,43673,7017],"class_list":["post-334287","post","type-post","status-publish","format-standard","has-post-thumbnail","hentry","category-nacional","tag-inegi","tag-mexico","tag-nacional","tag-poblacion"],"_links":{"self":[{"href":"https:\/\/www.diarioimagen.net\/index.php?rest_route=\/wp\/v2\/posts\/334287","targetHints":{"allow":["GET"]}}],"collection":[{"href":"https:\/\/www.diarioimagen.net\/index.php?rest_route=\/wp\/v2\/posts"}],"about":[{"href":"https:\/\/www.diarioimagen.net\/index.php?rest_route=\/wp\/v2\/types\/post"}],"author":[{"embeddable":true,"href":"https:\/\/www.diarioimagen.net\/index.php?rest_route=\/wp\/v2\/users\/5"}],"replies":[{"embeddable":true,"href":"https:\/\/www.diarioimagen.net\/index.php?rest_route=%2Fwp%2Fv2%2Fcomments&post=334287"}],"version-history":[{"count":0,"href":"https:\/\/www.diarioimagen.net\/index.php?rest_route=\/wp\/v2\/posts\/334287\/revisions"}],"wp:featuredmedia":[{"embeddable":true,"href":"https:\/\/www.diarioimagen.net\/index.php?rest_route=\/wp\/v2\/media\/334288"}],"wp:attachment":[{"href":"https:\/\/www.diarioimagen.net\/index.php?rest_route=%2Fwp%2Fv2%2Fmedia&parent=334287"}],"wp:term":[{"taxonomy":"category","embeddable":true,"href":"https:\/\/www.diarioimagen.net\/index.php?rest_route=%2Fwp%2Fv2%2Fcategories&post=334287"},{"taxonomy":"post_tag","embeddable":true,"href":"https:\/\/www.diarioimagen.net\/index.php?rest_route=%2Fwp%2Fv2%2Ftags&post=334287"}],"curies":[{"name":"wp","href":"https:\/\/api.w.org\/{rel}","templated":true}]}}