{"id":334408,"date":"2017-07-11T00:08:42","date_gmt":"2017-07-11T05:08:42","guid":{"rendered":"http:\/\/www.diarioimagen.net\/?p=334408"},"modified":"2017-07-11T07:22:14","modified_gmt":"2017-07-11T12:22:14","slug":"en-puerta-purga-perredista","status":"publish","type":"post","link":"https:\/\/www.diarioimagen.net\/?p=334408","title":{"rendered":"En puerta, purga perredista"},"content":{"rendered":"<h2>Punto por punto<\/h2>\n<h5>Augusto Corro<\/h5>\n<p>&nbsp;<\/p>\n<div id=\"attachment_334479\" style=\"width: 470px\" class=\"wp-caption aligncenter\"><a href=\"http:\/\/www.diarioimagen.net\/?attachment_id=334479\" rel=\"attachment wp-att-334479\"><img loading=\"lazy\" decoding=\"async\" aria-describedby=\"caption-attachment-334479\" class=\"size-large wp-image-334479\" src=\"http:\/\/www.diarioimagen.net\/wp-content\/uploads\/2017\/07\/mas-lo-que-falta-LUIS-XAVIER-3160-460x355.jpg\" alt=\"\" width=\"460\" height=\"355\" srcset=\"https:\/\/www.diarioimagen.net\/wp-content\/uploads\/2017\/07\/mas-lo-que-falta-LUIS-XAVIER-3160-460x355.jpg 460w, https:\/\/www.diarioimagen.net\/wp-content\/uploads\/2017\/07\/mas-lo-que-falta-LUIS-XAVIER-3160-240x185.jpg 240w, https:\/\/www.diarioimagen.net\/wp-content\/uploads\/2017\/07\/mas-lo-que-falta-LUIS-XAVIER-3160-768x593.jpg 768w, https:\/\/www.diarioimagen.net\/wp-content\/uploads\/2017\/07\/mas-lo-que-falta-LUIS-XAVIER-3160.jpg 1200w\" sizes=\"auto, (max-width: 460px) 100vw, 460px\" \/><\/a><p id=\"caption-attachment-334479\" class=\"wp-caption-text\">M\u00e1s lo que falta&#8230; | Luis Xavier<\/p><\/div>\n<p>&nbsp;<\/p>\n<p>En el Partido de la Revoluci\u00f3n Democr\u00e1tica (PRD) se aplicar\u00e1 la guillotina contra aquellos opositores a la pol\u00edtica aliancista.<\/p>\n<p>Entre los amarillos que ser\u00e1n expulsados de ese instituto pol\u00edtico se encuentran ex dirigentes como Pablo G\u00f3mez y Leonel Godoy.<\/p>\n<p>El problema obedece a la inconformidad de perredistas por la integraci\u00f3n de un Frente Amplio Democr\u00e1tico (FAD), para las elecciones presidenciales del 2018.<\/p>\n<p>El PRD se encuentra en un tobog\u00e1n rumbo al abismo pol\u00edtico. Su presidenta, Alejandra Barrales, no le atina al rumbo.<\/p>\n<p>El divisionismo, parte de la herencia izquierdista, se agudiz\u00f3 con la llegada de la dirigente, quien se ufana de su riqueza y de su departamento lujoso en Miami, Estados Unidos.<\/p>\n<p>En el PRD, los \u00faltimos meses fueron de zozobra entre sus militantes que conocieron la renuncia de sus senadores, encabezados por Miguel Barbosa.<\/p>\n<p>Pero la gota de agua que derram\u00f3 el vaso fue el tema de la coalici\u00f3n PRD-PAN. Las bases amarillas no fueron consultadas para aliarse con los blanquiazules. La inconformidad no esper\u00f3.<\/p>\n<p>El PRD, formado por varias tribus, con dificultad se llega a la unanimidad de criterio. A\u00fan falta la opini\u00f3n de esos grupos, que ven en la pol\u00edtica aliancista de su partido la incongruencia total. \u00bfIzquierda y derecha unidas? \u00bfMezcla de agua con aceite? Algo grave ocurre en la partidocracia.<\/p>\n<p><strong>TRUMP, \u201cRACISTA E IGNORANTE\u201d: ROBERT DE NIRO<\/strong><\/p>\n<p>Una cosa s\u00ed es cierta: el presidente Donald Trump no eludir\u00e1, con facilidad, el problema de la injerencia rusa en las elecciones de Estados Unidos.<\/p>\n<p>Cada vez son m\u00e1s las personas relacionadas con ese affaire. Ahora, el hijo del magnate, Donald Trump Jr., es se\u00f1alado de entablar pl\u00e1ticas con\u00a0 la abogada Natalia Veselnitskaya, con el prop\u00f3sito de obtener \u201cinformaci\u00f3n da\u00f1ina\u201d sobre la candidata dem\u00f3crata, Hillary Clinton\u201d.<\/p>\n<p>El junior dijo que s\u00ed se reuni\u00f3 con la extranjera, pero que trat\u00f3 temas relacionados con la adopci\u00f3n de ni\u00f1os rusos.<\/p>\n<p>El mandatario Trump es investigado por posible obstrucci\u00f3n a la justicia por el fiscal especial Robert Mueller, relacionada con la interferencia de los rusos en la pol\u00edtica estadunidense.<\/p>\n<p>La situaci\u00f3n se le complic\u00f3 al magnate de la construcci\u00f3n cuando se enfrent\u00f3 al director del FBI, James Comey, a quien despidi\u00f3 del cargo en forma abrupta.<\/p>\n<p>Hay escritos de Comey en los dice que Trump le pidi\u00f3 cerrar las pesquisas \u201cesperando que lo pudiera dejarlo pasar\u201d, en alusi\u00f3n a la investigaci\u00f3n mencionada. El esc\u00e1ndalo sigue. Es una piedra en el zapato que el presidente no sabe como quit\u00e1rsela.<\/p>\n<p>Un juicio pol\u00edtico podr\u00eda a esperar al republicano, en caso de resultar responsable de alg\u00fan delito en este asunto.<\/p>\n<p>En tanto, el presidente estadounidense sigue montado en su idea de construir el muro fronterizo entre M\u00e9xico y EU. \u00a0Lo dice en todos lados y a todas horas. Es la t\u00e1ctica para mantener su disminuida preferencia electoral de los militantes de derecha extrema. A fuerza de su necesad, el discurso de Trump pierde fuerza. Los adversarios pol\u00edticos ya le tomaron la medida, pues hasta la fecha, sus promesas de campa\u00f1a son demagogia pura; pero que s\u00ed da\u00f1a a los migrantes indefensos que llegan a EU. Estos son los \u00fanicos que pagan los platos rotos, y de qu\u00e9 manera.<\/p>\n<p>El actor Robert De Niro no tuvo empacho en calificar a Donald Trump como \u201cun mat\u00f3n racista e ignorante\u201d. Desde que Trump y su pandilla se apoderaron de la Casa Blanca, Estados Unidos entra en una espiral descendente.<\/p>\n<p>As\u00ed lo manifest\u00f3 De Niro, muy atinado por cierto, en un discurso en el Instituto de Asuntos Humanitarios Internacionales de la Universidad Fordham, en Nueva York, hace unos d\u00edas.<\/p>\n<p style=\"text-align: center;\"><strong>\u201cHAZ ALGO SE\u00d1OR GOBERNDOR\u201d<\/strong><\/p>\n<p>Le exigen al gobernador de Puebla, Gali, de extracci\u00f3n panista, que haga algo por su estado, pues en los \u00faltimos meses creci\u00f3 la espiral de la violencia.<\/p>\n<p>Miles de poblanos marcharon el domingo para denunciar el hartazgo social por la alta incidencia delictiva.<\/p>\n<p>Los manifestantes le pidieron a las autoridades una nueva estrategia de combate a la delincuencia, en la que se tomen en cuenta a la sociedad.<\/p>\n<p>La marcha fue convocada por el Observatorio Ciudadano Laboral Poblano. Participaron vecinos de diferentes colonias, quienes se quejaron de los asaltos. \u201cNo se conforman con robarnos, tambi\u00e9n nos golpean\u201d, dijeron los inconformes.<\/p>\n<p><em><a href=\"mailto:aco2742@hotmail.com\" target=\"_blank\" rel=\"noopener noreferrer\">aco2742@hotmail.com<\/a><\/em><\/p>\n","protected":false},"excerpt":{"rendered":"<p><span style=\"color: #005497;\"><strong>Augusto Corro<\/strong><\/span><br \/>\n<br \/>\nEn el Partido de la Revoluci\u00f3n Democr\u00e1tica (PRD) se aplicar\u00e1 la guillotina contra aquellos opositores a la pol\u00edtica aliancista.<\/p>\n","protected":false},"author":3,"featured_media":334479,"comment_status":"open","ping_status":"open","sticky":false,"template":"","format":"standard","meta":{"_monsterinsights_skip_tracking":false,"_monsterinsights_sitenote_active":false,"_monsterinsights_sitenote_note":"","_monsterinsights_sitenote_category":0,"footnotes":""},"categories":[157],"tags":[43686,43674,11515],"class_list":["post-334408","post","type-post","status-publish","format-standard","has-post-thumbnail","hentry","category-augusto-corro","tag-augusto-corro","tag-opinion","tag-punto-por-punto"],"_links":{"self":[{"href":"https:\/\/www.diarioimagen.net\/index.php?rest_route=\/wp\/v2\/posts\/334408","targetHints":{"allow":["GET"]}}],"collection":[{"href":"https:\/\/www.diarioimagen.net\/index.php?rest_route=\/wp\/v2\/posts"}],"about":[{"href":"https:\/\/www.diarioimagen.net\/index.php?rest_route=\/wp\/v2\/types\/post"}],"author":[{"embeddable":true,"href":"https:\/\/www.diarioimagen.net\/index.php?rest_route=\/wp\/v2\/users\/3"}],"replies":[{"embeddable":true,"href":"https:\/\/www.diarioimagen.net\/index.php?rest_route=%2Fwp%2Fv2%2Fcomments&post=334408"}],"version-history":[{"count":0,"href":"https:\/\/www.diarioimagen.net\/index.php?rest_route=\/wp\/v2\/posts\/334408\/revisions"}],"wp:featuredmedia":[{"embeddable":true,"href":"https:\/\/www.diarioimagen.net\/index.php?rest_route=\/wp\/v2\/media\/334479"}],"wp:attachment":[{"href":"https:\/\/www.diarioimagen.net\/index.php?rest_route=%2Fwp%2Fv2%2Fmedia&parent=334408"}],"wp:term":[{"taxonomy":"category","embeddable":true,"href":"https:\/\/www.diarioimagen.net\/index.php?rest_route=%2Fwp%2Fv2%2Fcategories&post=334408"},{"taxonomy":"post_tag","embeddable":true,"href":"https:\/\/www.diarioimagen.net\/index.php?rest_route=%2Fwp%2Fv2%2Ftags&post=334408"}],"curies":[{"name":"wp","href":"https:\/\/api.w.org\/{rel}","templated":true}]}}