{"id":334410,"date":"2017-07-11T00:10:59","date_gmt":"2017-07-11T05:10:59","guid":{"rendered":"http:\/\/www.diarioimagen.net\/?p=334410"},"modified":"2017-07-11T07:22:54","modified_gmt":"2017-07-11T12:22:54","slug":"invitados-de-piedra-a-nuevo-esquema-mundial","status":"publish","type":"post","link":"https:\/\/www.diarioimagen.net\/?p=334410","title":{"rendered":"Invitados de piedra a nuevo esquema mundial"},"content":{"rendered":"<h2>\u00cdndice pol\u00edtico<\/h2>\n<h5>Francisco Rodr\u00edguez<\/h5>\n<p>&nbsp;<\/p>\n<div id=\"attachment_334482\" style=\"width: 470px\" class=\"wp-caption aligncenter\"><a href=\"http:\/\/www.diarioimagen.net\/?attachment_id=334482\" rel=\"attachment wp-att-334482\"><img loading=\"lazy\" decoding=\"async\" aria-describedby=\"caption-attachment-334482\" class=\"size-large wp-image-334482\" src=\"http:\/\/www.diarioimagen.net\/wp-content\/uploads\/2017\/07\/AGUAS-jose-luis-3160-460x328.jpg\" alt=\"\" width=\"460\" height=\"328\" srcset=\"https:\/\/www.diarioimagen.net\/wp-content\/uploads\/2017\/07\/AGUAS-jose-luis-3160-460x328.jpg 460w, https:\/\/www.diarioimagen.net\/wp-content\/uploads\/2017\/07\/AGUAS-jose-luis-3160-240x171.jpg 240w, https:\/\/www.diarioimagen.net\/wp-content\/uploads\/2017\/07\/AGUAS-jose-luis-3160-768x548.jpg 768w, https:\/\/www.diarioimagen.net\/wp-content\/uploads\/2017\/07\/AGUAS-jose-luis-3160-90x65.jpg 90w, https:\/\/www.diarioimagen.net\/wp-content\/uploads\/2017\/07\/AGUAS-jose-luis-3160.jpg 1200w\" sizes=\"auto, (max-width: 460px) 100vw, 460px\" \/><\/a><p id=\"caption-attachment-334482\" class=\"wp-caption-text\">\u00a1Aguas!.. | Jos\u00e9 Luis<\/p><\/div>\n<p>&nbsp;<\/p>\n<p>Emmanuel Macron ha logrado tres victorias indiscutibles que lo inscriben entre los principales pilares de la Comunidad Econ\u00f3mica Europea. La primera, no obstante haber borrado del mapa a las fracciones partidista tradicionales francesas, a partir de una candidatura especial, independiente de los partidos, es contundente.<\/p>\n<p>De entrada, ha logrado la mayor\u00eda absoluta en la Asamblea Nacional, la de los diputados, y el control del Senado, a la manera de un partido \u00fanico que no se ve\u00eda desde los republicanos derechistas y desde el gaullismo hist\u00f3rico, desde que por el lado de los primeros, Valery Giscard d\u2019Estaing logr\u00f3 implantar el Impuesto al Valor Agregado.<\/p>\n<p>Y desde el lado del PFCRN, el general De Gaulle, vali\u00e9ndose de la carta en blanco que le hab\u00eda ofrecido el sistema franc\u00e9s en su residencia de retiro de Colombey-les deux-eglises, retorn\u00f3 al poder con la condici\u00f3n de anular el sistema partidista y establecer el sistema de la Segunda Vuelta Electoral, con miras a eternizar sus posiciones.<\/p>\n<p>No es poco decir. Tanto las iniciativas fiscales de Giscard como las pol\u00edticas gaullistas del intr\u00e9pido general, fueron a partir de los sesentas copiadas por todos los sistemas pol\u00edticos del mundo occidental. Casi no hay pa\u00eds en la actualidad que no haya asumido esas dos f\u00f3rmulas, fiscales y pol\u00edticas, para darle permanencia a sus reg\u00edmenes.<\/p>\n<p>Una segunda victoria ante la sociedad ha sido el anuncio, hace una semana, de emprender una reforma pol\u00edtica que, en principio reducir\u00eda en un tercio del n\u00famero de legisladores y suprimir la Corte de Justicia de la Rep\u00fablica, el \u00f3rgano habilitado para juzgar a los miembros del gobierno por el ejercicio de sus funciones, para que \u00e9stos rindan cuentas ante tribunales ordinarios como el resto de los ciudadanos.<\/p>\n<p>La tercera, que no contento con haber tocado esa diana, Macron, un imberbe reci\u00e9n llegado al poder en el El\u00edseo, se acaba de apuntar un hit en el terreno internacional, que tendr\u00e1 repercusiones inmediatas para la unidad europea, como poder de contrapeso al imperio estadunidense.<\/p>\n<p>Declar\u00f3 Macron que Francia no reconocer\u00e1 jam\u00e1s a una Espa\u00f1a dividida ni seccionada. Que s\u00f3lo mantendr\u00e1n relaciones de intercambio y posiciones comunes si se frena la independencia de Catalu\u00f1a y vuelve a tratarse con la monarqu\u00eda parlamentaria en pleno. Adi\u00f3s a las amenazas de Jordi Pujol y sus seguidores.<\/p>\n<p>La ilusi\u00f3n hist\u00f3rica de los catalanes por ser m\u00e1s europeos que los espa\u00f1oles acab\u00f3 como el sue\u00f1o de una noche de verano, pues tendr\u00e1n que seguir cargando sobre sus espaldas\u200e el viejo retint\u00edn: aqu\u00e9l que dice que Europa acaba en Los Pirineos. De ah\u00ed para abajo, puede muy bien ser \u00c1frica. Un rev\u00e9s inesperado, igualmente bochornoso.<\/p>\n<p>La puntada declarativa del novel Emmanuel Macron tiene serias repercusiones para apoyar el mantenimiento en el poder del grupo dem\u00f3crata cristiano de Angela Merkel en Alemania, as\u00ed como un refreno a los populistas de derecha imitadores de Trump en Irlanda, Escocia y pa\u00edses n\u00f3rdicos, por decir lo menos. Todos ellos, vencidos en recientes contiendas.<\/p>\n<p>Europa manda un claro mensaje al mundo: rechaza a los bravucones impertinentes, as\u00ed como a todo populismo enga\u00f1oso de posturas extremas. Refrenda su confianza en la paz del bienestar, sin sobresaltos. Al menos los pr\u00f3ximos a\u00f1os su voto ser\u00e1 para los pol\u00edticamente correctos, los que no se arriesguen hacia lo desconocido, sin bases comprobables.<\/p>\n<p>Cosas de la Europa tradicional que, por m\u00e1s que se disfrace de social dem\u00f3crata, no pasa de ser un macizo continental que apuesta por las posiciones conservadoras, hoy definidas por la hegemon\u00eda de la casa Rothschild, los eternos jud\u00edos del inmovilismo en su provecho.<\/p>\n<p style=\"text-align: center;\"><strong>China, en el mercado <\/strong><strong>de valores; deuda de EU, <\/strong><strong>60 billones de d\u00f3lares<\/strong><\/p>\n<p>Por otro lado, est\u00e1 por dem\u00e1s decir que el ingreso de los valores monetarios de China al rejuego accionario occidental de Morgan Stanley, y el peso que la mayor econom\u00eda del mundo tendr\u00e1 en los indicadores burs\u00e1tiles de Occidente, son una seria advertencia de los orientales al mundo unipolar de los estadunidenses.<\/p>\n<p>China incursiona con pie firme en el mercado de valores, y gana los aplausos de los ofendidos europeos que tuvieron que tragar sapos sin hacer gestos frente a las amenazas p\u00fablicas de Trump a la OTAN, a la ONU y a la misma Comunidad Econ\u00f3mica Europea exigiendo que, primero liquidaran sus deudas antes de abrir la boca para callar al enfermo anaranjado. Como si la deuda externa gringa de 60 billones de d\u00f3lares fuera un morlaco intercambiable.<\/p>\n<p>La decisi\u00f3n de China abre, junto con las avanzadas francesas, alemanas y rusas, una nueva era diplom\u00e1tica mundial. En unos cuantos d\u00edas hemos transitado del gran garrote, del polic\u00eda mundial, del pensamiento monocorde, del espantajo de la Guerra Fr\u00eda, a una nueva composici\u00f3n del poder.<\/p>\n<p>Una forma pol\u00edtica internacional in\u00e9dita, donde la prevalencia de una sola potencia pasar\u00e1 aceite, frente a los avances tecnol\u00f3gicos, comerciales y tecnol\u00f3gicos de Rusia, Oriente y Occidente europeo, haciendo un contrapeso fenomenal a los caprichos de un solo hombre sentado en la Casa Blanca.<\/p>\n<p>Es la primera vez que este contrapeso ideol\u00f3gico se presenta en serio, desde finales de la Segunda Guerra Mundial. El mundo ya no es monocorde, ni obedece al factor unipolar. De hoy en adelante, las amenazas financieras y el terrorismo gabacho de las invasiones preventivas tendr\u00e1n que pasar por otro tamiz.<\/p>\n<p>El burro toc\u00f3 la flauta. Los improperios del magnate anaranjado lograron el desprop\u00f3sito que siempre temieron los due\u00f1os de la econom\u00eda gabacha. Hoy tendr\u00e1n que pagar haber puesto en el poder a un badulaque que se ha echado al mundo encima, recriminando sus procederes y respondiendo a sus ataques y ocurrencias de twitero.<\/p>\n<p>Los manejadores de la Bolsa de Valores mexicana, confiada a cordobistas-salinistas- zedillistas, tendr\u00e1n que robar con tiento para insuflar financieramente los desfalcos de sus favoritos.<\/p>\n<p>Despu\u00e9s de hoy ya no ser\u00e1 tan f\u00e1cil, aunque las legislaciones burs\u00e1tiles y mercantiles les hayan confiado nuestros ahorros.<\/p>\n<p>Esas leyes nativas no se respetan en las grandes ligas del dinero.<\/p>\n<p>Y no es que Macron, Merkel, Putin, los chinos y japoneses sean unas\u00a0<em>chuchas cuereras<\/em>\u00a0ni genios pol\u00edticos. Si se lo hubieran propuesto no lo lograr\u00edan, pues las ambiciones de los grupos internos y sus compromisos con los gigantes econ\u00f3micos y financieros del gabacho se hubieran entrometido. Es simplemente un reacomodo espectacular que se ha dado, por encima de todas las teor\u00edas en boga.<\/p>\n<p>No es menos importante apuntar en este juego del paralelogramo de fuerzas, que los 40 mil millones de euros que\u00a0<em>El Chapo<\/em>\u00a0Guzm\u00e1n entreg\u00f3, en nombre de sus patrones yanquis a Jordi Pujol en Canc\u00fan para ser lavados en Europa y financiar grupos delincuenciales&#8230;<\/p>\n<p>&#8230; que burlaron las aduanas mar\u00edtimas y terrestres europeas\u200e a placer, ya no podr\u00e1n servirle al catal\u00e1n para amenazar al aparato judicial madrile\u00f1o para espantarlo con el petate del muerto de que, si lo enjuiciaban por lavado de dinero, se separaban Barcelona y sus alrededores del reino espa\u00f1ol. El separatismo jug\u00f3 siempre a favor del criminal catal\u00e1n&#8230; ahora ser\u00e1 m\u00e1s dif\u00edcil.<\/p>\n<p>Hasta Carles Puidgemont, el presidente de la Generalitat que sustituy\u00f3 al paniaguado Artur Mas, empleado de Pujol, le ha bajado el gas, amenazando veladamente a los impulsores del refer\u00e9ndum del 1 de octubre sobre la imposibilidad de blindarles su seguridad personal. El capital, dec\u00eda Marx, es un animal miedoso&#8230; siempre lo comprobamos.<\/p>\n<p>La serpiente no se muerde la cola. El mundo ya no est\u00e1 para bravucones ignorantes, ni para los que se tienden a sus pies como petates de Temoaya, cual ha sido la actitud de los pat\u00e9ticos. Luis Videgaray, el aprendiz, y su\u00a0<em>cacharpo<\/em>\u00a0est\u00e1n al margen del nuevo marco internacional. Y es que en el mundo moderno no tienen cabida los rateros, badulaques, paletos y deslenguados. \u00bfUsted qu\u00e9 har\u00eda?<\/p>\n<p><em><strong>\u00cdndice Flam\u00edgero<\/strong>:<\/em> Err\u00f3neamente, el escribidor atribuy\u00f3 ayer a don Miguel Ram\u00edrez un texto en realidad enviado por don Rub\u00e9n M\u00fajica V\u00e9lez, a quien presento mi disculpa. El texto es el siguiente: Hace unos d\u00edas, Miguel \u00c1ngel Osorio Chong dijo que \u201clas transformaciones nos van a servir para el hoy y para el ma\u00f1ana. Fue necesario dejar de escuchar cada a\u00f1o m\u00e1s y m\u00e1s cifras de pobreza. La estrategia de esta administraci\u00f3n no es de corto plazo\u201d. Y sobre tal es que don Miguel Ram\u00edrez escribe desde Torre\u00f3n, Coahuila:\u00a0 \u201cEnredadito el secretario de Gobernaci\u00f3n. Si las transformaciones van a servir para hoy, quiere decir que la \u2018estrategia\u2019 busca efectos inmediatos. \u2018Dejar de escuchar cada a\u00f1o m\u00e1s y m\u00e1s cifras de pobreza\u2019 revela a un gobierno que no le importa el sufrimiento\u00a0 del pueblo. La intenci\u00f3n \u2013seg\u00fan Osorio Chong\u2013 de implementar una \u2018estrategia\u2019 que no es de corto plazo (\u00bfpor qu\u00e9 los pol\u00edticos intentar\u00e1n afirmar negando?) le recuerdo que un economista Jonh Maynard Keynes se\u00f1al\u00f3: \u201ca largo plazo todos estaremos muertos\u201d. Ojal\u00e1 Osorio Chong desenrede esta madeja a la que no se le encuentra, l\u00f3gicamente, la punta\u201d. Les reitero las disculpas a don Rub\u00e9n y, por supuesto, a don Miguel.<\/p>\n<p><em><a href=\"http:\/\/www.indicepolitico.com\/\" target=\"_blank\" rel=\"noopener noreferrer\">www.indicepolitico.com<\/a><\/em><br \/>\n<em><a href=\"mailto:pacorodriguez@journalist.com\" target=\"_blank\" rel=\"noopener noreferrer\">pacorodriguez@journalist.com<\/a><\/em><br \/>\n<em><a href=\"https:\/\/twitter.com\/pacorodriguez\" target=\"_blank\" rel=\"noopener noreferrer\">@pacorodriguez<\/a><\/em><\/p>\n","protected":false},"excerpt":{"rendered":"<p><span style=\"color: #005497;\"><strong>Francisco Rodr\u00edguez<\/strong><\/span><br \/>\n<br \/>\nEmmanuel Macron ha logrado tres victorias indiscutibles que lo inscriben entre los principales pilares de la Comunidad Econ\u00f3mica Europea. La primera, no obstante haber borrado del mapa a las fracciones partidista tradicionales francesas, a partir de una candidatura especial, independiente de los partidos, es contundente.<\/p>\n","protected":false},"author":3,"featured_media":334482,"comment_status":"open","ping_status":"open","sticky":false,"template":"","format":"standard","meta":{"_monsterinsights_skip_tracking":false,"_monsterinsights_sitenote_active":false,"_monsterinsights_sitenote_note":"","_monsterinsights_sitenote_category":0,"footnotes":""},"categories":[549],"tags":[43689,550,43674],"class_list":["post-334410","post","type-post","status-publish","format-standard","has-post-thumbnail","hentry","category-francisco-rodriguez","tag-francisco-rodriguez","tag-indice-politico","tag-opinion"],"_links":{"self":[{"href":"https:\/\/www.diarioimagen.net\/index.php?rest_route=\/wp\/v2\/posts\/334410","targetHints":{"allow":["GET"]}}],"collection":[{"href":"https:\/\/www.diarioimagen.net\/index.php?rest_route=\/wp\/v2\/posts"}],"about":[{"href":"https:\/\/www.diarioimagen.net\/index.php?rest_route=\/wp\/v2\/types\/post"}],"author":[{"embeddable":true,"href":"https:\/\/www.diarioimagen.net\/index.php?rest_route=\/wp\/v2\/users\/3"}],"replies":[{"embeddable":true,"href":"https:\/\/www.diarioimagen.net\/index.php?rest_route=%2Fwp%2Fv2%2Fcomments&post=334410"}],"version-history":[{"count":0,"href":"https:\/\/www.diarioimagen.net\/index.php?rest_route=\/wp\/v2\/posts\/334410\/revisions"}],"wp:featuredmedia":[{"embeddable":true,"href":"https:\/\/www.diarioimagen.net\/index.php?rest_route=\/wp\/v2\/media\/334482"}],"wp:attachment":[{"href":"https:\/\/www.diarioimagen.net\/index.php?rest_route=%2Fwp%2Fv2%2Fmedia&parent=334410"}],"wp:term":[{"taxonomy":"category","embeddable":true,"href":"https:\/\/www.diarioimagen.net\/index.php?rest_route=%2Fwp%2Fv2%2Fcategories&post=334410"},{"taxonomy":"post_tag","embeddable":true,"href":"https:\/\/www.diarioimagen.net\/index.php?rest_route=%2Fwp%2Fv2%2Ftags&post=334410"}],"curies":[{"name":"wp","href":"https:\/\/api.w.org\/{rel}","templated":true}]}}