{"id":334495,"date":"2017-07-12T00:09:52","date_gmt":"2017-07-12T05:09:52","guid":{"rendered":"http:\/\/www.diarioimagen.net\/?p=334495"},"modified":"2017-07-12T00:17:13","modified_gmt":"2017-07-12T05:17:13","slug":"promulgan-norma-para-reducir-estacionamientos-en-cdmx","status":"publish","type":"post","link":"https:\/\/www.diarioimagen.net\/?p=334495","title":{"rendered":"Habr\u00e1 m\u00e1s veh\u00edculos en las calles de la CDMX"},"content":{"rendered":"<ul>\n<li>Limitar\u00e1n cajones<\/li>\n<\/ul>\n<p>&nbsp;<\/p>\n<div id=\"attachment_334496\" style=\"width: 470px\" class=\"wp-caption aligncenter\"><img loading=\"lazy\" decoding=\"async\" aria-describedby=\"caption-attachment-334496\" class=\"wp-image-334496 size-large\" src=\"http:\/\/www.diarioimagen.net\/wp-content\/uploads\/2017\/07\/ESTACIONAMIENTOS12-portal-460x268.jpg\" alt=\"\" width=\"460\" height=\"268\" srcset=\"https:\/\/www.diarioimagen.net\/wp-content\/uploads\/2017\/07\/ESTACIONAMIENTOS12-portal-460x268.jpg 460w, https:\/\/www.diarioimagen.net\/wp-content\/uploads\/2017\/07\/ESTACIONAMIENTOS12-portal-240x140.jpg 240w, https:\/\/www.diarioimagen.net\/wp-content\/uploads\/2017\/07\/ESTACIONAMIENTOS12-portal.jpg 480w\" sizes=\"auto, (max-width: 460px) 100vw, 460px\" \/><p id=\"caption-attachment-334496\" class=\"wp-caption-text\">En la actualidad existen 6.5 millones cajones de estacionamientos en la Ciudad de M\u00e9xico, lo que equivale a 200 millones de metros cuadrados de terreno.<\/p><\/div>\n<p>&nbsp;<\/p>\n<p>El jefe de gobierno de la Ciudad de M\u00e9xico, Miguel \u00c1ngel Macera Espinosa, promulg\u00f3 la Norma T\u00e9cnica para la Reducci\u00f3n de Estacionamientos para Autom\u00f3viles en la capital del pa\u00eds.<\/p>\n<p>La norma implica cambios trascendentales para el desarrollo de las construcciones en la urbe, al no exigirles un m\u00ednimo sino proponer un l\u00edmite m\u00e1ximo de cajones de estacionamiento.<\/p>\n<p>Mancera Espinosa afirm\u00f3 que para esta iniciativa se cont\u00f3 con la participaci\u00f3n de empresarios, la academia, la sociedad civil y las personas que ofrecen diversos servicios en la ciudad.<\/p>\n<p>La nueva normatividad, aclar\u00f3, no frenar\u00e1 las construcciones sino que mejorar\u00e1 su desarrollo y tendr\u00e1 un beneficio sustancial para todos los capitalinos, al destinar espacios a una poblaci\u00f3n creciente que requiere cerca de 70 mil viviendas al a\u00f1o.<\/p>\n<p>Es decir, detall\u00f3, los desarrolladores que superen el m\u00e1ximo de cajones que establece la norma -que ahora ser\u00e1 la mitad de lo que se exig\u00eda- tendr\u00e1n que pagar por ese n\u00famero extra de lugares para autom\u00f3viles.<\/p>\n<p>Esos recursos se destinar\u00e1n a un fondo de movilidad, para la realizaci\u00f3n de obras de mitigaci\u00f3n e infraestructura para una movilidad sustentable.<\/p>\n<p>Esto \u201ces algo que ya se hace en pa\u00edses desarrollados\u201d, y con ello \u201cla Ciudad de M\u00e9xico se coloca en la punta de lanza porque est\u00e1 haciendo un cambio total en la pir\u00e1mide de la movilidad que coloca en primer lugar a las personas y no al autom\u00f3vil\u201d.<\/p>\n<p>En ese sentido, el mandatario capitalino afirm\u00f3 que las construcciones existentes que estuvieron obligadas a construir un m\u00ednimo de cajones le podr\u00e1n dar otro uso a estos espacios.<\/p>\n<p>Precis\u00f3 que la norma ser\u00e1 revisada cada tres a\u00f1os o antes si es necesario, y la expondr\u00e1 ante la Conferencia Nacional de Gobernadores (Conago), en su calidad de presidente, para replicarla en otros estados.<\/p>\n<p>En tanto, el titular de la Secretar\u00eda Desarrollo Urbano y Vivienda (Seduvi), Felipe de Jes\u00fas Guti\u00e9rrez, recalc\u00f3 que la norma anterior favorec\u00eda el desarrollo de estacionamientos, lo que calific\u00f3 como incongruente con la visi\u00f3n de una ciudad con mejor infraestructura para los peatones y ciclistas, mejor transporte p\u00fablico y mejor calidad del aire.<\/p>\n<p>En la actualidad existen 6.5 millones cajones de estacionamientos en la capital del pa\u00eds, lo que equivale a 200 millones de metros cuadrados de terreno, lo que incrementa el costo de las viviendas y orilla a la poblaci\u00f3n a vivir en municipios lejanos.<\/p>\n<p>A su vez, el director general del Instituto Mexicano para la Competitividad (IMCO), Juan Pardinas, asegur\u00f3 que la norma cambiar\u00e1 \u201cla percepci\u00f3n de que el estacionamiento es un derecho humano\u201d.<\/p>\n","protected":false},"excerpt":{"rendered":"<p>El jefe de gobierno de la Ciudad de M\u00e9xico, Miguel \u00c1ngel Macera Espinosa, promulg\u00f3 la Norma T\u00e9cnica para la Reducci\u00f3n de Estacionamientos para Autom\u00f3viles en la capital del pa\u00eds.<\/p>\n","protected":false},"author":5,"featured_media":334496,"comment_status":"open","ping_status":"open","sticky":false,"template":"","format":"standard","meta":{"_monsterinsights_skip_tracking":false,"_monsterinsights_sitenote_active":false,"_monsterinsights_sitenote_note":"","_monsterinsights_sitenote_category":0,"footnotes":""},"categories":[6],"tags":[204],"class_list":["post-334495","post","type-post","status-publish","format-standard","has-post-thumbnail","hentry","category-cd-de-mexico","tag-ciudad-de-mexico"],"_links":{"self":[{"href":"https:\/\/www.diarioimagen.net\/index.php?rest_route=\/wp\/v2\/posts\/334495","targetHints":{"allow":["GET"]}}],"collection":[{"href":"https:\/\/www.diarioimagen.net\/index.php?rest_route=\/wp\/v2\/posts"}],"about":[{"href":"https:\/\/www.diarioimagen.net\/index.php?rest_route=\/wp\/v2\/types\/post"}],"author":[{"embeddable":true,"href":"https:\/\/www.diarioimagen.net\/index.php?rest_route=\/wp\/v2\/users\/5"}],"replies":[{"embeddable":true,"href":"https:\/\/www.diarioimagen.net\/index.php?rest_route=%2Fwp%2Fv2%2Fcomments&post=334495"}],"version-history":[{"count":0,"href":"https:\/\/www.diarioimagen.net\/index.php?rest_route=\/wp\/v2\/posts\/334495\/revisions"}],"wp:featuredmedia":[{"embeddable":true,"href":"https:\/\/www.diarioimagen.net\/index.php?rest_route=\/wp\/v2\/media\/334496"}],"wp:attachment":[{"href":"https:\/\/www.diarioimagen.net\/index.php?rest_route=%2Fwp%2Fv2%2Fmedia&parent=334495"}],"wp:term":[{"taxonomy":"category","embeddable":true,"href":"https:\/\/www.diarioimagen.net\/index.php?rest_route=%2Fwp%2Fv2%2Fcategories&post=334495"},{"taxonomy":"post_tag","embeddable":true,"href":"https:\/\/www.diarioimagen.net\/index.php?rest_route=%2Fwp%2Fv2%2Ftags&post=334495"}],"curies":[{"name":"wp","href":"https:\/\/api.w.org\/{rel}","templated":true}]}}