{"id":334501,"date":"2017-07-12T00:09:15","date_gmt":"2017-07-12T05:09:15","guid":{"rendered":"http:\/\/www.diarioimagen.net\/?p=334501"},"modified":"2017-07-12T23:49:22","modified_gmt":"2017-07-13T04:49:22","slug":"registra-edomex-cerca-de-300-mil-empleos-en-esta-administracion-eruviel-avila","status":"publish","type":"post","link":"https:\/\/www.diarioimagen.net\/?p=334501","title":{"rendered":"Suman 300 mil empleos en la actual administraci\u00f3n"},"content":{"rendered":"<ul>\n<li><strong><em>Se coloca Edomex como un centro log\u00edstico del pa\u00eds, afirma Eruviel \u00c1vila<\/em><\/strong><\/li>\n<\/ul>\n<h6>Jos\u00e9 Luis Monta\u00f1ez<\/h6>\n<p>&nbsp;<\/p>\n<div id=\"attachment_334502\" style=\"width: 470px\" class=\"wp-caption aligncenter\"><img loading=\"lazy\" decoding=\"async\" aria-describedby=\"caption-attachment-334502\" class=\"wp-image-334502 size-large\" src=\"http:\/\/www.diarioimagen.net\/wp-content\/uploads\/2017\/07\/ERUVIEL12-portal-460x268.jpg\" alt=\"\" width=\"460\" height=\"268\" srcset=\"https:\/\/www.diarioimagen.net\/wp-content\/uploads\/2017\/07\/ERUVIEL12-portal-460x268.jpg 460w, https:\/\/www.diarioimagen.net\/wp-content\/uploads\/2017\/07\/ERUVIEL12-portal-240x140.jpg 240w, https:\/\/www.diarioimagen.net\/wp-content\/uploads\/2017\/07\/ERUVIEL12-portal.jpg 480w\" sizes=\"auto, (max-width: 460px) 100vw, 460px\" \/><p id=\"caption-attachment-334502\" class=\"wp-caption-text\">Eruviel \u00c1vila Viullegas inaugur\u00f3 el distribuidor vial Carretera Nicol\u00e1s Romero-Villa del Carb\u00f3n.<\/p><\/div>\n<p>&nbsp;<\/p>\n<p><strong>Villa del Carb\u00f3n, Estado de M\u00e9xicoi<\/strong>.- El gobernador Eruviel \u00c1vila Villegas dio a conocer que en el primer semestre de este a\u00f1o, en el Estado de M\u00e9xico se crearon m\u00e1s de 37 mil empleos, de acuerdo con cifras del Instituto Mexicano del Seguro Social (IMSS), del Instituto de Seguridad y Servicios Sociales de los Trabajadores al Servicio del Estado (ISSSTE) y del Instituto de Seguridad Social del Estado y Municipios (ISSEMyM), por lo que durante la presente administraci\u00f3n la cifra de fuentes laborales generadas es de 295 mil 113.<\/p>\n<p>Afirm\u00f3 que estas cifras son resultado de la inversi\u00f3n en infraestructura, como la red carretera que se ha consolidado durante su administraci\u00f3n, lo que ha colocado al Edomex como un centro log\u00edstico del pa\u00eds, lo que se traduce en m\u00e1s y mejores empleos, en un lugar ideal para vivir y m\u00e1s inversiones.<\/p>\n<p>\u201cEstos indicadores que nos da el IMSS, no lo dice la propia autoridad estatal, nos lo proporciona el IMSS, nos dice que vamos por la ruta correcta, que las vialidades que estamos construyendo est\u00e1n rindiendo frutos, que nos dicen que los programas que hemos llevado a cabo para simplificar tr\u00e1mites, est\u00e1n riendo frutos atrayendo m\u00e1s inversiones, as\u00ed que es un dato muy concreto, alentador.<\/p>\n<p>Es un dato que nos dice claramente que la armon\u00eda que se ha generado con el sector laboral, con el sector obrero del Estado de M\u00e9xico, con el sector empresarial, con el apoyo del gobierno de la Rep\u00fablica, con el apoyo\u00a0 de los municipios, de los poderes p\u00fablicos nos dice que las cosas\u00a0 en el Estado de M\u00e9xico est\u00e1n funcionado bien\u201d, afirm\u00f3.<\/p>\n<p>Durante la inauguraci\u00f3n del distribuidor vial carretera Nicol\u00e1s Romero-Villa del Carb\u00f3n, el titular del Ejecutivo estatal detall\u00f3 que durante su administraci\u00f3n se invirtieron m\u00e1s de 17 mil 820 millones de pesos para la construcci\u00f3n de 112 kil\u00f3metros de carreteras y vialidades; la modernizaci\u00f3n de 362 kil\u00f3metros; la rehabilitaci\u00f3n de m\u00e1s de 2 mil 224 kil\u00f3metros lineales; en el mantenimiento de m\u00e1s de 4 mil 300 kil\u00f3metros de carreteras y la construcci\u00f3n de 69 distribuidores, puentes vehiculares y peatonales.<\/p>\n<p>Eruviel \u00c1vila refiri\u00f3 otras que est\u00e1n proceso constructivo como el Eje Metropolitano Siervo de la Naci\u00f3n, la carretera Toluca-Naucalpan, el nuevo Aeropuerto Internacional de la Ciudad de M\u00e9xico en Texcoco y el tren interurbano M\u00e9xico-Toluca, obras que facilitar\u00e1n el acceso a servicios de salud, educaci\u00f3n y la recreaci\u00f3n, lo que fortalece la econom\u00eda de la regi\u00f3n y abona a la seguridad vial.<\/p>\n<p>La obra inaugurada tuvo una inversi\u00f3n de 102.17 millones de pesos del fondo metropolitano y del Ramo 23, y contemplo la construcci\u00f3n de un distribuidor vial con cuatro carriles, en una longitud de 3.2 kil\u00f3metros, que beneficiar\u00e1 a 250 mil habitantes, reduciendo sus tiempos de traslado, y en beneficio de los productores de piel del municipio de Villa del Carb\u00f3n.<\/p>\n","protected":false},"excerpt":{"rendered":"<p><span style=\"color: #005497;\">Jos\u00e9 Luis Monta\u00f1ez<\/span><br \/>\n<br \/>\nEl gobernador Eruviel \u00c1vila Villegas dio a conocer que en el primer semestre de este a\u00f1o, en el Estado de M\u00e9xico se crearon m\u00e1s de 37 mil empleos, de acuerdo con cifras del Instituto Mexicano del Seguro Social (IMSS), del Instituto de Seguridad y Servicios Sociales de los Trabajadores al Servicio del Estado (ISSSTE) y del Instituto de Seguridad Social del Estado y Municipios (ISSEMYM), por lo que durante la presente administraci\u00f3n la cifra de fuentes laborales generadas es de 295 mil 113.<\/p>\n","protected":false},"author":5,"featured_media":334502,"comment_status":"open","ping_status":"open","sticky":false,"template":"","format":"standard","meta":{"_monsterinsights_skip_tracking":false,"_monsterinsights_sitenote_active":false,"_monsterinsights_sitenote_note":"","_monsterinsights_sitenote_category":0,"footnotes":""},"categories":[5],"tags":[68,257,699,952,680],"class_list":["post-334501","post","type-post","status-publish","format-standard","has-post-thumbnail","hentry","category-estado-de-mexico","tag-edomex","tag-imss","tag-issemym","tag-issste","tag-villa-del-carbon"],"_links":{"self":[{"href":"https:\/\/www.diarioimagen.net\/index.php?rest_route=\/wp\/v2\/posts\/334501","targetHints":{"allow":["GET"]}}],"collection":[{"href":"https:\/\/www.diarioimagen.net\/index.php?rest_route=\/wp\/v2\/posts"}],"about":[{"href":"https:\/\/www.diarioimagen.net\/index.php?rest_route=\/wp\/v2\/types\/post"}],"author":[{"embeddable":true,"href":"https:\/\/www.diarioimagen.net\/index.php?rest_route=\/wp\/v2\/users\/5"}],"replies":[{"embeddable":true,"href":"https:\/\/www.diarioimagen.net\/index.php?rest_route=%2Fwp%2Fv2%2Fcomments&post=334501"}],"version-history":[{"count":0,"href":"https:\/\/www.diarioimagen.net\/index.php?rest_route=\/wp\/v2\/posts\/334501\/revisions"}],"wp:featuredmedia":[{"embeddable":true,"href":"https:\/\/www.diarioimagen.net\/index.php?rest_route=\/wp\/v2\/media\/334502"}],"wp:attachment":[{"href":"https:\/\/www.diarioimagen.net\/index.php?rest_route=%2Fwp%2Fv2%2Fmedia&parent=334501"}],"wp:term":[{"taxonomy":"category","embeddable":true,"href":"https:\/\/www.diarioimagen.net\/index.php?rest_route=%2Fwp%2Fv2%2Fcategories&post=334501"},{"taxonomy":"post_tag","embeddable":true,"href":"https:\/\/www.diarioimagen.net\/index.php?rest_route=%2Fwp%2Fv2%2Ftags&post=334501"}],"curies":[{"name":"wp","href":"https:\/\/api.w.org\/{rel}","templated":true}]}}