{"id":334541,"date":"2017-07-12T00:10:02","date_gmt":"2017-07-12T05:10:02","guid":{"rendered":"http:\/\/www.diarioimagen.net\/?p=334541"},"modified":"2017-07-12T04:42:56","modified_gmt":"2017-07-12T09:42:56","slug":"rinde-frutos-inversion-en-infraestructura-carretera","status":"publish","type":"post","link":"https:\/\/www.diarioimagen.net\/?p=334541","title":{"rendered":"Rinde frutos inversi\u00f3n en infraestructura carretera"},"content":{"rendered":"<h2>Arco Norte<\/h2>\n<h5>Jos\u00e9 Luis Monta\u00f1ez Aguilar<\/h5>\n<p>&nbsp;<\/p>\n<p><a href=\"http:\/\/www.diarioimagen.net\/?attachment_id=334631\" rel=\"attachment wp-att-334631\"><img loading=\"lazy\" decoding=\"async\" class=\"aligncenter size-large wp-image-334631\" src=\"http:\/\/www.diarioimagen.net\/wp-content\/uploads\/2017\/07\/arco-3161-460x259.jpg\" alt=\"\" width=\"460\" height=\"259\" srcset=\"https:\/\/www.diarioimagen.net\/wp-content\/uploads\/2017\/07\/arco-3161-460x259.jpg 460w, https:\/\/www.diarioimagen.net\/wp-content\/uploads\/2017\/07\/arco-3161-240x135.jpg 240w, https:\/\/www.diarioimagen.net\/wp-content\/uploads\/2017\/07\/arco-3161-235x132.jpg 235w, https:\/\/www.diarioimagen.net\/wp-content\/uploads\/2017\/07\/arco-3161-202x114.jpg 202w, https:\/\/www.diarioimagen.net\/wp-content\/uploads\/2017\/07\/arco-3161-350x196.jpg 350w, https:\/\/www.diarioimagen.net\/wp-content\/uploads\/2017\/07\/arco-3161-220x123.jpg 220w, https:\/\/www.diarioimagen.net\/wp-content\/uploads\/2017\/07\/arco-3161-237x132.jpg 237w, https:\/\/www.diarioimagen.net\/wp-content\/uploads\/2017\/07\/arco-3161.jpg 480w\" sizes=\"auto, (max-width: 460px) 100vw, 460px\" \/><\/a><\/p>\n<p>&nbsp;<\/p>\n<p>Eruviel \u00c1vila destac\u00f3 que en el primer semestre de este a\u00f1o, en el Estado de M\u00e9xico se crearon m\u00e1s de 37 mil empleos, de acuerdo con cifras del IMSS, del ISSSTE y del ISSEMyM, as\u00ed que durante la presente administraci\u00f3n la cifra de fuentes laborales generadas es de 295 mil 113.<\/p>\n<p>Mencion\u00f3 que estas cifras son resultado de la inversi\u00f3n en infraestructura, como la red carretera que se ha consolidado durante su administraci\u00f3n, lo que ha colocado al Estado de M\u00e9xico como un centro log\u00edstico del pa\u00eds, lo que se traduce en m\u00e1s y mejores empleos, en un lugar ideal para vivir y m\u00e1s inversiones.<\/p>\n<p>Durante la inauguraci\u00f3n del distribuidor vial carretera Nicol\u00e1s Romero-Villa del Carb\u00f3n, Eruviel \u00c1vila detall\u00f3 que en su administraci\u00f3n se invirtieron m\u00e1s de 17 mil 820 millones de pesos para la construcci\u00f3n de 112 kil\u00f3metros de carreteras y vialidades, la modernizaci\u00f3n de 362 kil\u00f3metros, la rehabilitaci\u00f3n de m\u00e1s de 2 mil 224 kil\u00f3metros lineales, en el mantenimiento de m\u00e1s de 4 mil 300 kil\u00f3metros de carretas y la construcci\u00f3n de 69 distribuidores, puentes vehiculares y peatonales.<\/p>\n<p style=\"text-align: center;\"><strong>Cobertura de agua potable y drenaje, por encima de la media nacional<\/strong><\/p>\n<p>El Estado de M\u00e9xico cuenta con una cobertura de agua potable del 96.7 por ciento y de 91.7 por ciento en el servicio de drenaje, ambas por encima de la media nacional que son del orden del 92.5 y 91.4 por ciento, respectivamente, lo que significa que m\u00e1s familias cuentan con estos servicios b\u00e1sicos que inciden favorablemente en la salud y bienestar de los mexiquenses, se\u00f1al\u00f3 Jos\u00e9 Manuel Camacho Salm\u00f3n, vocal ejecutivo de la Comisi\u00f3n del Agua del Estado de M\u00e9xico (CAEM).<\/p>\n<p>Explic\u00f3 que el Estado de M\u00e9xico es la entidad con mayor poblaci\u00f3n del pa\u00eds, lo que conlleva a que a\u00f1o con a\u00f1o se incrementen las necesidades de brindar servicios b\u00e1sicos, por lo que en el 2016 se otorg\u00f3 el servicio de agua potable a m\u00e1s de 391 mil 780 habitantes.<\/p>\n<p><em><a href=\"mailto:montanezaguilar@gmail.com\" target=\"_blank\" rel=\"noopener noreferrer\">montanezaguilar@gmail.com<\/a><\/em><\/p>\n","protected":false},"excerpt":{"rendered":"<p><span style=\"color: #005497;\">Jos\u00e9 Luis Monta\u00f1ez Aguilar<\/span><br \/>\n<br \/>\nEruviel \u00c1vila destac\u00f3 que en el primer semestre de este a\u00f1o, en el Estado de M\u00e9xico se crearon m\u00e1s de 37 mil empleos, de acuerdo con cifras del IMSS, del ISSSTE y del ISSEMyM, as\u00ed que durante la presente administraci\u00f3n la cifra de fuentes laborales generadas es de 295 mil 113.<\/p>\n","protected":false},"author":3,"featured_media":334631,"comment_status":"open","ping_status":"open","sticky":false,"template":"","format":"standard","meta":{"_monsterinsights_skip_tracking":false,"_monsterinsights_sitenote_active":false,"_monsterinsights_sitenote_note":"","_monsterinsights_sitenote_category":0,"footnotes":""},"categories":[5],"tags":[13284,43704,43674],"class_list":["post-334541","post","type-post","status-publish","format-standard","has-post-thumbnail","hentry","category-estado-de-mexico","tag-arco-norte","tag-jose-luis-montanez-aguilar","tag-opinion"],"_links":{"self":[{"href":"https:\/\/www.diarioimagen.net\/index.php?rest_route=\/wp\/v2\/posts\/334541","targetHints":{"allow":["GET"]}}],"collection":[{"href":"https:\/\/www.diarioimagen.net\/index.php?rest_route=\/wp\/v2\/posts"}],"about":[{"href":"https:\/\/www.diarioimagen.net\/index.php?rest_route=\/wp\/v2\/types\/post"}],"author":[{"embeddable":true,"href":"https:\/\/www.diarioimagen.net\/index.php?rest_route=\/wp\/v2\/users\/3"}],"replies":[{"embeddable":true,"href":"https:\/\/www.diarioimagen.net\/index.php?rest_route=%2Fwp%2Fv2%2Fcomments&post=334541"}],"version-history":[{"count":0,"href":"https:\/\/www.diarioimagen.net\/index.php?rest_route=\/wp\/v2\/posts\/334541\/revisions"}],"wp:featuredmedia":[{"embeddable":true,"href":"https:\/\/www.diarioimagen.net\/index.php?rest_route=\/wp\/v2\/media\/334631"}],"wp:attachment":[{"href":"https:\/\/www.diarioimagen.net\/index.php?rest_route=%2Fwp%2Fv2%2Fmedia&parent=334541"}],"wp:term":[{"taxonomy":"category","embeddable":true,"href":"https:\/\/www.diarioimagen.net\/index.php?rest_route=%2Fwp%2Fv2%2Fcategories&post=334541"},{"taxonomy":"post_tag","embeddable":true,"href":"https:\/\/www.diarioimagen.net\/index.php?rest_route=%2Fwp%2Fv2%2Ftags&post=334541"}],"curies":[{"name":"wp","href":"https:\/\/api.w.org\/{rel}","templated":true}]}}