{"id":334551,"date":"2017-07-12T00:06:17","date_gmt":"2017-07-12T05:06:17","guid":{"rendered":"http:\/\/www.diarioimagen.net\/?p=334551"},"modified":"2017-07-12T23:49:06","modified_gmt":"2017-07-13T04:49:06","slug":"lluvia-pega-otra-vez-al-norte-y-oriente-del-valle-de-mexico","status":"publish","type":"post","link":"https:\/\/www.diarioimagen.net\/?p=334551","title":{"rendered":"Lluvia \u201cpega\u201d otra vez al norte y oriente del Valle de M\u00e9xico"},"content":{"rendered":"<div id=\"attachment_334684\" style=\"width: 470px\" class=\"wp-caption aligncenter\"><a href=\"http:\/\/www.diarioimagen.net\/?attachment_id=334684\" rel=\"attachment wp-att-334684\"><img loading=\"lazy\" decoding=\"async\" aria-describedby=\"caption-attachment-334684\" class=\"size-large wp-image-334684\" src=\"http:\/\/www.diarioimagen.net\/wp-content\/uploads\/2017\/07\/LLUVIAS-3161-460x312.jpg\" alt=\"\" width=\"460\" height=\"312\" srcset=\"https:\/\/www.diarioimagen.net\/wp-content\/uploads\/2017\/07\/LLUVIAS-3161-460x312.jpg 460w, https:\/\/www.diarioimagen.net\/wp-content\/uploads\/2017\/07\/LLUVIAS-3161-240x163.jpg 240w, https:\/\/www.diarioimagen.net\/wp-content\/uploads\/2017\/07\/LLUVIAS-3161.jpg 600w\" sizes=\"auto, (max-width: 460px) 100vw, 460px\" \/><\/a><p id=\"caption-attachment-334684\" class=\"wp-caption-text\">La fuerte lluvia de ayer azot\u00f3 el norte y oriente de la Ciudad de M\u00e9xico.<\/p><\/div>\n<p>&nbsp;<\/p>\n<p>La tormenta de la tarde de ayer provoc\u00f3 nuevamente inundaciones en varias avenidas y calles de las delegaciones Gustavo A. Madero e Iztapalapa, as\u00ed como en los municipios de Nezahualc\u00f3yotl, Ecatepec, Tlalnepantla y Atizap\u00e1n.<\/p>\n<p>En la zona aleda\u00f1a al Metro Indios Verdes, en donde hace unos d\u00edas se tuvo que \u201crescatar\u201d a afectados en lanchas, se present\u00f3 una nueva inundaci\u00f3n de varios cent\u00edmetros.<\/p>\n<p>Por las inundaciones, autoridades decidieron cerrar la circulaci\u00f3n en Insurgentes Norte, desde Ticom\u00e1n.<\/p>\n<p>En la Gustavo A. Madero, tambi\u00e9n se reportan anegaciones en colonias como Nueva Atzacoalco.<\/p>\n<p>En tanto, al interior del Metro de la Ciudad de M\u00e9xico, el agua se acumul\u00f3 en la zona de torniquetes de las estaciones Lindavista e Instituto del Petr\u00f3leo.<\/p>\n<p>Asimismo, en Iztapalapa al menos cuatro inundaciones afectan a conductores y peatones.<\/p>\n<p>En las v\u00edas Jos\u00e9 Indalecio y Rafael Reyes, en la colonia Santa Martha Acatitla, el agua tambi\u00e9n cubre llantas de autom\u00f3viles.<\/p>\n<p>La calzada Ignacio Zaragoza, a la altura de Luis Navarro, tambi\u00e9n tuvo una anegaci\u00f3n que dificultaba el tr\u00e1nsito vehicular.<\/p>\n<p>En la Avenida Texcoco se formaron dos anegaciones, una a la altura de la calle Justina, y la otra en la esquina de Marco Jim\u00e9nez.<\/p>\n<p>En lo que concierne al Edomex, se presentan complicaciones viales por inundaciones en el cruce de las avenidas Pantitl\u00e1n y Vicente Villada, en el municipio de Nezahualc\u00f3yotl.<\/p>\n<p>En Tlalnepantla, hubo otra inundaci\u00f3n sobre Av. Gustavo Baz, frente a Multiplaza Arboledas.<\/p>\n","protected":false},"excerpt":{"rendered":"<p>La tormenta de la tarde de ayer provoc\u00f3 nuevamente inundaciones en varias avenidas y calles de las delegaciones Gustavo A. Madero e Iztapalapa, as\u00ed como en los municipios de Nezahualc\u00f3yotl, Ecatepec, Tlalnepantla y Atizap\u00e1n.<\/p>\n","protected":false},"author":3,"featured_media":334684,"comment_status":"open","ping_status":"open","sticky":false,"template":"","format":"standard","meta":{"_monsterinsights_skip_tracking":false,"_monsterinsights_sitenote_active":false,"_monsterinsights_sitenote_note":"","_monsterinsights_sitenote_category":0,"footnotes":""},"categories":[6],"tags":[204,1849,34],"class_list":["post-334551","post","type-post","status-publish","format-standard","has-post-thumbnail","hentry","category-cd-de-mexico","tag-ciudad-de-mexico","tag-lluvias","tag-valle-de-mexico"],"_links":{"self":[{"href":"https:\/\/www.diarioimagen.net\/index.php?rest_route=\/wp\/v2\/posts\/334551","targetHints":{"allow":["GET"]}}],"collection":[{"href":"https:\/\/www.diarioimagen.net\/index.php?rest_route=\/wp\/v2\/posts"}],"about":[{"href":"https:\/\/www.diarioimagen.net\/index.php?rest_route=\/wp\/v2\/types\/post"}],"author":[{"embeddable":true,"href":"https:\/\/www.diarioimagen.net\/index.php?rest_route=\/wp\/v2\/users\/3"}],"replies":[{"embeddable":true,"href":"https:\/\/www.diarioimagen.net\/index.php?rest_route=%2Fwp%2Fv2%2Fcomments&post=334551"}],"version-history":[{"count":0,"href":"https:\/\/www.diarioimagen.net\/index.php?rest_route=\/wp\/v2\/posts\/334551\/revisions"}],"wp:featuredmedia":[{"embeddable":true,"href":"https:\/\/www.diarioimagen.net\/index.php?rest_route=\/wp\/v2\/media\/334684"}],"wp:attachment":[{"href":"https:\/\/www.diarioimagen.net\/index.php?rest_route=%2Fwp%2Fv2%2Fmedia&parent=334551"}],"wp:term":[{"taxonomy":"category","embeddable":true,"href":"https:\/\/www.diarioimagen.net\/index.php?rest_route=%2Fwp%2Fv2%2Fcategories&post=334551"},{"taxonomy":"post_tag","embeddable":true,"href":"https:\/\/www.diarioimagen.net\/index.php?rest_route=%2Fwp%2Fv2%2Ftags&post=334551"}],"curies":[{"name":"wp","href":"https:\/\/api.w.org\/{rel}","templated":true}]}}