{"id":334593,"date":"2017-07-12T00:02:08","date_gmt":"2017-07-12T05:02:08","guid":{"rendered":"http:\/\/www.diarioimagen.net\/?p=334593"},"modified":"2017-07-12T01:11:14","modified_gmt":"2017-07-12T06:11:14","slug":"niveles-de-impunidad-frenaran-ley-contra-tortura","status":"publish","type":"post","link":"https:\/\/www.diarioimagen.net\/?p=334593","title":{"rendered":"Niveles de impunidad frenar\u00e1n ley contra tortura"},"content":{"rendered":"<h2>\u201cHora 14\u201d<\/h2>\n<h5>Mauricio Conde Olivares<\/h5>\n<p>&nbsp;<\/p>\n<p>Partiendo de la premisa de que la gesti\u00f3n municipal en la regi\u00f3n de las Am\u00e9ricas requiere de una estrategia de fortalecimiento, un grupo de alcaldes, acad\u00e9micos e investigadores de esa regi\u00f3n se reuni\u00f3 ayer en la Ciudad de M\u00e9xico, para instalar la Junta de Gobierno de la Americas Conference of Mayors (ACM), con apoyo del Instituto Internacional por una Educaci\u00f3n Superior y la Universidad de Nuevo M\u00e9xico.<\/p>\n<p>Del 7 al 10 de septiembre de 2017 se llevar\u00e1 a cabo en la ciudad de Albuquerque, Nuevo M\u00e9xico en Estados Unidos, el acto de apertura institucional de la \u201cConferencia de los Alcaldes de las Am\u00e9ricas\u201d (Americas Conference of Mayors\u00a0 por sus siglas en ingl\u00e9s).<\/p>\n<p>En las dos \u00faltimas d\u00e9cadas, en nuestro pa\u00eds se ha llevado a cabo un proceso de transferencia de funciones y recursos federales hacia los municipios, lo cual ha coadyuvado de manera incipiente a fortalecerlos y a revertir el papel que hasta antes de los a\u00f1os noventa ten\u00edan los gobiernos municipales, cuyo rol central era ser gestores de las demandas de su poblaci\u00f3n ante las dependencias estatales y federales; no obstante, estos esfuerzos han demostrado una insuficiencia estructural que ha mermado su impacto y resultados.<\/p>\n<p>Propiamente no ha existido una estrategia para robustecer las capacidades institucionales de las administraciones municipales; lejos de ello, lo que se ha registrado es un conjunto de acciones exiguas y desarticuladas en materia de desarrollo de capacidades, asesor\u00eda t\u00e9cnica y equipamiento, as\u00ed como la adecuaci\u00f3n de los marcos legales; con efectos limitados, por lo que persisten importantes deficiencias en el desarrollo institucional municipal y se reflejan en la prestaci\u00f3n de los servicios p\u00fablicos que tienen bajo su responsabilidad.<\/p>\n<p>En M\u00e9xico, como en otros pa\u00edses de la regi\u00f3n de las Am\u00e9ricas, la problem\u00e1tica se torna cada vez m\u00e1s compleja, es en este contexto que se establece la Conferencia de Alcaldes, cuyo objetivo es intercambiar experiencias en el campo de la pol\u00edtica p\u00fablica y social, as\u00ed como en el estado del arte de los estudios sobre los gobiernos municipales en Am\u00e9rica, ser\u00e1 un espacio para intercambiar ideas sobre las actuales y mejores pr\u00e1cticas en los gobiernos municipales.<\/p>\n<p>Esta Conferencia es una nueva instituci\u00f3n sin fines de lucro, que impulsa la participaci\u00f3n de profesionales, expertos en gobierno y miembros de la comunidad acad\u00e9mica, con el prop\u00f3sito avanzar en la promoci\u00f3n de mejores pr\u00e1cticas de los gobiernos municipales en el Continente Americano, haciendo \u00e9nfasis en la pol\u00edtica p\u00fablica y la justicia social.<\/p>\n<p>Para \u00a0quienes hoy repuntan con sus inversiones en el mercado inmobiliario, les informo de nuevas oportunidades de negocio en el otro lado de la frontera como es la ciudad de Los \u00c1ngeles, en Estados Unidos.<\/p>\n<p>Resulta que Oceanwilde Plaza,\u00a0el primer desarrollo norteamericano de la destacada constructora internacional Oceanwide Holdings, dio a conocer ayer los planes para la obra Park Hyatt Los Angeles Residences at Oceanwide Plaza, que ser\u00e1 el primer complejo residencial con la marca\u00a0Park Hyatt de la Costa Oeste.<\/p>\n<p>Las ventas comenzar\u00e1n a principios de 2018.<\/p>\n<p>Se trata de 164 residencias que se ubicar\u00e1n en la parte superior del nuevo\u00a0Park Hyatt de Los\u00a0\u00c1ngeles de cinco estrellas, a 53 pisos de altura, y representar\u00e1 una ampliaci\u00f3n del servicio altamente personalizado por el que se conoce a la marca\u00a0Park Hyatt.<\/p>\n<p>Junto con la oferta residencial premium, habr\u00e1 una variedad de comodidades de lujo, que ofrecer\u00e1n varias opciones de reuniones, entretenimiento, ejercicio y relajaci\u00f3n.<\/p>\n<p>Todos los residentes de Oceanwide Plaza disfrutar\u00e1n de un c\u00f3modo acceso\u00a0al Park Hyatt Los Angeles de\u00a0184 habitaciones, como as\u00ed tambi\u00e9n a The Collection at Oceanwide Plaza, galer\u00eda de 166 mil \u00a0pies cuadrados al aire libre de locales minoristas y restaurantes seleccionados que revolucionar\u00e1n el estilo urbano del centro de Los \u00c1ngeles.<\/p>\n<p>\u201cEstamos marcando un nuevo est\u00e1ndar sobre qu\u00e9 significa vivir bien en el centro de Los \u00c1ngeles mediante la redefinici\u00f3n de la vivienda urbana con comodidades y servicios nunca antes vistos en la Costa Oeste\u201d, declar\u00f3\u00a0Thomas Feng, director ejecutivo de Oceanwide Plaza LLC.<\/p>\n<p>\u201cThe Park Hyatt Los Angeles Residences ofrecer\u00e1n una sofisticaci\u00f3n tranquila y un servicio personalizado en todo momento. Todos los detalles de la oferta residencial de Oceanwide Plaza son el resultado de a\u00f1os de planificaci\u00f3n y consultas a nuestros futuros propietarios para ofrecer una experiencia de vivienda de lujo\u201d, sostuvo.<\/p>\n<p>Ubicaba en el pin\u00e1culo del arte y la cultura en Los \u00c1ngeles y a solo una corta distancia del Broad Museum, Hauser &amp; Wirth gallery, Geffen Contemporary at MOCA y Walt Disney Concert Hall, las Park Hyatt Los Angeles Residences tendr\u00e1n entre uno y tres ambientes que oscilar\u00e1n entre los 1.065 y los 2 mil 720 pies cuadrados. A partir del piso 50, la colecci\u00f3n de penthouses incluir\u00e1 semipisos y d\u00faplex. Todas las residencias est\u00e1n dise\u00f1adas a medida para combinar la sofisticaci\u00f3n con un car\u00e1cter muy t\u00edpico del sur de\u00a0California, cortes\u00eda del estudio de dise\u00f1o de interiores Studio Munge.<\/p>\n<p>En otro sitio competidor del turismo mundial, d\u00e9jeme decirle que parece que en Quintana Roo nuevamente la \u201cCaja China\u201d tendr\u00e1 buenos resultados con su aplicaci\u00f3n como a\u00f1eja estrategia medi\u00e1tica para desviar la atenci\u00f3n p\u00fablica en torno al debate que buscaba derogar la llamada \u201cLey Borge\u201d, que ac\u00e9ptenlo o no, naci\u00f3 en el seno del r\u00e9gimen m\u00e1s represivo de la Pen\u00ednsula Yucateca en los \u00faltimos a\u00f1os.<\/p>\n<p>As\u00ed, tendremos los periodistas en Quintana Roo la misma gata, \u201cpero revolcada\u201d, en un marco legal para ejercer la profesi\u00f3n en detrimento de nuestros derechos humanos.<\/p>\n<p>Ahora hablemos de la tortura, porque la correcta aplicaci\u00f3n de la ley en la materia depender\u00e1 de los estados, porque ah\u00ed se concentran el grueso de las investigaciones penales y los espacios donde pueden perpetrarse estas nocivas pr\u00e1cticas. S\u00ed, amigo lector, la Iglesia en manos de Lutero.<\/p>\n<p>Al respecto y producto de un amplio debate impulsado por organizaciones de la sociedad civil y bajo la presi\u00f3n de organismos internacionales, finalmente el 26 de junio de 2017 el presidente de la Rep\u00fablica promulg\u00f3 la Ley General para Prevenir, Investigar y Sancionar la Tortura y otros Tratos o Penas Crueles, Inhumanos o Degradantes (en adelante LGT).<\/p>\n<p>La fecha tiene un car\u00e1cter simb\u00f3lico ya que fue el D\u00eda Internacional de las Naciones Unidas en Apoyo de las V\u00edctimas de Tortura.<\/p>\n<p>Esta nueva normatividad pretende actualizar a nuestro pa\u00eds en un tema en el que ha estado a la zaga durante mucho tiempo y tiene una misi\u00f3n muy clara: terminar con la idea de qu\u00e9 en M\u00e9xico la tortura es una herramienta que puede ser utilizada por las autoridades impunemente como m\u00e9todo de investigaci\u00f3n y castigo. La Ley reci\u00e9n publicada ser\u00e1 letra muerta si continuamos con los niveles de impunidad que hasta ahora han tenido estas graves violaciones a los derechos humanos, pues a pesar de las constantes recomendaciones y se\u00f1alamientos de organismos de derechos humanos, nacionales e internacionales, la realidad vigente es que la tortura no se sanciona y que sus responsables gozan del fuero de la injusticia.<\/p>\n<p>Ser\u00e1n las entidades federativas las que concentrar\u00e1n el grueso de los casos relacionados con los delitos materia de la Ley, por lo que \u00e9stas tendr\u00e1n muchas tareas por cumplir en plazos reducidos, ah\u00ed es donde la sociedad civil tendr\u00e1 que trabajar en estos procesos en los que la emisi\u00f3n de la Ley es s\u00f3lo un paso para acabar con la impunidad y la pr\u00e1ctica generalizada de la tortura; pero lo anterior ser\u00e1 motivo de posterior an\u00e1lisis en otra entrega de <em><strong>Hora 14<\/strong><\/em>.<\/p>\n<p><em><a href=\"mailto:%20mauricio_conde@msn.com\" target=\"_blank\" rel=\"noopener noreferrer\">mauricio_conde@msn.com<\/a><\/em><\/p>\n","protected":false},"excerpt":{"rendered":"<p><span style=\"color: #005497;\"><strong>Mauricio Conde Olivares<\/strong><\/span><\/p>\n","protected":false},"author":3,"featured_media":0,"comment_status":"open","ping_status":"open","sticky":false,"template":"","format":"standard","meta":{"_monsterinsights_skip_tracking":false,"_monsterinsights_sitenote_active":false,"_monsterinsights_sitenote_note":"","_monsterinsights_sitenote_category":0,"footnotes":""},"categories":[35889],"tags":[43712,43674,44860],"class_list":["post-334593","post","type-post","status-publish","format-standard","hentry","category-mauricio-conde-olivares","tag-mauricio-conde-olivares","tag-opinion","tag-hora-14"],"_links":{"self":[{"href":"https:\/\/www.diarioimagen.net\/index.php?rest_route=\/wp\/v2\/posts\/334593","targetHints":{"allow":["GET"]}}],"collection":[{"href":"https:\/\/www.diarioimagen.net\/index.php?rest_route=\/wp\/v2\/posts"}],"about":[{"href":"https:\/\/www.diarioimagen.net\/index.php?rest_route=\/wp\/v2\/types\/post"}],"author":[{"embeddable":true,"href":"https:\/\/www.diarioimagen.net\/index.php?rest_route=\/wp\/v2\/users\/3"}],"replies":[{"embeddable":true,"href":"https:\/\/www.diarioimagen.net\/index.php?rest_route=%2Fwp%2Fv2%2Fcomments&post=334593"}],"version-history":[{"count":0,"href":"https:\/\/www.diarioimagen.net\/index.php?rest_route=\/wp\/v2\/posts\/334593\/revisions"}],"wp:attachment":[{"href":"https:\/\/www.diarioimagen.net\/index.php?rest_route=%2Fwp%2Fv2%2Fmedia&parent=334593"}],"wp:term":[{"taxonomy":"category","embeddable":true,"href":"https:\/\/www.diarioimagen.net\/index.php?rest_route=%2Fwp%2Fv2%2Fcategories&post=334593"},{"taxonomy":"post_tag","embeddable":true,"href":"https:\/\/www.diarioimagen.net\/index.php?rest_route=%2Fwp%2Fv2%2Ftags&post=334593"}],"curies":[{"name":"wp","href":"https:\/\/api.w.org\/{rel}","templated":true}]}}