{"id":334710,"date":"2017-07-13T00:03:22","date_gmt":"2017-07-13T05:03:22","guid":{"rendered":"http:\/\/www.diarioimagen.net\/?p=334710"},"modified":"2017-07-13T01:22:57","modified_gmt":"2017-07-13T06:22:57","slug":"atrae-parque-tematico-en-tlalnepantla-mas-de-5-mil-visitantes","status":"publish","type":"post","link":"https:\/\/www.diarioimagen.net\/?p=334710","title":{"rendered":"Atrae Parque Tem\u00e1tico en Tlalnepantla m\u00e1s de 5 mil visitantes"},"content":{"rendered":"<ul>\n<li><em><strong>Durante los fines de semana<\/strong><\/em><\/li>\n<\/ul>\n<p>&nbsp;<\/p>\n<div id=\"attachment_334711\" style=\"width: 470px\" class=\"wp-caption aligncenter\"><img loading=\"lazy\" decoding=\"async\" aria-describedby=\"caption-attachment-334711\" class=\"size-large wp-image-334711\" src=\"http:\/\/www.diarioimagen.net\/wp-content\/uploads\/2017\/07\/PARQUE13-PORTAL-460x268.jpg\" alt=\"\" width=\"460\" height=\"268\" srcset=\"https:\/\/www.diarioimagen.net\/wp-content\/uploads\/2017\/07\/PARQUE13-PORTAL-460x268.jpg 460w, https:\/\/www.diarioimagen.net\/wp-content\/uploads\/2017\/07\/PARQUE13-PORTAL-240x140.jpg 240w, https:\/\/www.diarioimagen.net\/wp-content\/uploads\/2017\/07\/PARQUE13-PORTAL.jpg 480w\" sizes=\"auto, (max-width: 460px) 100vw, 460px\" \/><p id=\"caption-attachment-334711\" class=\"wp-caption-text\">El Parque Tem\u00e1tico en Tlalnepantla permite admirar la belleza arquitect\u00f3nica del mundo, vista a trav\u00e9s de un viaje por 38 maquetas a escala.<\/p><\/div>\n<p>&nbsp;<\/p>\n<p><strong>Tlalnepantla, Estado de M\u00e9xico<\/strong>.- El \u00c1ngel de la Independencia, la Calzada de los Muertos, el Centro Ceremonial Otom\u00ed y Chichen Itz\u00e1, o bien las torres Eiffel y de Pisa, la Casa \u00d3pera de Sidney, la Muralla China y otras construcciones emblem\u00e1ticas de M\u00e9xico y el mundo, son admiradas por 5 mil 200 visitantes los fines de semana y alrededor de 500 entre semana en el Parque Tem\u00e1tico en Tlalnepantla.<\/p>\n<p>Construido por el Gobierno del Estado de M\u00e9xico, este espacio cultural permite admirar la belleza arquitect\u00f3nica del mundo, vista a trav\u00e9s de un viaje por 38 maquetas a escala de las construcciones m\u00e1s representativas de nuestra civilizaci\u00f3n; adem\u00e1s, cuenta con un telef\u00e9rico de diez cabinas, que es una escala del Mexicable de Ecatepec, dos de las cuales est\u00e1n adaptadas para personas con discapacidad.<\/p>\n<p>\u201cQu\u00e9 bueno que esto lo tenemos para el Estado de M\u00e9xico. Muy buenas r\u00e9plicas, si uno se retrata parece que est\u00e1 en el lugar, en el pa\u00eds. Tengo 11 nietos y los voy a traer. Vengan al Estado de M\u00e9xico, al Parque Tem\u00e1tico\u201d, invit\u00f3 Josefina Buenrostro, quien con sus compa\u00f1eros de una casa para personas de la tercera edad acudieron al lugar.<\/p>\n<p>El acceso es gratuito a este mundo a escala que puede ser admirado en el parque ubicado en la calle de Las Huertas, colonia Tequexquinahuac, en el municipio de Tlalnepantla, donde la Secretar\u00eda de Infraestructura realiz\u00f3 adecuaciones en un terreno de 39 mil 300 metros cuadrados para albergar las esculturas en escalas que van de 1:25 hasta 1:60, que permiten apreciar detalles de las construcciones sin tener que viajar a sus lugares de origen.<\/p>\n<p>Los visitantes admiran esculturas de edificios y espacios de la \u00e9poca precolombina, la colonia y la era moderna: el Acueducto del Padre Tembleque, el Cosmovitral, las Torres Bicentenario, las Torres de Sat\u00e9lite, Templo de Kukulcan (El Castillo), Palacio Nacional, la Nueva Bas\u00edlica de Guadalupe, el Palacio de Bellas Artes, la Plaza de Tenochtitl\u00e1n, el Sagrario Metropolitano y el Castillo de Chapultepec.<\/p>\n<p>Con esta obra, adem\u00e1s de aprovechar mejor los espacios p\u00fablicos, se fomenta el potencial tur\u00edstico y el desarrollo econ\u00f3mico del Valle de M\u00e9xico, tambi\u00e9n se ofrece una opci\u00f3n cultural y recreativa para las familias o para los grupos escolares.<\/p>\n","protected":false},"excerpt":{"rendered":"<p>El \u00c1ngel de la Independencia, la Calzada de los Muertos, el Centro Ceremonial Otom\u00ed y Chichen Itz\u00e1, o bien las torres Eiffel y de Pisa, la Casa \u00d3pera de Sidney, la Muralla China y otras construcciones emblem\u00e1ticas de M\u00e9xico y el mundo, son admiradas por 5 mil 200 visitantes los fines de semana y alrededor de 500 entre semana en el Parque Tem\u00e1tico en Tlalnepantla.<\/p>\n","protected":false},"author":5,"featured_media":334711,"comment_status":"open","ping_status":"open","sticky":false,"template":"","format":"standard","meta":{"_monsterinsights_skip_tracking":false,"_monsterinsights_sitenote_active":false,"_monsterinsights_sitenote_note":"","_monsterinsights_sitenote_category":0,"footnotes":""},"categories":[35155],"tags":[43675,169],"class_list":["post-334710","post","type-post","status-publish","format-standard","has-post-thumbnail","hentry","category-estado-de-mexico-estado-de-mexico","tag-estado-de-mexico","tag-tlalnepantla"],"_links":{"self":[{"href":"https:\/\/www.diarioimagen.net\/index.php?rest_route=\/wp\/v2\/posts\/334710","targetHints":{"allow":["GET"]}}],"collection":[{"href":"https:\/\/www.diarioimagen.net\/index.php?rest_route=\/wp\/v2\/posts"}],"about":[{"href":"https:\/\/www.diarioimagen.net\/index.php?rest_route=\/wp\/v2\/types\/post"}],"author":[{"embeddable":true,"href":"https:\/\/www.diarioimagen.net\/index.php?rest_route=\/wp\/v2\/users\/5"}],"replies":[{"embeddable":true,"href":"https:\/\/www.diarioimagen.net\/index.php?rest_route=%2Fwp%2Fv2%2Fcomments&post=334710"}],"version-history":[{"count":0,"href":"https:\/\/www.diarioimagen.net\/index.php?rest_route=\/wp\/v2\/posts\/334710\/revisions"}],"wp:featuredmedia":[{"embeddable":true,"href":"https:\/\/www.diarioimagen.net\/index.php?rest_route=\/wp\/v2\/media\/334711"}],"wp:attachment":[{"href":"https:\/\/www.diarioimagen.net\/index.php?rest_route=%2Fwp%2Fv2%2Fmedia&parent=334710"}],"wp:term":[{"taxonomy":"category","embeddable":true,"href":"https:\/\/www.diarioimagen.net\/index.php?rest_route=%2Fwp%2Fv2%2Fcategories&post=334710"},{"taxonomy":"post_tag","embeddable":true,"href":"https:\/\/www.diarioimagen.net\/index.php?rest_route=%2Fwp%2Fv2%2Ftags&post=334710"}],"curies":[{"name":"wp","href":"https:\/\/api.w.org\/{rel}","templated":true}]}}