{"id":334735,"date":"2017-07-13T00:09:00","date_gmt":"2017-07-13T05:09:00","guid":{"rendered":"http:\/\/www.diarioimagen.net\/?p=334735"},"modified":"2017-07-13T23:41:15","modified_gmt":"2017-07-14T04:41:15","slug":"se-fortalece-en-el-edomex-estado-de-derecho-eruviel","status":"publish","type":"post","link":"https:\/\/www.diarioimagen.net\/?p=334735","title":{"rendered":"Se fortalece en el Edomex Estado de Derecho: Eruviel \u00c1vila"},"content":{"rendered":"<ul>\n<li><strong><em>Destaca coordinaci\u00f3n del gobierno con asociaciones de juristas<\/em><\/strong><\/li>\n<\/ul>\n<p>&nbsp;<\/p>\n<div id=\"attachment_334736\" style=\"width: 470px\" class=\"wp-caption aligncenter\"><img loading=\"lazy\" decoding=\"async\" aria-describedby=\"caption-attachment-334736\" class=\"wp-image-334736 size-large\" src=\"http:\/\/www.diarioimagen.net\/wp-content\/uploads\/2017\/07\/ERUVIEL13-PORTAL-460x268.jpg\" alt=\"\" width=\"460\" height=\"268\" srcset=\"https:\/\/www.diarioimagen.net\/wp-content\/uploads\/2017\/07\/ERUVIEL13-PORTAL-460x268.jpg 460w, https:\/\/www.diarioimagen.net\/wp-content\/uploads\/2017\/07\/ERUVIEL13-PORTAL-240x140.jpg 240w, https:\/\/www.diarioimagen.net\/wp-content\/uploads\/2017\/07\/ERUVIEL13-PORTAL.jpg 480w\" sizes=\"auto, (max-width: 460px) 100vw, 460px\" \/><p id=\"caption-attachment-334736\" class=\"wp-caption-text\">El gobernador Eruviel \u00c1vila Villegas destac\u00f3 que el Estado de M\u00e9xico se consolida como una entidad fuerte que avanza y da resultados, fortaleciendo su Estado de Derecho.<\/p><\/div>\n<p>&nbsp;<\/p>\n<p><strong>Toluca, Estado de M\u00e9xico<\/strong>.- En el marco de la celebraci\u00f3n del D\u00eda del Abogado, el gobernador Eruviel \u00c1vila Villegas destac\u00f3 que el trabajo conjunto entre la administraci\u00f3n estatal y las diferentes asociaciones e instituciones de abogados y juristas, el Estado de M\u00e9xico se consolida como una entidad fuerte que avanza y da resultados, fortaleciendo su Estado de Derecho con un marco jur\u00eddico moderno y de vanguardia.<\/p>\n<p>\u201cHay que reconocerlos, a las abogadas y abogados, aqu\u00ed presentes, y a todo el gremio del Estado de M\u00e9xico, una vez m\u00e1s, gracias por todo su apoyo, gracias por todo su respaldo, gracias por todas sus iniciativas, gracias por todo su trabajo, que hoy al cabo de seis a\u00f1os, nos permite entregar un Estado de M\u00e9xico s\u00f3lido, fortalecido en su Estado de Derecho, un estado que avanza, un estado que da resultados, un estado que rinde frutos y que tambi\u00e9n rinde cuentas\u201d, se\u00f1al\u00f3 el gobernador, quien estuvo acompa\u00f1ado por su esposa Mar\u00eda Irene Dipp de \u00c1vila.<\/p>\n<p>Al respecto, la consejera jur\u00eddica de la entidad, Luz Mar\u00eda Zarza Delgado, destac\u00f3 que la administraci\u00f3n estatal tiene r\u00e9cord en la historia mexiquense, en la presentaci\u00f3n y aprobaci\u00f3n de iniciativas, en procedimientos expropiatorios concluidos, adem\u00e1s de contar con un marco jur\u00eddico moderno al nivel que el Edomex y los mexiquenses se merecen.<\/p>\n<p>Detall\u00f3 que la entidad fue la primera en responder con las obligaciones derivadas de la legislaci\u00f3n federal y en legislar el registro de nacimientos en el extranjero, se cuenta con el mejor tipo penal de feminicidios del pa\u00eds, adem\u00e1s de novedosas normas para castigar la corrupci\u00f3n, y se enfrent\u00f3 la primera Alerta de G\u00e9nero con reformas legislativas necesarias, creaci\u00f3n de instancias y protocolos, siendo ejemplo para otras entidades federativas.<\/p>\n<p>Se pusieron en operaci\u00f3n 250 cajeros autom\u00e1ticos para expedir actas de nacimiento, matrimonio, y defunciones; los beb\u00e9s reci\u00e9n nacidos salen del hospital con su acta de nacimiento, y est\u00e1 en marcha el programa de cambio de nombre peyorativos para aquellos que sufren bullying o burla por esta situaci\u00f3n, as\u00ed como para los que no coincida el nombre que tienen en su acta con el resto de sus documentos, tr\u00e1mites que no requieren gastos, tiempos excesivos y juicios.<\/p>\n<p>Adem\u00e1s se promueve una pensi\u00f3n alimenticia de 40 por ciento, se cuenta con una ley de adopciones m\u00e1s \u00e1gil, que se refleja en el incremento en un 300 por ciento en el n\u00famero de \u00e9stas; en materia de apertura de negocios en la entidad existe el delito de obstrucci\u00f3n de la inversi\u00f3n y se emite un dictamen \u00fanico de factibilidad, lo que permite la llegada y creaci\u00f3n de m\u00e1s empresas que generan empleos para los mexiquenses.<\/p>\n<p>En otro tema, el mandatario estatal inform\u00f3 que se envi\u00f3 una iniciativa de ley a la Legislatura local, para garantizar que los j\u00f3venes migrantes de Estados Unidos que regresen al Estado de M\u00e9xico y no cuenten con papeles oficiales que acrediten su identidad\u00a0 o nivel de estudios, puedan continuar prepar\u00e1ndose acad\u00e9micamente en el Sistema Educativo estatal.<\/p>\n<p>\u201cPara garantizar el acceso, tr\u00e1nsito, permanencia de los migrantes en el Sistema Educativo estatal, sin condicionar su inscripci\u00f3n por falta de documentos de identidad o acad\u00e9micos, esto especialmente enfocado a nuestros dreamers y a nuestros estudiantes que han llegado de los Estados Unidos, para que contin\u00faen su formaci\u00f3n acad\u00e9mica\u201d, se\u00f1al\u00f3.<\/p>\n<p>El gobernador tambi\u00e9n dio a conocer que est\u00e1 disponible en la p\u00e1gina web del Instituto de Administraci\u00f3n P\u00fablica del Estado de M\u00e9xico (IAPEM), el libro electr\u00f3nico \u201cMis huellas profesionales\u201d del licenciado Jos\u00e9 Trinidad Lanz C\u00e1rdenas, reconocido jurista que comparte sus experiencias y relevancia del debate parlamentario.<\/p>\n","protected":false},"excerpt":{"rendered":"<p>En el marco de la celebraci\u00f3n del D\u00eda del Abogado, el gobernador Eruviel \u00c1vila Villegas destac\u00f3 que el trabajo conjunto entre la administraci\u00f3n estatal y las diferentes asociaciones e instituciones de abogados y juristas, el Estado de M\u00e9xico se consolida como una entidad fuerte que avanza y da resultados, fortaleciendo su Estado de Derecho con un marco jur\u00eddico moderno y de vanguardia.<\/p>\n","protected":false},"author":5,"featured_media":334736,"comment_status":"open","ping_status":"open","sticky":false,"template":"","format":"standard","meta":{"_monsterinsights_skip_tracking":false,"_monsterinsights_sitenote_active":false,"_monsterinsights_sitenote_note":"","_monsterinsights_sitenote_category":0,"footnotes":""},"categories":[5],"tags":[9761,43675,62202,452,56224],"class_list":["post-334735","post","type-post","status-publish","format-standard","has-post-thumbnail","hentry","category-estado-de-mexico","tag-dia-del-abogado","tag-estado-de-mexico","tag-maria-irene-dipp-de-avila","tag-toluca","tag-vanguardia"],"_links":{"self":[{"href":"https:\/\/www.diarioimagen.net\/index.php?rest_route=\/wp\/v2\/posts\/334735","targetHints":{"allow":["GET"]}}],"collection":[{"href":"https:\/\/www.diarioimagen.net\/index.php?rest_route=\/wp\/v2\/posts"}],"about":[{"href":"https:\/\/www.diarioimagen.net\/index.php?rest_route=\/wp\/v2\/types\/post"}],"author":[{"embeddable":true,"href":"https:\/\/www.diarioimagen.net\/index.php?rest_route=\/wp\/v2\/users\/5"}],"replies":[{"embeddable":true,"href":"https:\/\/www.diarioimagen.net\/index.php?rest_route=%2Fwp%2Fv2%2Fcomments&post=334735"}],"version-history":[{"count":0,"href":"https:\/\/www.diarioimagen.net\/index.php?rest_route=\/wp\/v2\/posts\/334735\/revisions"}],"wp:featuredmedia":[{"embeddable":true,"href":"https:\/\/www.diarioimagen.net\/index.php?rest_route=\/wp\/v2\/media\/334736"}],"wp:attachment":[{"href":"https:\/\/www.diarioimagen.net\/index.php?rest_route=%2Fwp%2Fv2%2Fmedia&parent=334735"}],"wp:term":[{"taxonomy":"category","embeddable":true,"href":"https:\/\/www.diarioimagen.net\/index.php?rest_route=%2Fwp%2Fv2%2Fcategories&post=334735"},{"taxonomy":"post_tag","embeddable":true,"href":"https:\/\/www.diarioimagen.net\/index.php?rest_route=%2Fwp%2Fv2%2Ftags&post=334735"}],"curies":[{"name":"wp","href":"https:\/\/api.w.org\/{rel}","templated":true}]}}