{"id":334774,"date":"2017-07-13T00:10:41","date_gmt":"2017-07-13T05:10:41","guid":{"rendered":"http:\/\/www.diarioimagen.net\/?p=334774"},"modified":"2017-07-13T05:31:36","modified_gmt":"2017-07-13T10:31:36","slug":"celebracion-del-dia-del-abogado","status":"publish","type":"post","link":"https:\/\/www.diarioimagen.net\/?p=334774","title":{"rendered":"Celebraci\u00f3n del D\u00eda del Abogado"},"content":{"rendered":"<h2>Arco Norte<\/h2>\n<h5>Jos\u00e9 Luis Monta\u00f1ez Aguilar<\/h5>\n<p>&nbsp;<\/p>\n<p><a href=\"http:\/\/www.diarioimagen.net\/?attachment_id=334919\" rel=\"attachment wp-att-334919\"><img loading=\"lazy\" decoding=\"async\" class=\"aligncenter size-large wp-image-334919\" src=\"http:\/\/www.diarioimagen.net\/wp-content\/uploads\/2017\/07\/arco-3162-460x259.jpg\" alt=\"\" width=\"460\" height=\"259\" srcset=\"https:\/\/www.diarioimagen.net\/wp-content\/uploads\/2017\/07\/arco-3162-460x259.jpg 460w, https:\/\/www.diarioimagen.net\/wp-content\/uploads\/2017\/07\/arco-3162-240x135.jpg 240w, https:\/\/www.diarioimagen.net\/wp-content\/uploads\/2017\/07\/arco-3162-235x132.jpg 235w, https:\/\/www.diarioimagen.net\/wp-content\/uploads\/2017\/07\/arco-3162-202x114.jpg 202w, https:\/\/www.diarioimagen.net\/wp-content\/uploads\/2017\/07\/arco-3162-350x196.jpg 350w, https:\/\/www.diarioimagen.net\/wp-content\/uploads\/2017\/07\/arco-3162-220x123.jpg 220w, https:\/\/www.diarioimagen.net\/wp-content\/uploads\/2017\/07\/arco-3162-237x132.jpg 237w, https:\/\/www.diarioimagen.net\/wp-content\/uploads\/2017\/07\/arco-3162.jpg 480w\" sizes=\"auto, (max-width: 460px) 100vw, 460px\" \/><\/a><\/p>\n<p>&nbsp;<\/p>\n<p>Eruviel \u00c1vila Villegas destac\u00f3 que el trabajo conjunto entre la administraci\u00f3n estatal y las diferentes asociaciones e instituciones de abogados y juristas, el Estado de M\u00e9xico se consolida como una entidad fuerte que avanza y da resultados, fortaleciendo su Estado de Derecho con un marco jur\u00eddico moderno y de vanguardia. Esto, en el marco de la celebraci\u00f3n del D\u00eda del Abogado.<\/p>\n<p>Al respecto, Luz Mar\u00eda Zarza, consejera jur\u00eddica de la entidad, destac\u00f3 que la administraci\u00f3n estatal tiene r\u00e9cord en la historia mexiquense, en la presentaci\u00f3n y aprobaci\u00f3n de iniciativas, en procedimientos expropiatorios concluidos, adem\u00e1s de contar con un marco jur\u00eddico moderno al nivel que el Estado de M\u00e9xico y los mexiquenses se merecen.<\/p>\n<p style=\"text-align: center;\"><strong>Activa CAEM operativo ante fuertes lluvias <\/strong><\/p>\n<p>La Comisi\u00f3n de Agua del Estado de M\u00e9xico (CAEM) despleg\u00f3 el operativo con el Grupo Tl\u00e1loc, para atender las fuertes lluvias que cayeron en el Valle de Toluca. Jos\u00e9 Manuel Camacho Salm\u00f3n, vocal ejecutivo del organismo, confirm\u00f3 que ya se atiende con equipos de presi\u00f3n succi\u00f3n tipo vactor, adem\u00e1s de que se est\u00e1n activando los camiones especializados para drenar las aguas pluviales, a fin de apoyar a reducir los niveles de los encharcamientos.<\/p>\n<p>\u201cTenemos ya activos los protocolos de operaci\u00f3n que existen con los gabinetes regionales, en los que participan los municipios, Protecci\u00f3n Civil, la CAEM y las direcciones de gobierno, para atender las contingencias que nos provocan las lluvias\u201d, explic\u00f3 Camacho Salm\u00f3n.<\/p>\n<p>La lluvia que comenz\u00f3 antes de las 14:00 horas, cay\u00f3 con fuerte intensidad durante alrededor de 40 minutos, y desde esas horas se mantuvo la lluvia incesante en el Valle de Toluca. Arturo Vilchis Esquivel, coordinador de Protecci\u00f3n Civil estatal, report\u00f3 encharcamientos de 20 a 40 cent\u00edmetros en v\u00edas primarias del corredor Zinacantepec, Toluca, Metepec, San Mateo Atenco, sin reporte de afectaciones a viviendas al momento. Los equipos est\u00e1n operando retirando basura y destapando alcantarillas para que fluya el agua. A la presente el problema es esencialmente vial.<\/p>\n<p><em><a href=\"mailto:montanezaguilar@gmail.com\" target=\"_blank\" rel=\"noopener noreferrer\">montanezaguilar@gmail.com<\/a><\/em><\/p>\n","protected":false},"excerpt":{"rendered":"<p><span style=\"color: #005497;\">Jos\u00e9 Luis Monta\u00f1ez Aguilar<\/span><br \/>\n<br \/>\nEruviel \u00c1vila Villegas destac\u00f3 que el trabajo conjunto entre la administraci\u00f3n estatal y las diferentes asociaciones e instituciones de abogados y juristas, el Estado de M\u00e9xico se consolida como una entidad fuerte que avanza y da resultados, fortaleciendo su Estado de Derecho con un marco jur\u00eddico moderno y de vanguardia. Esto, en el marco de la celebraci\u00f3n del D\u00eda del Abogado.<\/p>\n","protected":false},"author":3,"featured_media":334919,"comment_status":"open","ping_status":"open","sticky":false,"template":"","format":"standard","meta":{"_monsterinsights_skip_tracking":false,"_monsterinsights_sitenote_active":false,"_monsterinsights_sitenote_note":"","_monsterinsights_sitenote_category":0,"footnotes":""},"categories":[5],"tags":[13284,43704,43674],"class_list":["post-334774","post","type-post","status-publish","format-standard","has-post-thumbnail","hentry","category-estado-de-mexico","tag-arco-norte","tag-jose-luis-montanez-aguilar","tag-opinion"],"_links":{"self":[{"href":"https:\/\/www.diarioimagen.net\/index.php?rest_route=\/wp\/v2\/posts\/334774","targetHints":{"allow":["GET"]}}],"collection":[{"href":"https:\/\/www.diarioimagen.net\/index.php?rest_route=\/wp\/v2\/posts"}],"about":[{"href":"https:\/\/www.diarioimagen.net\/index.php?rest_route=\/wp\/v2\/types\/post"}],"author":[{"embeddable":true,"href":"https:\/\/www.diarioimagen.net\/index.php?rest_route=\/wp\/v2\/users\/3"}],"replies":[{"embeddable":true,"href":"https:\/\/www.diarioimagen.net\/index.php?rest_route=%2Fwp%2Fv2%2Fcomments&post=334774"}],"version-history":[{"count":0,"href":"https:\/\/www.diarioimagen.net\/index.php?rest_route=\/wp\/v2\/posts\/334774\/revisions"}],"wp:featuredmedia":[{"embeddable":true,"href":"https:\/\/www.diarioimagen.net\/index.php?rest_route=\/wp\/v2\/media\/334919"}],"wp:attachment":[{"href":"https:\/\/www.diarioimagen.net\/index.php?rest_route=%2Fwp%2Fv2%2Fmedia&parent=334774"}],"wp:term":[{"taxonomy":"category","embeddable":true,"href":"https:\/\/www.diarioimagen.net\/index.php?rest_route=%2Fwp%2Fv2%2Fcategories&post=334774"},{"taxonomy":"post_tag","embeddable":true,"href":"https:\/\/www.diarioimagen.net\/index.php?rest_route=%2Fwp%2Fv2%2Ftags&post=334774"}],"curies":[{"name":"wp","href":"https:\/\/api.w.org\/{rel}","templated":true}]}}