{"id":334778,"date":"2017-07-13T00:08:24","date_gmt":"2017-07-13T05:08:24","guid":{"rendered":"http:\/\/www.diarioimagen.net\/?p=334778"},"modified":"2017-07-13T23:41:09","modified_gmt":"2017-07-14T04:41:09","slug":"una-justicia-ideal-requiere-de-pasos-firmes-magistrado-perez-juarez","status":"publish","type":"post","link":"https:\/\/www.diarioimagen.net\/?p=334778","title":{"rendered":"Una justicia ideal requiere de pasos firmes: magistrado P\u00e9rez Ju\u00e1rez"},"content":{"rendered":"<p><a href=\"http:\/\/www.diarioimagen.net\/?attachment_id=334926\" rel=\"attachment wp-att-334926\"><img loading=\"lazy\" decoding=\"async\" class=\"aligncenter size-large wp-image-334926\" src=\"http:\/\/www.diarioimagen.net\/wp-content\/uploads\/2017\/07\/tribunal-3162-460x259.jpg\" alt=\"\" width=\"460\" height=\"259\" srcset=\"https:\/\/www.diarioimagen.net\/wp-content\/uploads\/2017\/07\/tribunal-3162-460x259.jpg 460w, https:\/\/www.diarioimagen.net\/wp-content\/uploads\/2017\/07\/tribunal-3162-240x135.jpg 240w, https:\/\/www.diarioimagen.net\/wp-content\/uploads\/2017\/07\/tribunal-3162-235x132.jpg 235w, https:\/\/www.diarioimagen.net\/wp-content\/uploads\/2017\/07\/tribunal-3162-202x114.jpg 202w, https:\/\/www.diarioimagen.net\/wp-content\/uploads\/2017\/07\/tribunal-3162-350x196.jpg 350w, https:\/\/www.diarioimagen.net\/wp-content\/uploads\/2017\/07\/tribunal-3162-220x123.jpg 220w, https:\/\/www.diarioimagen.net\/wp-content\/uploads\/2017\/07\/tribunal-3162-237x132.jpg 237w, https:\/\/www.diarioimagen.net\/wp-content\/uploads\/2017\/07\/tribunal-3162.jpg 480w\" sizes=\"auto, (max-width: 460px) 100vw, 460px\" \/><\/a><\/p>\n<p>&nbsp;<\/p>\n<p>El presidente del Tribunal Superior de Justicia de la Ciudad de M\u00e9xico, magistrado \u00c1lvaro Augusto P\u00e9rez Ju\u00e1rez, afirm\u00f3 que una justicia ideal es un proceso que requiere pasos firmes en su participaci\u00f3n en la conmemoraci\u00f3n del D\u00eda del Abogado.<\/p>\n<p>En el mismo acto, el jefe de gobierno capitalino, Miguel \u00c1ngel Mancera, afirm\u00f3 que en el tema del nuevo Sistema de Justicia Penal Acusatorio, el reto es dar resultados efectivos a la sociedad y por ello se ha planteado perfeccionarlo.<\/p>\n<p>Expres\u00f3 que \u201cestamos buscando mejorar el sistema de enjuiciamiento penal, no estamos hablando de ir hacia atr\u00e1s\u201d.<\/p>\n<p>Indic\u00f3 que se debe encontrar el camino de la justicia, pues \u201chay quien hace del delito su forma de vida\u201d, y \u201cnosotros tenemos la responsabilidad de cuidar a la gente\u201d.<\/p>\n<p>Por ello, Mancera Espinosa pidi\u00f3 a expertos en el tema aportar sus opiniones<br \/>\ny comentarios, y los convoc\u00f3 a cerrar filas.<\/p>\n","protected":false},"excerpt":{"rendered":"<p>El presidente del Tribunal Superior de Justicia de la Ciudad de M\u00e9xico, magistrado \u00c1lvaro Augusto P\u00e9rez Ju\u00e1rez, particip\u00f3 en la conmemoraci\u00f3n del D\u00eda del Abogado, acto en el que pronunci\u00f3 un discurso en el que dijo que una justicia ideal es un proceso que requiere pasos firmes.<\/p>\n","protected":false},"author":3,"featured_media":334926,"comment_status":"open","ping_status":"open","sticky":false,"template":"","format":"standard","meta":{"_monsterinsights_skip_tracking":false,"_monsterinsights_sitenote_active":false,"_monsterinsights_sitenote_note":"","_monsterinsights_sitenote_category":0,"footnotes":""},"categories":[6],"tags":[59477,204],"class_list":["post-334778","post","type-post","status-publish","format-standard","has-post-thumbnail","hentry","category-cd-de-mexico","tag-alvaro-augusto-perez-juarez","tag-ciudad-de-mexico"],"_links":{"self":[{"href":"https:\/\/www.diarioimagen.net\/index.php?rest_route=\/wp\/v2\/posts\/334778","targetHints":{"allow":["GET"]}}],"collection":[{"href":"https:\/\/www.diarioimagen.net\/index.php?rest_route=\/wp\/v2\/posts"}],"about":[{"href":"https:\/\/www.diarioimagen.net\/index.php?rest_route=\/wp\/v2\/types\/post"}],"author":[{"embeddable":true,"href":"https:\/\/www.diarioimagen.net\/index.php?rest_route=\/wp\/v2\/users\/3"}],"replies":[{"embeddable":true,"href":"https:\/\/www.diarioimagen.net\/index.php?rest_route=%2Fwp%2Fv2%2Fcomments&post=334778"}],"version-history":[{"count":0,"href":"https:\/\/www.diarioimagen.net\/index.php?rest_route=\/wp\/v2\/posts\/334778\/revisions"}],"wp:featuredmedia":[{"embeddable":true,"href":"https:\/\/www.diarioimagen.net\/index.php?rest_route=\/wp\/v2\/media\/334926"}],"wp:attachment":[{"href":"https:\/\/www.diarioimagen.net\/index.php?rest_route=%2Fwp%2Fv2%2Fmedia&parent=334778"}],"wp:term":[{"taxonomy":"category","embeddable":true,"href":"https:\/\/www.diarioimagen.net\/index.php?rest_route=%2Fwp%2Fv2%2Fcategories&post=334778"},{"taxonomy":"post_tag","embeddable":true,"href":"https:\/\/www.diarioimagen.net\/index.php?rest_route=%2Fwp%2Fv2%2Ftags&post=334778"}],"curies":[{"name":"wp","href":"https:\/\/api.w.org\/{rel}","templated":true}]}}