{"id":334783,"date":"2017-07-13T00:09:24","date_gmt":"2017-07-13T05:09:24","guid":{"rendered":"http:\/\/www.diarioimagen.net\/?p=334783"},"modified":"2017-07-13T04:54:22","modified_gmt":"2017-07-13T09:54:22","slug":"uaem-se-adecua-a-desafios-que-derivan-de-la-modernizacion-de-las-ciencias-juridicas","status":"publish","type":"post","link":"https:\/\/www.diarioimagen.net\/?p=334783","title":{"rendered":"UAEM se adecua a desaf\u00edos que derivan de la modernizaci\u00f3n de las Ciencias Jur\u00eddicas"},"content":{"rendered":"<p><a href=\"http:\/\/www.diarioimagen.net\/?attachment_id=334868\" rel=\"attachment wp-att-334868\"><img loading=\"lazy\" decoding=\"async\" class=\"aligncenter size-large wp-image-334868\" src=\"http:\/\/www.diarioimagen.net\/wp-content\/uploads\/2017\/07\/uaem-3162-460x259.jpg\" alt=\"\" width=\"460\" height=\"259\" srcset=\"https:\/\/www.diarioimagen.net\/wp-content\/uploads\/2017\/07\/uaem-3162-460x259.jpg 460w, https:\/\/www.diarioimagen.net\/wp-content\/uploads\/2017\/07\/uaem-3162-240x135.jpg 240w, https:\/\/www.diarioimagen.net\/wp-content\/uploads\/2017\/07\/uaem-3162-235x132.jpg 235w, https:\/\/www.diarioimagen.net\/wp-content\/uploads\/2017\/07\/uaem-3162-202x114.jpg 202w, https:\/\/www.diarioimagen.net\/wp-content\/uploads\/2017\/07\/uaem-3162-350x196.jpg 350w, https:\/\/www.diarioimagen.net\/wp-content\/uploads\/2017\/07\/uaem-3162-220x123.jpg 220w, https:\/\/www.diarioimagen.net\/wp-content\/uploads\/2017\/07\/uaem-3162-237x132.jpg 237w, https:\/\/www.diarioimagen.net\/wp-content\/uploads\/2017\/07\/uaem-3162.jpg 480w\" sizes=\"auto, (max-width: 460px) 100vw, 460px\" \/><\/a><\/p>\n<p>&nbsp;<\/p>\n<p><strong>T<\/strong><strong>oluca, Estado de M\u00e9xico.\u2013 <\/strong>El reto actual para quienes ejercen el Derecho, es recuperar el equilibrio entre el necesario respeto a los derechos humanos y el logro verdadero de la justicia, advirti\u00f3 el rector de la Universidad Aut\u00f3noma del Estado de M\u00e9xico, Alfredo Barrera Baca, durante la ceremonia conmemorativa al D\u00eda del Abogado, a la que en representaci\u00f3n del gobernador de la entidad, Eruviel \u00c1vila Villegas, asisti\u00f3 la consejera Jur\u00eddica del Ejecutivo estatal, Luz Mar\u00eda Zarza Delgado.<\/p>\n","protected":false},"excerpt":{"rendered":"<p>El reto actual para quienes ejercen el Derecho, es recuperar el equilibrio entre el necesario respeto a los derechos humanos y el logro verdadero de la justicia, advirti\u00f3 el rector de la Universidad Aut\u00f3noma del Estado de M\u00e9xico, Alfredo Barrera Baca, durante la ceremonia conmemorativa al D\u00eda del Abogado, a la que en representaci\u00f3n del gobernador de la entidad, Eruviel \u00c1vila Villegas, asisti\u00f3 la consejera Jur\u00eddica del Ejecutivo estatal, Luz Mar\u00eda Zarza Delgado.<\/p>\n","protected":false},"author":3,"featured_media":334868,"comment_status":"open","ping_status":"open","sticky":false,"template":"","format":"standard","meta":{"_monsterinsights_skip_tracking":false,"_monsterinsights_sitenote_active":false,"_monsterinsights_sitenote_note":"","_monsterinsights_sitenote_category":0,"footnotes":""},"categories":[35155],"tags":[58572,9761,43675,452],"class_list":["post-334783","post","type-post","status-publish","format-standard","has-post-thumbnail","hentry","category-estado-de-mexico-estado-de-mexico","tag-alfredo-barrera-baca","tag-dia-del-abogado","tag-estado-de-mexico","tag-toluca"],"_links":{"self":[{"href":"https:\/\/www.diarioimagen.net\/index.php?rest_route=\/wp\/v2\/posts\/334783","targetHints":{"allow":["GET"]}}],"collection":[{"href":"https:\/\/www.diarioimagen.net\/index.php?rest_route=\/wp\/v2\/posts"}],"about":[{"href":"https:\/\/www.diarioimagen.net\/index.php?rest_route=\/wp\/v2\/types\/post"}],"author":[{"embeddable":true,"href":"https:\/\/www.diarioimagen.net\/index.php?rest_route=\/wp\/v2\/users\/3"}],"replies":[{"embeddable":true,"href":"https:\/\/www.diarioimagen.net\/index.php?rest_route=%2Fwp%2Fv2%2Fcomments&post=334783"}],"version-history":[{"count":0,"href":"https:\/\/www.diarioimagen.net\/index.php?rest_route=\/wp\/v2\/posts\/334783\/revisions"}],"wp:featuredmedia":[{"embeddable":true,"href":"https:\/\/www.diarioimagen.net\/index.php?rest_route=\/wp\/v2\/media\/334868"}],"wp:attachment":[{"href":"https:\/\/www.diarioimagen.net\/index.php?rest_route=%2Fwp%2Fv2%2Fmedia&parent=334783"}],"wp:term":[{"taxonomy":"category","embeddable":true,"href":"https:\/\/www.diarioimagen.net\/index.php?rest_route=%2Fwp%2Fv2%2Fcategories&post=334783"},{"taxonomy":"post_tag","embeddable":true,"href":"https:\/\/www.diarioimagen.net\/index.php?rest_route=%2Fwp%2Fv2%2Ftags&post=334783"}],"curies":[{"name":"wp","href":"https:\/\/api.w.org\/{rel}","templated":true}]}}