{"id":334791,"date":"2017-07-13T00:11:15","date_gmt":"2017-07-13T05:11:15","guid":{"rendered":"http:\/\/www.diarioimagen.net\/?p=334791"},"modified":"2017-07-13T05:49:34","modified_gmt":"2017-07-13T10:49:34","slug":"robo-de-autos-alcanza-cifra-historica-en-el-1er-semestre","status":"publish","type":"post","link":"https:\/\/www.diarioimagen.net\/?p=334791","title":{"rendered":"Robo de autos alcanza cifra hist\u00f3rica en el 1er. semestre"},"content":{"rendered":"<ul>\n<li><strong><em>Cifras de AMIS<\/em><\/strong><\/li>\n<\/ul>\n<p>&nbsp;<\/p>\n<p><a href=\"http:\/\/www.diarioimagen.net\/?attachment_id=334923\" rel=\"attachment wp-att-334923\"><img loading=\"lazy\" decoding=\"async\" class=\"aligncenter size-large wp-image-334923\" src=\"http:\/\/www.diarioimagen.net\/wp-content\/uploads\/2017\/07\/autos-3162-460x259.jpg\" alt=\"\" width=\"460\" height=\"259\" srcset=\"https:\/\/www.diarioimagen.net\/wp-content\/uploads\/2017\/07\/autos-3162-460x259.jpg 460w, https:\/\/www.diarioimagen.net\/wp-content\/uploads\/2017\/07\/autos-3162-240x135.jpg 240w, https:\/\/www.diarioimagen.net\/wp-content\/uploads\/2017\/07\/autos-3162-235x132.jpg 235w, https:\/\/www.diarioimagen.net\/wp-content\/uploads\/2017\/07\/autos-3162-202x114.jpg 202w, https:\/\/www.diarioimagen.net\/wp-content\/uploads\/2017\/07\/autos-3162-350x196.jpg 350w, https:\/\/www.diarioimagen.net\/wp-content\/uploads\/2017\/07\/autos-3162-220x123.jpg 220w, https:\/\/www.diarioimagen.net\/wp-content\/uploads\/2017\/07\/autos-3162-237x132.jpg 237w, https:\/\/www.diarioimagen.net\/wp-content\/uploads\/2017\/07\/autos-3162.jpg 480w\" sizes=\"auto, (max-width: 460px) 100vw, 460px\" \/><\/a><\/p>\n<p>&nbsp;<\/p>\n<p>En el primer semestre del a\u00f1o un total de 42 mil 755 autom\u00f3viles fueron robados y al cierre del a\u00f1o se podr\u00eda alcanzar una cifra hist\u00f3rica superior a los 84 mil unidades hurtadas.<\/p>\n<p>En conferencia de prensa, el director general de la Asociaci\u00f3n Mexicana de Instituciones de Seguros (AMIS), Recaredo Arias, explic\u00f3 que esta cifra es la m\u00e1s alta en todos los registros de la AMIS, que empez\u00f3 a contabilizar el fen\u00f3meno desde 1989.<\/p>\n<p>Arias hizo un llamado a las autoridades para reforzar las medidas de prevenci\u00f3n de este delito, ya que el robo de autos es indicio de que otros il\u00edcitos est\u00e1n creciendo, tal es el caso de secuestros, robo a casa habitaci\u00f3n, entre otros.<\/p>\n<p>La AMIS destac\u00f3 que de mantenerse la tendencia, al cierre de 2017 se podr\u00eda alcanzar una cifra hist\u00f3rica superior a los 84 mil unidades robadas en todo el pa\u00eds.<\/p>\n<p>En ese sentido, el organismo dijo que si bien al final de cada sexenio se incrementa el robo de autos, en la presente administraci\u00f3n esta tendencia se est\u00e1 adelantando un a\u00f1o.<\/p>\n<p>Por entidades, el Estado de M\u00e9xico presenta el mayor n\u00famero de robo de autos, con 12 mil 821 unidades, seguido de Jalisco con 5 mil 948 coces robados y la Ciudad de M\u00e9xico con 5 mil 149 unidades hurtadas.<\/p>\n<p>La AMIS destac\u00f3 el caso de Veracruz y Puebla, donde la mayor incidencia es en unidades de autotransporte, principalmente de unidades que se utilizan para el robo y transporte de gasolina robada.<\/p>\n<p>La AMIS detall\u00f3 que la recuperaci\u00f3n de autos robados se mantiene a la baja, con apenas 15 mil 800 autos recuperados, un 37% del total.<\/p>\n<p>Hasta el momento, la AMIS dijo que las aseguradoras no han incrementado el costo de los productos; sin embargo depender\u00e1 de cada compa\u00f1\u00eda en qu\u00e9 momento y porcentaje encarece el seguro de autos.<\/p>\n<p>Arias dijo que se est\u00e1 observando la salida de compa\u00f1\u00edas aseguradoras en los estados con mayor inseguridad, adem\u00e1s de que en Veracruz y Puebla ya no se est\u00e1n ofreciendo algunas coberturas, principalmente en camiones.<\/p>\n<p>Seg\u00fan la AMIS, el robo de camiones tambi\u00e9n mantiene una tendencia preocupante y se observa que los delincuentes toman este tipo de unidades para venderlas en refacciones.<\/p>\n<p>La AMIS destac\u00f3 que el robo con violencia de autos tambi\u00e9n sigue al alza, con un aumento de 59%, donde Ecatepec, Guadalajara, Tlalnepantla, Naucalpan, Culiac\u00e1n, Neza, Zapopan, la delegaci\u00f3n Gustavo A. Madero, Iztapalapa y Tabasco tienen la mayor incidencia.<\/p>\n","protected":false},"excerpt":{"rendered":"<p>En el primer semestre del a\u00f1o un total de 42 mil 755 autom\u00f3viles fueron robados y al cierre del a\u00f1o se podr\u00eda alcanzar una cifra hist\u00f3rica superior a los 84 mil unidades hurtadas. En conferencia de prensa, el director general de la Asociaci\u00f3n Mexicana de Instituciones de Seguros (AMIS), Recaredo Arias, explic\u00f3 que esta cifra es la m\u00e1s alta en todos los registros de la AMIS, que empez\u00f3 a contabilizar el fen\u00f3meno desde 1989.<\/p>\n","protected":false},"author":3,"featured_media":334923,"comment_status":"open","ping_status":"open","sticky":false,"template":"","format":"standard","meta":{"_monsterinsights_skip_tracking":false,"_monsterinsights_sitenote_active":false,"_monsterinsights_sitenote_note":"","_monsterinsights_sitenote_category":0,"footnotes":""},"categories":[3],"tags":[2709,7566,5249,15637,13955,43677],"class_list":["post-334791","post","type-post","status-publish","format-standard","has-post-thumbnail","hentry","category-nacional","tag-amis","tag-asociacion-mexicana-de-instituciones-de-seguros","tag-autos","tag-informe","tag-robo","tag-seguridad"],"_links":{"self":[{"href":"https:\/\/www.diarioimagen.net\/index.php?rest_route=\/wp\/v2\/posts\/334791","targetHints":{"allow":["GET"]}}],"collection":[{"href":"https:\/\/www.diarioimagen.net\/index.php?rest_route=\/wp\/v2\/posts"}],"about":[{"href":"https:\/\/www.diarioimagen.net\/index.php?rest_route=\/wp\/v2\/types\/post"}],"author":[{"embeddable":true,"href":"https:\/\/www.diarioimagen.net\/index.php?rest_route=\/wp\/v2\/users\/3"}],"replies":[{"embeddable":true,"href":"https:\/\/www.diarioimagen.net\/index.php?rest_route=%2Fwp%2Fv2%2Fcomments&post=334791"}],"version-history":[{"count":0,"href":"https:\/\/www.diarioimagen.net\/index.php?rest_route=\/wp\/v2\/posts\/334791\/revisions"}],"wp:featuredmedia":[{"embeddable":true,"href":"https:\/\/www.diarioimagen.net\/index.php?rest_route=\/wp\/v2\/media\/334923"}],"wp:attachment":[{"href":"https:\/\/www.diarioimagen.net\/index.php?rest_route=%2Fwp%2Fv2%2Fmedia&parent=334791"}],"wp:term":[{"taxonomy":"category","embeddable":true,"href":"https:\/\/www.diarioimagen.net\/index.php?rest_route=%2Fwp%2Fv2%2Fcategories&post=334791"},{"taxonomy":"post_tag","embeddable":true,"href":"https:\/\/www.diarioimagen.net\/index.php?rest_route=%2Fwp%2Fv2%2Ftags&post=334791"}],"curies":[{"name":"wp","href":"https:\/\/api.w.org\/{rel}","templated":true}]}}