{"id":334795,"date":"2017-07-13T00:10:48","date_gmt":"2017-07-13T05:10:48","guid":{"rendered":"http:\/\/www.diarioimagen.net\/?p=334795"},"modified":"2017-07-13T23:41:22","modified_gmt":"2017-07-14T04:41:22","slug":"batalla-de-abogados-devolver-confianza-en-instituciones-epn","status":"publish","type":"post","link":"https:\/\/www.diarioimagen.net\/?p=334795","title":{"rendered":"Batalla de abogados, devolver confianza en instituciones: EPN"},"content":{"rendered":"<ul>\n<li><strong><em>Convoca a redoblar esfuerzos<\/em><\/strong><\/li>\n<\/ul>\n<p>&nbsp;<\/p>\n<div id=\"attachment_334916\" style=\"width: 470px\" class=\"wp-caption aligncenter\"><a href=\"http:\/\/www.diarioimagen.net\/?attachment_id=334916\" rel=\"attachment wp-att-334916\"><img loading=\"lazy\" decoding=\"async\" aria-describedby=\"caption-attachment-334916\" class=\"size-large wp-image-334916\" src=\"http:\/\/www.diarioimagen.net\/wp-content\/uploads\/2017\/07\/epn-3162-460x259.jpg\" alt=\"\" width=\"460\" height=\"259\" srcset=\"https:\/\/www.diarioimagen.net\/wp-content\/uploads\/2017\/07\/epn-3162-460x259.jpg 460w, https:\/\/www.diarioimagen.net\/wp-content\/uploads\/2017\/07\/epn-3162-240x135.jpg 240w, https:\/\/www.diarioimagen.net\/wp-content\/uploads\/2017\/07\/epn-3162-235x132.jpg 235w, https:\/\/www.diarioimagen.net\/wp-content\/uploads\/2017\/07\/epn-3162-202x114.jpg 202w, https:\/\/www.diarioimagen.net\/wp-content\/uploads\/2017\/07\/epn-3162-350x196.jpg 350w, https:\/\/www.diarioimagen.net\/wp-content\/uploads\/2017\/07\/epn-3162-220x123.jpg 220w, https:\/\/www.diarioimagen.net\/wp-content\/uploads\/2017\/07\/epn-3162-237x132.jpg 237w, https:\/\/www.diarioimagen.net\/wp-content\/uploads\/2017\/07\/epn-3162.jpg 480w\" sizes=\"auto, (max-width: 460px) 100vw, 460px\" \/><\/a><p id=\"caption-attachment-334916\" class=\"wp-caption-text\">Enrique Pe\u00f1a Nieto se\u00f1al\u00f3 que el \u00e9xito de los cambios estructurales implementados, depender\u00e1 del empe\u00f1o y compromiso de los abogados.<\/p><\/div>\n<p>&nbsp;<\/p>\n<p>La batalla m\u00e1s importante que libran los profesionales en Derecho, es la de devolver al ciudadano la confianza en las instituciones que est\u00e1n para servirle, asever\u00f3 el presidente Enrique Pe\u00f1a Nieto.<\/p>\n<p>Durante la celebraci\u00f3n del D\u00eda del Abogado, dijo que \u201cdebemos hacer que todos los mexicanos sin excepci\u00f3n sientan y vivan en su d\u00eda a d\u00eda el respaldo del Estado mexicano\u201d, pues por si mismos, los cambios en la ley no son suficientes.<\/p>\n<p>En el acto, celebrado en el Patio de Honor de Palacio Nacional, enfatiz\u00f3 que el \u00e9xito de los cambios estructurales implementados, depender\u00e1 del empe\u00f1o y compromiso de los abogados.<\/p>\n<p>\u201cEn nuestras manos descansa la responsabilidad de lograr que el Derecho siga siendo la herramienta m\u00e1s poderosa para la construcci\u00f3n de una sociedad m\u00e1s justa, pr\u00f3spera e incluyente\u201d, subray\u00f3.<\/p>\n<p>Dijo que todo cambio legal exige un profundo compromiso con su implementaci\u00f3n, y reconoci\u00f3 que este paso es no es sencillo, \u201ces de hecho el m\u00e1s complejo en muchos casos\u201d, pues estas reformas implican desde transformar por completo la manera de realizar algunos procesos que ya se ten\u00edan dominados, hasta desarrollar nuevas habilidades\u201d.<\/p>\n<p>Sobre el nuevo sistema de justicia penal en M\u00e9xico, apunt\u00f3 que por sus implicaciones, este nuevo paradigma ha requerido de grandes cambios trascendentales en infraestructura y en el marco jur\u00eddico nacional, con lo que se cumple en tiempo y forma con los plazos establecidos para su implementaci\u00f3n.<\/p>\n<p>\u201cSe han realizado importantes inversiones para ponerlos en marcha, se trata de avances muy importantes, pero el proceso est\u00e1 inconcluso si nos detenemos aqu\u00ed\u201d, por lo que \u201ceste d\u00eda nos convoca a redoblar esfuerzos, a defender los avances alcanzados y a asumir este reto como una misi\u00f3n de vida\u201d.<\/p>\n<p>Acompa\u00f1ado por el procurador general de la Rep\u00fablica, Ra\u00fal Cervantes Andrade, y la ministra de la Suprema Corte de Justicia, Margarita Luna Ramos, el jefe del Ejecutivo federal enfatiz\u00f3 que la nueva etapa en la procuraci\u00f3n e impartici\u00f3n de justicia que vive M\u00e9xico exige nuestro m\u00e1s alto compromiso con la ley.<\/p>\n<p>\u201cHoy nos toca ser parte de la generaci\u00f3n de abogados a quienes se les ha encomendado la responsabilidad de hacer realidad uno de los mayores avances para la justicia efectiva en nuestro pa\u00eds\u201d, manifest\u00f3 Pe\u00f1a Nieto.<\/p>\n<p>Al expresar su reconocimiento y felicitaciones al gremio, Pe\u00f1a Nieto sostuvo que \u201cel ejercicio de la abogac\u00eda exige realizar una entrega diaria en favor de la justicia, en consecuencia, quienes hemos optado por esta profesi\u00f3n debemos tener como gu\u00edas, la integridad, la rectitud y la probidad\u201d.<\/p>\n","protected":false},"excerpt":{"rendered":"<p>La batalla m\u00e1s importante que libran los profesionales en Derecho, es la de devolver al ciudadano la confianza en las instituciones que est\u00e1n para servirle, asever\u00f3 el presidente Enrique Pe\u00f1a Nieto.<\/p>\n","protected":false},"author":3,"featured_media":334916,"comment_status":"open","ping_status":"open","sticky":false,"template":"","format":"standard","meta":{"_monsterinsights_skip_tracking":false,"_monsterinsights_sitenote_active":false,"_monsterinsights_sitenote_note":"","_monsterinsights_sitenote_category":0,"footnotes":""},"categories":[3],"tags":[10770,9761,18,43673],"class_list":["post-334795","post","type-post","status-publish","format-standard","has-post-thumbnail","hentry","category-nacional","tag-confianza","tag-dia-del-abogado","tag-enrique-pena-nieto","tag-nacional"],"_links":{"self":[{"href":"https:\/\/www.diarioimagen.net\/index.php?rest_route=\/wp\/v2\/posts\/334795","targetHints":{"allow":["GET"]}}],"collection":[{"href":"https:\/\/www.diarioimagen.net\/index.php?rest_route=\/wp\/v2\/posts"}],"about":[{"href":"https:\/\/www.diarioimagen.net\/index.php?rest_route=\/wp\/v2\/types\/post"}],"author":[{"embeddable":true,"href":"https:\/\/www.diarioimagen.net\/index.php?rest_route=\/wp\/v2\/users\/3"}],"replies":[{"embeddable":true,"href":"https:\/\/www.diarioimagen.net\/index.php?rest_route=%2Fwp%2Fv2%2Fcomments&post=334795"}],"version-history":[{"count":0,"href":"https:\/\/www.diarioimagen.net\/index.php?rest_route=\/wp\/v2\/posts\/334795\/revisions"}],"wp:featuredmedia":[{"embeddable":true,"href":"https:\/\/www.diarioimagen.net\/index.php?rest_route=\/wp\/v2\/media\/334916"}],"wp:attachment":[{"href":"https:\/\/www.diarioimagen.net\/index.php?rest_route=%2Fwp%2Fv2%2Fmedia&parent=334795"}],"wp:term":[{"taxonomy":"category","embeddable":true,"href":"https:\/\/www.diarioimagen.net\/index.php?rest_route=%2Fwp%2Fv2%2Fcategories&post=334795"},{"taxonomy":"post_tag","embeddable":true,"href":"https:\/\/www.diarioimagen.net\/index.php?rest_route=%2Fwp%2Fv2%2Ftags&post=334795"}],"curies":[{"name":"wp","href":"https:\/\/api.w.org\/{rel}","templated":true}]}}