{"id":334803,"date":"2017-07-13T00:07:55","date_gmt":"2017-07-13T05:07:55","guid":{"rendered":"http:\/\/www.diarioimagen.net\/?p=334803"},"modified":"2017-07-13T05:04:28","modified_gmt":"2017-07-13T10:04:28","slug":"instalan-junta-de-gobierno-de-la-conferencia-de-alcaldes-de-america","status":"publish","type":"post","link":"https:\/\/www.diarioimagen.net\/?p=334803","title":{"rendered":"Instalan Junta de Gobierno de la Conferencia de Alcaldes de Am\u00e9rica"},"content":{"rendered":"<ul>\n<li><strong><em>Se une Huixquilucan<\/em><\/strong><\/li>\n<\/ul>\n<p>&nbsp;<\/p>\n<div id=\"attachment_334888\" style=\"width: 470px\" class=\"wp-caption aligncenter\"><a href=\"http:\/\/www.diarioimagen.net\/?attachment_id=334888\" rel=\"attachment wp-att-334888\"><img loading=\"lazy\" decoding=\"async\" aria-describedby=\"caption-attachment-334888\" class=\"size-large wp-image-334888\" src=\"http:\/\/www.diarioimagen.net\/wp-content\/uploads\/2017\/07\/HUIXQUILUCAN-3162-460x259.jpg\" alt=\"\" width=\"460\" height=\"259\" srcset=\"https:\/\/www.diarioimagen.net\/wp-content\/uploads\/2017\/07\/HUIXQUILUCAN-3162-460x259.jpg 460w, https:\/\/www.diarioimagen.net\/wp-content\/uploads\/2017\/07\/HUIXQUILUCAN-3162-240x135.jpg 240w, https:\/\/www.diarioimagen.net\/wp-content\/uploads\/2017\/07\/HUIXQUILUCAN-3162-235x132.jpg 235w, https:\/\/www.diarioimagen.net\/wp-content\/uploads\/2017\/07\/HUIXQUILUCAN-3162-202x114.jpg 202w, https:\/\/www.diarioimagen.net\/wp-content\/uploads\/2017\/07\/HUIXQUILUCAN-3162-350x196.jpg 350w, https:\/\/www.diarioimagen.net\/wp-content\/uploads\/2017\/07\/HUIXQUILUCAN-3162-220x123.jpg 220w, https:\/\/www.diarioimagen.net\/wp-content\/uploads\/2017\/07\/HUIXQUILUCAN-3162-237x132.jpg 237w, https:\/\/www.diarioimagen.net\/wp-content\/uploads\/2017\/07\/HUIXQUILUCAN-3162.jpg 480w\" sizes=\"auto, (max-width: 460px) 100vw, 460px\" \/><\/a><p id=\"caption-attachment-334888\" class=\"wp-caption-text\">El presidente municipal, Enrique Vargas del Villar, reiter\u00f3 que desde las alcald\u00edas van a\u00a0cambiar los pa\u00edses.<\/p><\/div>\n<p>&nbsp;<\/p>\n<p><strong>Huixquilucan, Estado de M\u00e9xico<\/strong>.- \u201cDesde lo local es donde se gobierna, desde lo local a la Federaci\u00f3n es un reclamo de la mayor\u00eda de los alcaldes\u201d, asever\u00f3 el presidente municipal, Enrique Vargas del Villar, durante la\u00a0instalaci\u00f3n de la Junta de Gobierno de la Conferencia de Alcaldes de Am\u00e9rica, la cual busca consolidar una relaci\u00f3n de pares y ponderar al municipio como eje fundamental del cambio en cada pa\u00eds.<\/p>\n<p>Previo a la toma de protesta como integrante de esta junta, Vargas del Villar reiter\u00f3 que desde las alcald\u00edas van a\u00a0cambiar los pa\u00edses: \u201ctenemos que darles la muestra que desde lo Local nos ponemos de acuerdo, trabajamos en conjunto y es donde vamos a seguir cambiando nuestro mundo\u201d.<\/p>\n<p>Resalt\u00f3 que en Huixquilucan se tienen inversiones superiores a los 2 mil millones de d\u00f3lares, que comprometen al gobierno municipal a mejorar la prestaci\u00f3n de los servicios p\u00fablicos, por lo que destac\u00f3 que con la conformaci\u00f3n de la Conferencia de Alcaldes de Am\u00e9rica se puede sacar lo mejor y m\u00e1s provechoso para cada localidad.<\/p>\n<p>Juan de Dios Pineda, presidente de la Conferencia de Am\u00e9rica, se\u00f1al\u00f3 que los Ediles de Huixquilucan, Durango y Oaxaca, han demostrado en la pr\u00e1ctica lo que es un gobierno cercano a la ciudadan\u00eda. \u201cEstamos inaugurando una nueva etapa, creemos que a trav\u00e9s del Municipio se tiene que rescatar los valores perdidos\u201d, refiri\u00f3.<\/p>\n<p>En su oportunidad, Jos\u00e9 Ram\u00f3n Enr\u00edquez Herrera, alcalde de Durango destac\u00f3 el trabajo del Presidente Municipal de\u00a0 Huixquilucan, \u201csiempre que lo escuchamos aprendemos de \u00e9l, me llevo un portafolio de herramientas para transformar la realidad de las familias duranguenses\u201d, puntualiz\u00f3.<\/p>\n","protected":false},"excerpt":{"rendered":"<p> \u201cDesde lo local es donde se gobierna, desde lo local a la Federaci\u00f3n es un reclamo de la mayor\u00eda de los alcaldes\u201d, asever\u00f3 el presidente municipal, Enrique Vargas del Villar, durante la instalaci\u00f3n de la Junta de Gobierno de la Conferencia de Alcaldes de Am\u00e9rica, la cual busca consolidar una relaci\u00f3n de pares y ponderar al municipio como eje fundamental del cambio en cada pa\u00eds.<\/p>\n","protected":false},"author":3,"featured_media":334888,"comment_status":"open","ping_status":"open","sticky":false,"template":"","format":"standard","meta":{"_monsterinsights_skip_tracking":false,"_monsterinsights_sitenote_active":false,"_monsterinsights_sitenote_note":"","_monsterinsights_sitenote_category":0,"footnotes":""},"categories":[35155],"tags":[43675,1097],"class_list":["post-334803","post","type-post","status-publish","format-standard","has-post-thumbnail","hentry","category-estado-de-mexico-estado-de-mexico","tag-estado-de-mexico","tag-huixquilucan"],"_links":{"self":[{"href":"https:\/\/www.diarioimagen.net\/index.php?rest_route=\/wp\/v2\/posts\/334803","targetHints":{"allow":["GET"]}}],"collection":[{"href":"https:\/\/www.diarioimagen.net\/index.php?rest_route=\/wp\/v2\/posts"}],"about":[{"href":"https:\/\/www.diarioimagen.net\/index.php?rest_route=\/wp\/v2\/types\/post"}],"author":[{"embeddable":true,"href":"https:\/\/www.diarioimagen.net\/index.php?rest_route=\/wp\/v2\/users\/3"}],"replies":[{"embeddable":true,"href":"https:\/\/www.diarioimagen.net\/index.php?rest_route=%2Fwp%2Fv2%2Fcomments&post=334803"}],"version-history":[{"count":0,"href":"https:\/\/www.diarioimagen.net\/index.php?rest_route=\/wp\/v2\/posts\/334803\/revisions"}],"wp:featuredmedia":[{"embeddable":true,"href":"https:\/\/www.diarioimagen.net\/index.php?rest_route=\/wp\/v2\/media\/334888"}],"wp:attachment":[{"href":"https:\/\/www.diarioimagen.net\/index.php?rest_route=%2Fwp%2Fv2%2Fmedia&parent=334803"}],"wp:term":[{"taxonomy":"category","embeddable":true,"href":"https:\/\/www.diarioimagen.net\/index.php?rest_route=%2Fwp%2Fv2%2Fcategories&post=334803"},{"taxonomy":"post_tag","embeddable":true,"href":"https:\/\/www.diarioimagen.net\/index.php?rest_route=%2Fwp%2Fv2%2Ftags&post=334803"}],"curies":[{"name":"wp","href":"https:\/\/api.w.org\/{rel}","templated":true}]}}