{"id":334809,"date":"2017-07-13T00:04:40","date_gmt":"2017-07-13T05:04:40","guid":{"rendered":"http:\/\/www.diarioimagen.net\/?p=334809"},"modified":"2017-07-13T05:09:30","modified_gmt":"2017-07-13T10:09:30","slug":"detienen-en-ecatepec-a-sujeto-que-robo-vehiculo-de-carga","status":"publish","type":"post","link":"https:\/\/www.diarioimagen.net\/?p=334809","title":{"rendered":"Detienen en Ecatepec a sujeto que rob\u00f3 veh\u00edculo de carga"},"content":{"rendered":"<ul>\n<li><strong><em>Secuestr\u00f3 al chofer y a joven<\/em><\/strong><\/li>\n<\/ul>\n<p>&nbsp;<\/p>\n<div id=\"attachment_334898\" style=\"width: 470px\" class=\"wp-caption aligncenter\"><a href=\"http:\/\/www.diarioimagen.net\/?attachment_id=334898\" rel=\"attachment wp-att-334898\"><img loading=\"lazy\" decoding=\"async\" aria-describedby=\"caption-attachment-334898\" class=\"size-large wp-image-334898\" src=\"http:\/\/www.diarioimagen.net\/wp-content\/uploads\/2017\/07\/ECATEPEC-3162-460x342.jpg\" alt=\"\" width=\"460\" height=\"342\" srcset=\"https:\/\/www.diarioimagen.net\/wp-content\/uploads\/2017\/07\/ECATEPEC-3162-460x342.jpg 460w, https:\/\/www.diarioimagen.net\/wp-content\/uploads\/2017\/07\/ECATEPEC-3162-240x179.jpg 240w, https:\/\/www.diarioimagen.net\/wp-content\/uploads\/2017\/07\/ECATEPEC-3162.jpg 700w\" sizes=\"auto, (max-width: 460px) 100vw, 460px\" \/><\/a><p id=\"caption-attachment-334898\" class=\"wp-caption-text\">El asaltante tripulaba un cami\u00f3n de transporte de carga y en el interior llevaba secuestrado al chofer y a una joven.<\/p><\/div>\n<p>&nbsp;<\/p>\n<p><strong>Ecatepec, Estado de M\u00e9xico<\/strong>.-Durante un recorrido de seguridad implementado por la polic\u00eda preventiva municipal, se logr\u00f3 la detenci\u00f3n de peligroso sujeto que tripulaba un cami\u00f3n de transporte de carga y en cuyo interior manten\u00eda secuestrado al chofer y a una joven, inform\u00f3 el comisario, Arturo Centeno Cano.<\/p>\n<p>En entrevista con <strong>DIARIOIMAGEN<\/strong>, el jefe policiaco coment\u00f3 que personal de la patrulla 22-172, al llevar a cabo labores de seguridad y vigilancia por la avenida Granada, colonia Ejidos de San Crist\u00f3bal en este municipio se percata de que el cami\u00f3n, marca Internacional, placas 376-AS4, color blanco, era guiada a exceso de velocidad.<\/p>\n<p>La tripulaci\u00f3n policiaca, ordena que el veh\u00edculo de carga parara su marcha, y en ese momento baja un sujeto, que dijo llamarse Osel Dom\u00ednguez S\u00e1nchez, el cual se ostent\u00f3 como due\u00f1o de la unidad,<\/p>\n<p>Empero, del interior del cami\u00f3n de carga se escucharon voces que ped\u00edan auxilio, por lo que prontamente se asegur\u00f3 a Dom\u00ednguez S\u00e1nchez, y al revisar la unidad, se pudo saber que dentro del camarote del pesado cami\u00f3n, se encontraban oculta dos personas.<\/p>\n<p>Una vez que se pudo poner a salvo a los dos viajeros, se conoci\u00f3 que uno de ellos era el chofer, quien denunci\u00f3 haber sido asaltado y plagiado por el ahora asegurado, quien portaba una pistola, misma que fue hallada en el transporte.<\/p>\n<p>El comisario Centeno Cano, se\u00f1alo, que el detenido y el arma, as\u00ed como el cami\u00f3n recuperado, fueron llevados ante el Agente del Ministerio P\u00fablico, para que ah\u00ed se determine la situaci\u00f3n legal de presunto asaltante y secuestrador.<\/p>\n","protected":false},"excerpt":{"rendered":"<p>Durante un recorrido de seguridad implementado por la polic\u00eda preventiva municipal, se logr\u00f3 la detenci\u00f3n de peligroso sujeto que tripulaba un cami\u00f3n de transporte de carga y en cuyo interior manten\u00eda secuestrado al chofer y a una joven, inform\u00f3 el comisario, Arturo Centeno Cano.<\/p>\n","protected":false},"author":3,"featured_media":334898,"comment_status":"open","ping_status":"open","sticky":false,"template":"","format":"standard","meta":{"_monsterinsights_skip_tracking":false,"_monsterinsights_sitenote_active":false,"_monsterinsights_sitenote_note":"","_monsterinsights_sitenote_category":0,"footnotes":""},"categories":[35155],"tags":[454,43675,13955,4190],"class_list":["post-334809","post","type-post","status-publish","format-standard","has-post-thumbnail","hentry","category-estado-de-mexico-estado-de-mexico","tag-ecatepec","tag-estado-de-mexico","tag-robo","tag-vehiculo"],"_links":{"self":[{"href":"https:\/\/www.diarioimagen.net\/index.php?rest_route=\/wp\/v2\/posts\/334809","targetHints":{"allow":["GET"]}}],"collection":[{"href":"https:\/\/www.diarioimagen.net\/index.php?rest_route=\/wp\/v2\/posts"}],"about":[{"href":"https:\/\/www.diarioimagen.net\/index.php?rest_route=\/wp\/v2\/types\/post"}],"author":[{"embeddable":true,"href":"https:\/\/www.diarioimagen.net\/index.php?rest_route=\/wp\/v2\/users\/3"}],"replies":[{"embeddable":true,"href":"https:\/\/www.diarioimagen.net\/index.php?rest_route=%2Fwp%2Fv2%2Fcomments&post=334809"}],"version-history":[{"count":0,"href":"https:\/\/www.diarioimagen.net\/index.php?rest_route=\/wp\/v2\/posts\/334809\/revisions"}],"wp:featuredmedia":[{"embeddable":true,"href":"https:\/\/www.diarioimagen.net\/index.php?rest_route=\/wp\/v2\/media\/334898"}],"wp:attachment":[{"href":"https:\/\/www.diarioimagen.net\/index.php?rest_route=%2Fwp%2Fv2%2Fmedia&parent=334809"}],"wp:term":[{"taxonomy":"category","embeddable":true,"href":"https:\/\/www.diarioimagen.net\/index.php?rest_route=%2Fwp%2Fv2%2Fcategories&post=334809"},{"taxonomy":"post_tag","embeddable":true,"href":"https:\/\/www.diarioimagen.net\/index.php?rest_route=%2Fwp%2Fv2%2Ftags&post=334809"}],"curies":[{"name":"wp","href":"https:\/\/api.w.org\/{rel}","templated":true}]}}