{"id":335003,"date":"2017-07-14T00:09:33","date_gmt":"2017-07-14T05:09:33","guid":{"rendered":"http:\/\/www.diarioimagen.net\/?p=335003"},"modified":"2017-07-14T04:35:25","modified_gmt":"2017-07-14T09:35:25","slug":"inicia-el-tsjcdmx-campana-el-medico-en-tu-tribunal","status":"publish","type":"post","link":"https:\/\/www.diarioimagen.net\/?p=335003","title":{"rendered":"Inicia el TSJCDMX campa\u00f1a \u201cEl M\u00e9dico en tu Tribunal\u201d"},"content":{"rendered":"<ul>\n<li><strong><em>Derechos y salud de empleados, prioridad: P\u00e9rez Ju\u00e1rez<\/em><\/strong><\/li>\n<\/ul>\n<p>&nbsp;<\/p>\n<p><a href=\"http:\/\/www.diarioimagen.net\/?attachment_id=335110\" rel=\"attachment wp-att-335110\"><img loading=\"lazy\" decoding=\"async\" class=\"aligncenter size-large wp-image-335110\" src=\"http:\/\/www.diarioimagen.net\/wp-content\/uploads\/2017\/07\/TSJCDMX-3163-460x259.jpg\" alt=\"\" width=\"460\" height=\"259\" srcset=\"https:\/\/www.diarioimagen.net\/wp-content\/uploads\/2017\/07\/TSJCDMX-3163-460x259.jpg 460w, https:\/\/www.diarioimagen.net\/wp-content\/uploads\/2017\/07\/TSJCDMX-3163-240x135.jpg 240w, https:\/\/www.diarioimagen.net\/wp-content\/uploads\/2017\/07\/TSJCDMX-3163-235x132.jpg 235w, https:\/\/www.diarioimagen.net\/wp-content\/uploads\/2017\/07\/TSJCDMX-3163-202x114.jpg 202w, https:\/\/www.diarioimagen.net\/wp-content\/uploads\/2017\/07\/TSJCDMX-3163-350x196.jpg 350w, https:\/\/www.diarioimagen.net\/wp-content\/uploads\/2017\/07\/TSJCDMX-3163-220x123.jpg 220w, https:\/\/www.diarioimagen.net\/wp-content\/uploads\/2017\/07\/TSJCDMX-3163-237x132.jpg 237w, https:\/\/www.diarioimagen.net\/wp-content\/uploads\/2017\/07\/TSJCDMX-3163.jpg 480w\" sizes=\"auto, (max-width: 460px) 100vw, 460px\" \/><\/a><\/p>\n<p>&nbsp;<\/p>\n<p>El presidente del Tribunal Superior de Justicia de la Ciudad de M\u00e9xico (TSJCDMX), magistrado \u00c1lvaro Augusto P\u00e9rez Ju\u00e1rez, afirm\u00f3 que para las autoridades del \u00f3rgano judicial es prioritario garantizar los derechos y la salud de sus trabajadores, quienes d\u00eda con d\u00eda dan vida a impartici\u00f3n y administraci\u00f3n de justicia.<\/p>\n<p>Al inaugurar en la sede del TSJCDMX la campa\u00f1a de salud\u00a0\u201cEl M\u00e9dico en tu Tribunal\u201d, inform\u00f3 que mediante \u00e9sta se pondr\u00e1 a disposici\u00f3n de m\u00e1s de 9 mil trabajadores servicios de salud, consistentes en prueba de glucosa capilar, detecci\u00f3n r\u00e1pida de VIH, de ant\u00edgeno prost\u00e1tico, aplicaci\u00f3n de vacunas, entre otras.<\/p>\n<p>En el auditorio\u00a0Benito Ju\u00e1rez\u00a0y acompa\u00f1ado por el secretario de Salud, Armando Ahued Ortega, P\u00e9rez Ju\u00e1rez subray\u00f3 que todo trabajador es una persona que ejerce sus derechos y que requiere de todo tipo de cuidado para su salud f\u00edsica y emocional, que son elementos indispensables para la consolidaci\u00f3n de una justicia democr\u00e1tica al servicio de la ciudadan\u00eda.<\/p>\n<p>La protecci\u00f3n de la salud, abund\u00f3 el magistrado, es fundamental, y a\u00f1adi\u00f3 que la prevenci\u00f3n es una forma asertiva de garantizar este derecho a largo plazo.<\/p>\n<p>Dijo tambi\u00e9n que la promoci\u00f3n de la salud da a las personas herramientas para tener un mayor control sobre este aspecto, y permite dejar atr\u00e1s la visi\u00f3n que \u00fanicamente se centra en el tratamiento y curaci\u00f3n de enfermedades una vez que se detectan.<\/p>\n<p>El magistrado P\u00e9rez Ju\u00e1rez reconoci\u00f3 al doctor Ahued Ortega por encabezar una gobernanza sanitaria de excelencia, basada en campa\u00f1as de prevenci\u00f3n y desarrollo de infraestructura de salud, como la construcci\u00f3n de cl\u00ednicas especializadas en enfermedades cr\u00f3nicas y hospitales.<\/p>\n<p>A su vez, Ahued Ortega destac\u00f3 la pol\u00edtica de salud impulsada por el jefe de gobierno de la Ciudad de M\u00e9xico, Miguel \u00c1ngel Mancera, y dijo que \u00e9sta se basa en una transformaci\u00f3n de la atenci\u00f3n m\u00e9dica, ya que ahora se privilegia \u00a0mantener la salud de las personas y no s\u00f3lo curar a los enfermos.<\/p>\n<p>Entre otros servicios de salud a los que tendr\u00e1n acceso los trabajadores del TSJCDMX son: estudios de Papanicolaou, mastograf\u00eda, qu\u00edmica sangu\u00ednea, colposcop\u00eda, electrocardiograma, adem\u00e1s de pl\u00e1ticas de salud bucal, mental, prevenci\u00f3n de adicciones y detecci\u00f3n r\u00e1pida y oportuna de c\u00e1ncer en la mujer.<\/p>\n","protected":false},"excerpt":{"rendered":"<p>El presidente del Tribunal Superior de Justicia de la Ciudad de M\u00e9xico (TSJCDMX), magistrado \u00c1lvaro Augusto P\u00e9rez Ju\u00e1rez, afirm\u00f3 que para las autoridades del \u00f3rgano judicial es prioritario garantizar los derechos y la salud de sus trabajadores, quienes d\u00eda con d\u00eda dan vida a impartici\u00f3n y administraci\u00f3n de justicia.<\/p>\n","protected":false},"author":3,"featured_media":335110,"comment_status":"open","ping_status":"open","sticky":false,"template":"","format":"standard","meta":{"_monsterinsights_skip_tracking":false,"_monsterinsights_sitenote_active":false,"_monsterinsights_sitenote_note":"","_monsterinsights_sitenote_category":0,"footnotes":""},"categories":[6],"tags":[204,49194],"class_list":["post-335003","post","type-post","status-publish","format-standard","has-post-thumbnail","hentry","category-cd-de-mexico","tag-ciudad-de-mexico","tag-tribunal-superior-de-justicia-de-la-ciudad-de-mexico"],"_links":{"self":[{"href":"https:\/\/www.diarioimagen.net\/index.php?rest_route=\/wp\/v2\/posts\/335003","targetHints":{"allow":["GET"]}}],"collection":[{"href":"https:\/\/www.diarioimagen.net\/index.php?rest_route=\/wp\/v2\/posts"}],"about":[{"href":"https:\/\/www.diarioimagen.net\/index.php?rest_route=\/wp\/v2\/types\/post"}],"author":[{"embeddable":true,"href":"https:\/\/www.diarioimagen.net\/index.php?rest_route=\/wp\/v2\/users\/3"}],"replies":[{"embeddable":true,"href":"https:\/\/www.diarioimagen.net\/index.php?rest_route=%2Fwp%2Fv2%2Fcomments&post=335003"}],"version-history":[{"count":0,"href":"https:\/\/www.diarioimagen.net\/index.php?rest_route=\/wp\/v2\/posts\/335003\/revisions"}],"wp:featuredmedia":[{"embeddable":true,"href":"https:\/\/www.diarioimagen.net\/index.php?rest_route=\/wp\/v2\/media\/335110"}],"wp:attachment":[{"href":"https:\/\/www.diarioimagen.net\/index.php?rest_route=%2Fwp%2Fv2%2Fmedia&parent=335003"}],"wp:term":[{"taxonomy":"category","embeddable":true,"href":"https:\/\/www.diarioimagen.net\/index.php?rest_route=%2Fwp%2Fv2%2Fcategories&post=335003"},{"taxonomy":"post_tag","embeddable":true,"href":"https:\/\/www.diarioimagen.net\/index.php?rest_route=%2Fwp%2Fv2%2Ftags&post=335003"}],"curies":[{"name":"wp","href":"https:\/\/api.w.org\/{rel}","templated":true}]}}