{"id":335022,"date":"2017-07-14T00:01:26","date_gmt":"2017-07-14T05:01:26","guid":{"rendered":"http:\/\/www.diarioimagen.net\/?p=335022"},"modified":"2017-07-14T04:05:57","modified_gmt":"2017-07-14T09:05:57","slug":"el-destination-wedding-planners-congress-se-celebrara-en-los-cabos-en-2018-con-mas-de-400-participantes-de-60-paises","status":"publish","type":"post","link":"https:\/\/www.diarioimagen.net\/?p=335022","title":{"rendered":"El <em>Destination Wedding Planners Congress<\/em> se celebrar\u00e1 en Los Cabos en 2018, con m\u00e1s de 400 participantes de 60 pa\u00edses"},"content":{"rendered":"<h2>De cinco estrellas<\/h2>\n<h5>Victoria Gonz\u00e1lez Prado<\/h5>\n<p><strong>\u00a0<\/strong><\/p>\n<ul>\n<li><em><strong>San Miguel de Allende, \u2018Mejor Ciudad del Mundo\u2019, por su calidad en el servicio, amabilidad, gastronom\u00eda, limpieza, experiencia de compras y movilidad<\/strong><\/em><\/li>\n<li><strong>Interjet<\/strong><em><strong> inicia operaciones entre Canc\u00fan y Ciudad de M\u00e9xico a Montreal, con tres frecuencias semanales en un <\/strong><\/em><strong>Airbus A320<\/strong><\/li>\n<\/ul>\n<p>&nbsp;<\/p>\n<p><a href=\"http:\/\/www.diarioimagen.net\/?attachment_id=335080\" rel=\"attachment wp-att-335080\"><img loading=\"lazy\" decoding=\"async\" class=\"aligncenter size-large wp-image-335080\" src=\"http:\/\/www.diarioimagen.net\/wp-content\/uploads\/2017\/07\/turismo-3163-460x204.jpg\" alt=\"\" width=\"460\" height=\"204\" srcset=\"https:\/\/www.diarioimagen.net\/wp-content\/uploads\/2017\/07\/turismo-3163-460x204.jpg 460w, https:\/\/www.diarioimagen.net\/wp-content\/uploads\/2017\/07\/turismo-3163-240x107.jpg 240w, https:\/\/www.diarioimagen.net\/wp-content\/uploads\/2017\/07\/turismo-3163.jpg 700w\" sizes=\"auto, (max-width: 460px) 100vw, 460px\" \/><\/a><\/p>\n<p>&nbsp;<\/p>\n<p>El Consejo de Promoci\u00f3n Tur\u00edstica de M\u00e9xico (CPTM), anunci\u00f3 que Los Cabos recibir\u00e1 del 10 al 12 de abril del 2018, el <em>Destination Wedding Plannes Congress<\/em> (DWP), considerado el congreso m\u00e1s importante de la industria de romance, que se celebra anualmente en los destinos m\u00e1s relevantes del mundo, con m\u00e1s de 400 participantes de 60 pa\u00edses y la asistencia de los 150 coordinadores de bodas.<\/p>\n<p>Los Cabos es hogar de algunos de los hoteles m\u00e1s lujosos del mundo, con una oferta culinaria considerada por muchos entre las m\u00e1s finas. La regi\u00f3n geogr\u00e1fica es una mezcla din\u00e1mica de paisajes des\u00e9rticos, playas y monta\u00f1as.<\/p>\n<p>\u201cEl Arco\u201d es el punto geogr\u00e1fico m\u00e1s destacado y se localiza donde se une el Mar de Cort\u00e9s con el Oc\u00e9ano Pac\u00edfico.<\/p>\n<p>La diversidad del pa\u00eds y la calidez de los mexicanos, ha hecho posible que cada d\u00eda se realicen m\u00e1s eventos \u00fanicos y bodas inigualables; brindando a las empresas una infraestructura sobresaliente y con tecnolog\u00eda de punta,\u00a0 ofreciendo a las parejas la posibilidad de realizar bodas en recintos lujosos y exclusivos, playas v\u00edrgenes, haciendas extraordinarias, ciudades coloniales \u00fanicas, sitios naturales insuperables e incluso, bodas bajo el agua.<\/p>\n<p>El nicho de turismo de romance es un \u00a0\u00e1rea de negocios sustancial y en constante crecimiento,\u00a0350 mil parejas alrededor del mundo se casan en diversos destinos cada a\u00f1o, y de acuerdo a estad\u00edsticas recientes, un 9% lo hacen en M\u00e9xico.<\/p>\n<p>En los \u00faltimos cinco a\u00f1os las bodas de destino se incrementaron en un 50%, solo en el pa\u00eds. Es por esto que el CPTM, apoya la estrategia de promoci\u00f3n del Fideicomiso de Turismo de Los Cabos como destino de bodas, y est\u00e1 comprometido a impulsar este importante evento, as\u00ed como el segmento de romance.<\/p>\n<p>El congreso, se ha llevado a cabo en Grecia, Mauricio, Italia, Tailandia, se distingue por reunir lo mejor de la industria de bodas de lujo, presentando propuestas de excelencia.<\/p>\n<p>Ha exhibido los destinos m\u00e1s exclusivos, los hoteles m\u00e1s extravagantes, y los recintos m\u00e1s excepcionales, junto con los principales proveedores de bodas y socios creativos como dise\u00f1adores de moda, fot\u00f3grafos reconocidos, joyeros exclusivos, chefs de renombre internacional y mucho m\u00e1s.<\/p>\n<p>Para el CPTM, el DWP 2018 actuar\u00e1 como catalizador para una mayor colaboraci\u00f3n con la industria mundial, buscando fortalecer la relaci\u00f3n con las empresas especializadas en bodas, y continuar con la posici\u00f3n l\u00edder del pa\u00eds en el segmento turismo de romance.<\/p>\n<p>\u2730\u2730\u2730\u2730\u2730 Por su calidad en el servicio, amabilidad, gastronom\u00eda, limpieza, experiencia de compras y movilidad, San Miguel de Allende fue nombrada la \u2018Mejor Ciudad del Mundo\u2019 por la Revista <em>Travel + Leisure.<\/em><\/p>\n<p><strong>Fernando Olivera Rocha<\/strong>, secretario de Turismo de Guanajuato, acudi\u00f3 a la conferencia en las instalaciones del Consejo de Promoci\u00f3n Tur\u00edstica de San Miguel de Allende donde se dio a conocer el reconocimiento, ah\u00ed se\u00f1al\u00f3, \u201ces importante entender la din\u00e1mica mundial del Turismo donde las personas comienzan a voltear a los destinos culturales, donde pueden descubrir y tener experiencias vivas en la gastronom\u00eda, el patrimonio y la cultura.\u201d<\/p>\n<p>\u201cDestinos como San Miguel, est\u00e1n haciendo esa diferencia en el mundo, ese valor adicional y agregado que no dan, probablemente, las playas para esta interpretaci\u00f3n de experiencia tur\u00edstica.<\/p>\n<p>\u201cHace un a\u00f1o \u00e9ramos la tercera \u2018Mejor Ciudad del Mundo\u2019; subimos aproximadamente un punto en la evaluaci\u00f3n, de 91.16 a 92.12 lo que nos hace rebasar a las otras dos ciudades que nos hab\u00edan antecedido en 2016\u201d, destac\u00f3 <strong>Olivera Rocha<\/strong>.<\/p>\n<p>El nombramiento posiciona a San Miguel de Allende, Patrimonio Mundial de la Humanidad, como el favorito del turismo extranjero que se siente atra\u00eddo por su patrimonio art\u00edstico, hist\u00f3rico, gastron\u00f3mico y cultural, su belleza y hospitalidad.<\/p>\n<p>El galard\u00f3n ser\u00e1 entregado el pr\u00f3ximo 26 de julio en la premiaci\u00f3n de <em>Travel + Leisure World\u2019s Best Awards<\/em> en Nueva York, Estados Unidos.<\/p>\n<p>La encuesta se llev\u00f3 a cabo de noviembre a marzo y\u00a0 contempl\u00f3 siete categor\u00edas: <em>Top 10 Overall<\/em>, Estados Unidos-Canad\u00e1, M\u00e9xico-Centro y Sudam\u00e9rica, Europa, Asia, \u00c1frica y the Middle East, Australia, Nueva Zalanda y the South Pacific.<\/p>\n<p>En los \u00faltimos a\u00f1os, los\u00a0 lectores de <em>Travel + Leisure<\/em>, han nombrado diferentes destinos como \u2018Mejor Ciudad del Mundo\u2019, entre ellos: Kioto, Charleston y Bangkok.<\/p>\n<p>En el evento estuvieron, el presidente del Consejo de Promoci\u00f3n Tur\u00edstica de San Miguel de Allende y el gerente general de ese organismo, <strong>Guillermo Gonz\u00e1lez<\/strong>; la presidenta de la Asociaci\u00f3n de Hoteles y Moteles; <strong>Laura Torres<\/strong>; <strong>Francisco Garc\u00eda<\/strong>; el director General del Hotel Rosewood, <strong>Alfredo Renter\u00eda<\/strong> y el director general del Hotel Matilda, <strong>Bruce Jame<\/strong>s.<\/p>\n<p>\u2730\u2730\u2730\u2730\u2730 Hace unos d\u00edas, inici\u00f3 el vuelo sin escalas, con Interjet, entre el Aeropuerto Internacional Pierre Elliot Trudeau de Montreal y el Aeropuerto Internacional Benito Ju\u00e1rez de la Ciudad de M\u00e9xico, operando estas nuevas rutas desde los aeropuertos de Canc\u00fan y Ciudad de M\u00e9xico, con tres frecuencias a la semana, saliendo en ambos destinos los martes, jueves y domingos.<\/p>\n<p>Por introducci\u00f3n, el precio en viaje redondo desde la ciudad de Canc\u00fan a Montreal es de 350 d\u00f3lares y de la Ciudad de M\u00e9xico al mismo destino canadiense desde 284 d\u00f3lares.<\/p>\n<p><strong>Jos\u00e9 Luis Garza<\/strong>, director general de Interjet, indic\u00f3 que \u201cMontreal cumplir\u00e1 375 a\u00f1os y estamos muy emocionados de ofrecer la oportunidad de visitar esta hermosa ciudad a los viajeros de negocios y placer y que disfruten de su riqueza hist\u00f3rica y cultural, su legado, gente y lugares ic\u00f3nicos.<\/p>\n<p>Ofrecemos a los viajeros nuestra marca \u00fanica de precios bajos con la documentaci\u00f3n de maletas sin cargo en boletos seleccionados, m\u00e1s espacio entre asientos y un gran servicio que ha sido aceptado en todos los lugares a donde volamos\u201d.<\/p>\n<p><strong>Phillippe Rainville<\/strong>, presidente y director general del Aeropuerto de Montreal coment\u00f3 \u201ccon este vuelo, los viajes entre Canad\u00e1 y M\u00e9xico est\u00e1n alcanzando nuevas alturas. El n\u00famero de turistas mexicanos que han visitado Quebec se ha duplicado y esperamos que crezca a\u00fan m\u00e1s. La aerol\u00ednea dar\u00e1 m\u00e1s opciones para nuestra comunidad de viajeros desde las infinitas playas mexicanas hasta su historia y cultura \u00fanicas. Les damos la bienvenida\u201d.<\/p>\n<p>De acuerdo a la oficina gubernamental de estad\u00edsticas, se ha incrementado en 55 puntos porcentuales la vistia de turistas mexicanos hacia Canad\u00e1, entre enero de 2016 y el mismo mes de 2017.<\/p>\n<p>Los vuelos de Interjet a Montreal ser\u00e1n operados en <em>Airbus A320<\/em> con 150 asientos. El horario inicial es de tres frecuencias a la semana, por ruta, con pr\u00e1cticos horarios de salida.<\/p>\n<p><em><a href=\"mailto:victoriagprado@gmail.com\" target=\"_blank\" rel=\"noopener noreferrer\">victoriagprado@gmail.com<\/a><\/em><br \/>\n<em> Twitter: <a href=\"https:\/\/twitter.com\/victoriagprado\" target=\"_blank\" rel=\"noopener noreferrer\">@victoriagprado<\/a><\/em><\/p>\n","protected":false},"excerpt":{"rendered":"<p>El Consejo de Promoci\u00f3n Tur\u00edstica de M\u00e9xico (CPTM), anunci\u00f3 que Los Cabos recibir\u00e1 del 10 al 12 de abril del 2018, el <em>Destination Wedding Plannes Congress<\/em> (DWP), considerado el congreso m\u00e1s importante de la industria de romance, que se celebra anualmente en los destinos m\u00e1s relevantes del mundo, con m\u00e1s de 400 participantes de 60 pa\u00edses y la asistencia de los 150 coordinadores de bodas.<\/p>\n","protected":false},"author":3,"featured_media":335080,"comment_status":"open","ping_status":"open","sticky":false,"template":"","format":"standard","meta":{"_monsterinsights_skip_tracking":false,"_monsterinsights_sitenote_active":false,"_monsterinsights_sitenote_note":"","_monsterinsights_sitenote_category":0,"footnotes":""},"categories":[11],"tags":[107,43674,43681,106],"class_list":["post-335022","post","type-post","status-publish","format-standard","has-post-thumbnail","hentry","category-turismo","tag-de-cinco-estrellas","tag-opinion","tag-turismo","tag-victoria-gonzalez-prado"],"_links":{"self":[{"href":"https:\/\/www.diarioimagen.net\/index.php?rest_route=\/wp\/v2\/posts\/335022","targetHints":{"allow":["GET"]}}],"collection":[{"href":"https:\/\/www.diarioimagen.net\/index.php?rest_route=\/wp\/v2\/posts"}],"about":[{"href":"https:\/\/www.diarioimagen.net\/index.php?rest_route=\/wp\/v2\/types\/post"}],"author":[{"embeddable":true,"href":"https:\/\/www.diarioimagen.net\/index.php?rest_route=\/wp\/v2\/users\/3"}],"replies":[{"embeddable":true,"href":"https:\/\/www.diarioimagen.net\/index.php?rest_route=%2Fwp%2Fv2%2Fcomments&post=335022"}],"version-history":[{"count":0,"href":"https:\/\/www.diarioimagen.net\/index.php?rest_route=\/wp\/v2\/posts\/335022\/revisions"}],"wp:featuredmedia":[{"embeddable":true,"href":"https:\/\/www.diarioimagen.net\/index.php?rest_route=\/wp\/v2\/media\/335080"}],"wp:attachment":[{"href":"https:\/\/www.diarioimagen.net\/index.php?rest_route=%2Fwp%2Fv2%2Fmedia&parent=335022"}],"wp:term":[{"taxonomy":"category","embeddable":true,"href":"https:\/\/www.diarioimagen.net\/index.php?rest_route=%2Fwp%2Fv2%2Fcategories&post=335022"},{"taxonomy":"post_tag","embeddable":true,"href":"https:\/\/www.diarioimagen.net\/index.php?rest_route=%2Fwp%2Fv2%2Ftags&post=335022"}],"curies":[{"name":"wp","href":"https:\/\/api.w.org\/{rel}","templated":true}]}}