{"id":335072,"date":"2017-07-14T00:08:43","date_gmt":"2017-07-14T05:08:43","guid":{"rendered":"http:\/\/www.diarioimagen.net\/?p=335072"},"modified":"2017-07-14T06:15:15","modified_gmt":"2017-07-14T11:15:15","slug":"el-paso-expres-de-la-muerte","status":"publish","type":"post","link":"https:\/\/www.diarioimagen.net\/?p=335072","title":{"rendered":"El Paso Expr\u00e9s de la muerte"},"content":{"rendered":"<h2>Punto por punto<\/h2>\n<h5>Augusto Corro<\/h5>\n<p>&nbsp;<\/p>\n<div id=\"attachment_335141\" style=\"width: 470px\" class=\"wp-caption aligncenter\"><a href=\"http:\/\/www.diarioimagen.net\/?attachment_id=335141\" rel=\"attachment wp-att-335141\"><img loading=\"lazy\" decoding=\"async\" aria-describedby=\"caption-attachment-335141\" class=\"size-large wp-image-335141\" src=\"http:\/\/www.diarioimagen.net\/wp-content\/uploads\/2017\/07\/sobre-mojado-luis-xavier-3163-460x350.jpg\" alt=\"\" width=\"460\" height=\"350\" srcset=\"https:\/\/www.diarioimagen.net\/wp-content\/uploads\/2017\/07\/sobre-mojado-luis-xavier-3163-460x350.jpg 460w, https:\/\/www.diarioimagen.net\/wp-content\/uploads\/2017\/07\/sobre-mojado-luis-xavier-3163-240x183.jpg 240w, https:\/\/www.diarioimagen.net\/wp-content\/uploads\/2017\/07\/sobre-mojado-luis-xavier-3163-768x585.jpg 768w, https:\/\/www.diarioimagen.net\/wp-content\/uploads\/2017\/07\/sobre-mojado-luis-xavier-3163.jpg 1200w\" sizes=\"auto, (max-width: 460px) 100vw, 460px\" \/><\/a><p id=\"caption-attachment-335141\" class=\"wp-caption-text\">Sobre mojado&#8230; | Luis Xavier<\/p><\/div>\n<p>&nbsp;<\/p>\n<p>Juan Mena Ruiz, de 59 a\u00f1os, y su hijo Juan Mena Romero, de 33, perecieron al caer su coche en un socav\u00f3n en la zona lateral al Paso Expr\u00e9s en el sur de Cuernavaca. Hecho ocurrido la ma\u00f1ana del mi\u00e9rcoles.<\/p>\n<p>Los peligros que representa la mencionada obra, reci\u00e9n inaugurada en abril, fueron conocidos por las autoridades de los tres niveles de gobierno.<\/p>\n<p>Tuvo que registrarse la tragedia que exhibi\u00f3 la\u00a0 irresponsabilidad de funcionarios p\u00fablicos renuentes a atender denuncias de las irregularidades del mencionado paso al tr\u00e1nsito vehicular.<\/p>\n<p>Se dijo que el Paso Expr\u00e9s representaba un riesgo de inundaciones debido a su p\u00e9sima infraestructura hidr\u00e1ulica. Nadie hizo caso. Llegaron las lluvias y se confirmaron las advertencias de los colonos.<\/p>\n<p>La obra se puso en funcionamiento cuando a\u00fan faltaban por terminar algunos trabajos. Es una tradici\u00f3n de los pol\u00edticos, en M\u00e9xico, inaugurar obras inconclusas. As\u00ed ocurri\u00f3 con el citado paso.<\/p>\n<p>Ahora le corresponde a las autoridades deslindar responsabilidades. \u00bfQui\u00e9nes son los culpables? \u00bfLa empresa constructora? \u00bfLos funcionarios p\u00fablicos? \u00bfLa Secretar\u00eda de Comunicaciones y Transportes (SCT), encabezada por su titular, el controvertido Gerardo Ruiz Esparza?<\/p>\n<p>\u00bfSe aplicar\u00e1 con rigor la ley en contra de los irresponsables?<\/p>\n<p>Posiblemente no. Hay que echarle la culpa a las lluvias y a los drenajes.\u00a0 En unos cuantos d\u00edas se olvidar\u00e1 el asunto. Borr\u00f3n y cuenta nueva.<\/p>\n<p>Mientras aquellos que viajan por la autopista M\u00e9xico- Cuernavaca, no dejar\u00e1n de pensar en la inseguridad y los riesgos que presenta esa carretera.<\/p>\n<p style=\"text-align: center;\"><strong>Decomisan miles de celulares<\/strong><\/p>\n<p>Vaya. Al fin, las autoridades capitalinas dieron un fuerte golpe a los rateros. Las autoridades capitalinas decomisaron 7 mil celulares robados, 10 mil discos pirata y diversos accesorios de procedencia dudosa. Fueron detenidas 35 personas por la posible comisi\u00f3n del delito de encubrimiento.<\/p>\n<p>En el operativo para recuperar el material robado estuvo a cargo de las Secretar\u00edas de Gobierno, de Seguridad P\u00fablica y la Procuradur\u00eda General de Justicia. Abarc\u00f3 la Avenida Eje Central, entre Izazaga y 5 de Mayo.<\/p>\n<p>Hasta aqu\u00ed todo bien. Sin embargo,\u00a0 la pregunta que surge es la siguiente: \u00bfqu\u00e9 van a hacer las autoridades con esa cantidad fabulosa de tel\u00e9fonos?\u00a0 \u00bfNo habr\u00eda alguna manera de que la gente tuviera la oportunidad de recuperar sus celulares? No es mala idea.<\/p>\n<p>Se trat\u00f3 pues, de una acci\u00f3n que todo mundo aplaudi\u00f3, solo que los asaltos y los robos de tel\u00e9fonos continuar\u00e1. No lo dude.<\/p>\n<p>La pobreza y la falta de empleo obligan a muchas personas a robar y a trabajar en el comercio informal.<\/p>\n<p>Aunque sea por una ocasi\u00f3n, la polic\u00eda derrot\u00f3 a la delincuencia.<\/p>\n<p style=\"text-align: center;\"><strong>Trump y su \u201cprimera victoria\u201d<\/strong><\/p>\n<p>El presidente de Estados Unidos, Donald Trump, se encuentra muy feliz. \u00bfEl motivo? La C\u00e1mara de Representantes aprobar\u00e1 1 600 millones de d\u00f3lares para empezar la construcci\u00f3n del muro fronterizo M\u00e9xico-Estados Unidos. Se trata de un primer paso. A\u00fan faltan por salvar otros obst\u00e1culos.<\/p>\n<p>El mandatario estadounidense prometi\u00f3, desde antes de iniciar su campa\u00f1a a la presidencia de EU, construir un muro para frenar la migraci\u00f3n ilegal y el narcotr\u00e1fico. Con el agregado de que M\u00e9xico pagar\u00e1 la barda.<\/p>\n<p>Alguien tendr\u00e1 que convencer al millonario que el multicitado muro no funcionar\u00e1 como \u00e9l piensa que podr\u00eda ocurrir. Los \u201cpolleros\u201d, que cruzan a migrantes ilegales, ya le agradecieron a Trump su pol\u00edtica de deportaci\u00f3n de indocumentados y la idea de levantar la barda fronteriza.<\/p>\n<p>Los traficantes de personas dijeron que el muro, mientras m\u00e1s alto se construya, mayores ser\u00e1n sus ganancias por el cruce de gente, que sin papeles, intentar\u00e1n pisar tierra estadounidense. Los especialistas se\u00f1alaron que la gente que se queda a vivir en el vecino pa\u00eds, por lo regular llega en avi\u00f3n.<\/p>\n<p>\u00bfY la guerra contra el trasiego de droga? \u00bfC\u00f3mo la combatir\u00e1 Trump con una barda que no representar\u00e1 ning\u00fan escollo para los narcotraficantes. Estos son expertos en hacer t\u00faneles de todos los tama\u00f1os sin l\u00edmites de profundidad.<\/p>\n<p>El muro tendr\u00e1 conflictos cuyas dimensiones no se calcularon. Entre otros se encuentran los da\u00f1os al sistema ecol\u00f3gico, al comercio internacional, y\u00a0 a las afectaciones relacionadas con la propiedad de la tierra.<\/p>\n<p>En las promesas de campa\u00f1a, la construcci\u00f3n del muro fue uno de los principales atractivos para votar por Trump. Cuando el magnate siente que bajan sus bonos pol\u00edticos, lo primero que hace es traer a colaci\u00f3n la idea de levantar la barda de la ignominia.<\/p>\n<p style=\"text-align: right;\"><em><strong>Feliz fin de semana<\/strong><\/em><\/p>\n<p><em><a href=\"mailto:aco2742@hotmail.com\" target=\"_blank\" rel=\"noopener noreferrer\">aco2742@hotmail.com<\/a><\/em><\/p>\n","protected":false},"excerpt":{"rendered":"<p><span style=\"color: #005497;\"><strong>Augusto Corro<\/strong><\/span><br \/>\n<br \/>\nJuan Mena Ruiz, de 59 a\u00f1os, y su hijo Juan Mena Romero, de 33, perecieron al caer su coche en un socav\u00f3n en la zona lateral al Paso Expr\u00e9s en el sur de Cuernavaca. Hecho ocurrido la ma\u00f1ana del mi\u00e9rcoles.<\/p>\n","protected":false},"author":3,"featured_media":335141,"comment_status":"open","ping_status":"open","sticky":false,"template":"","format":"standard","meta":{"_monsterinsights_skip_tracking":false,"_monsterinsights_sitenote_active":false,"_monsterinsights_sitenote_note":"","_monsterinsights_sitenote_category":0,"footnotes":""},"categories":[157],"tags":[43686,43674,11515],"class_list":["post-335072","post","type-post","status-publish","format-standard","has-post-thumbnail","hentry","category-augusto-corro","tag-augusto-corro","tag-opinion","tag-punto-por-punto"],"_links":{"self":[{"href":"https:\/\/www.diarioimagen.net\/index.php?rest_route=\/wp\/v2\/posts\/335072","targetHints":{"allow":["GET"]}}],"collection":[{"href":"https:\/\/www.diarioimagen.net\/index.php?rest_route=\/wp\/v2\/posts"}],"about":[{"href":"https:\/\/www.diarioimagen.net\/index.php?rest_route=\/wp\/v2\/types\/post"}],"author":[{"embeddable":true,"href":"https:\/\/www.diarioimagen.net\/index.php?rest_route=\/wp\/v2\/users\/3"}],"replies":[{"embeddable":true,"href":"https:\/\/www.diarioimagen.net\/index.php?rest_route=%2Fwp%2Fv2%2Fcomments&post=335072"}],"version-history":[{"count":0,"href":"https:\/\/www.diarioimagen.net\/index.php?rest_route=\/wp\/v2\/posts\/335072\/revisions"}],"wp:featuredmedia":[{"embeddable":true,"href":"https:\/\/www.diarioimagen.net\/index.php?rest_route=\/wp\/v2\/media\/335141"}],"wp:attachment":[{"href":"https:\/\/www.diarioimagen.net\/index.php?rest_route=%2Fwp%2Fv2%2Fmedia&parent=335072"}],"wp:term":[{"taxonomy":"category","embeddable":true,"href":"https:\/\/www.diarioimagen.net\/index.php?rest_route=%2Fwp%2Fv2%2Fcategories&post=335072"},{"taxonomy":"post_tag","embeddable":true,"href":"https:\/\/www.diarioimagen.net\/index.php?rest_route=%2Fwp%2Fv2%2Ftags&post=335072"}],"curies":[{"name":"wp","href":"https:\/\/api.w.org\/{rel}","templated":true}]}}