{"id":335312,"date":"2017-07-17T00:12:14","date_gmt":"2017-07-17T05:12:14","guid":{"rendered":"http:\/\/www.diarioimagen.net\/?p=335312"},"modified":"2017-07-17T03:56:13","modified_gmt":"2017-07-17T08:56:13","slug":"el-pri-no-tiene-duenos-rebeldes-a-dirigencia","status":"publish","type":"post","link":"https:\/\/www.diarioimagen.net\/?p=335312","title":{"rendered":"\u201cEl PRI no tiene due\u00f1os\u201d: rebeldes a dirigencia"},"content":{"rendered":"<h2>Tras la puerta del poder<\/h2>\n<h5>Roberto Vizca\u00edno<\/h5>\n<p>&nbsp;<\/p>\n<div id=\"attachment_335385\" style=\"width: 470px\" class=\"wp-caption aligncenter\"><a href=\"http:\/\/www.diarioimagen.net\/?attachment_id=335385\" rel=\"attachment wp-att-335385\"><img loading=\"lazy\" decoding=\"async\" aria-describedby=\"caption-attachment-335385\" class=\"size-large wp-image-335385\" src=\"http:\/\/www.diarioimagen.net\/wp-content\/uploads\/2017\/07\/MARAL-3164-460x296.jpg\" alt=\"\" width=\"460\" height=\"296\" srcset=\"https:\/\/www.diarioimagen.net\/wp-content\/uploads\/2017\/07\/MARAL-3164-460x296.jpg 460w, https:\/\/www.diarioimagen.net\/wp-content\/uploads\/2017\/07\/MARAL-3164-240x154.jpg 240w, https:\/\/www.diarioimagen.net\/wp-content\/uploads\/2017\/07\/MARAL-3164-768x494.jpg 768w, https:\/\/www.diarioimagen.net\/wp-content\/uploads\/2017\/07\/MARAL-3164.jpg 1200w\" sizes=\"auto, (max-width: 460px) 100vw, 460px\" \/><\/a><p id=\"caption-attachment-335385\" class=\"wp-caption-text\">Sexagenario&#8230; | Maral<\/p><\/div>\n<p>&nbsp;<\/p>\n<p>En esta ocasi\u00f3n el encuentro de rebeldes del tricolor creci\u00f3: de los 89 iniciales aument\u00f3 en un mes a m\u00e1s de 200.<\/p>\n<p>\u00bfMuchos\u2026 pocos? \u00bfEse grupo realmente puede representar una insurrecci\u00f3n interna importante?\u00a0 \u00bfQui\u00e9n ser\u00eda el Cuauht\u00e9moc C\u00e1rdenas de hoy? \u00bfLo hay?<\/p>\n<p>Ni idea. Unos adelantan los nombres de los m\u00e1s sobresalientes del grupo, algunos con potentes historias personales.<\/p>\n<p>As\u00ed, con Ivonne Ortega como su abierta candidata a la Presidencia de la Rep\u00fablica, la rebeld\u00eda pri\u00edsta cobr\u00f3 mayor fuerza.<\/p>\n<p>En una nueva aparici\u00f3n, esta vez bajo el nombre de Encuentro Expresi\u00f3n Militante, estos 200 militantes indicaron que pedir\u00e1n que la XXII Asamblea Nacional del PRI, a realizarse el s\u00e1bado el 12 de agosto se reformen los estatutos para establecer que la selecci\u00f3n de candidatos deber\u00e1 operarse por consulta a las bases.<\/p>\n<p>S\u00f3lo as\u00ed se erradicar\u00e1 la antidemocr\u00e1tica pr\u00e1ctica de la designaci\u00f3n cupular denominada como \u201cdedazo\u201d, indicaron.<\/p>\n<p>Es la \u00fanica forma de que el PRI recupere no s\u00f3lo credibilidad y apoyo ciudadanos sino rentabilidad electoral, afirmaron otros<\/p>\n<p>E Ivonne Ortega recuper\u00f3 lo dicho por ella misma en el primer encuentro:<\/p>\n<p>&#8211; Luego de recuperar la Presidencia en 2012, el PRI ha bajado de 20 a 14 el n\u00famero de sus gobernadores y en esos 4 a\u00f1os anteriores (que son los que lleva el sexenio de Enrique Pe\u00f1a Nieto) el PRI ha perdido 4 millones 700 mil votos, dijo.<\/p>\n<p>Es inocultable que el PRI, dijo, pierde el \u00e1nimo de su militancia al parejo de su rentabilidad electoral.<\/p>\n<p>Consider\u00f3 entonces que si el PRI quiere ser competitivo en 2018, no solo en la contienda presidencial, sino tambi\u00e9n en el resto de los cargos, deber\u00e1 dejar que las bases del tricolor y los ciudadanos elijan a sus candidatos.<\/p>\n<p>Los militantes, afirm\u00f3, se sienten \u201cdecepcionados y utilizados\u201d, pues luego de cada proceso electoral el PRI los abandona.<\/p>\n<p>Se deben desechar de una vez por todas las decisiones cupulares y abrirse a una consulta popular, indic\u00f3.<\/p>\n<p>Esto, coment\u00f3, no es nuevo. Enrique Ochoa Reza (el presidente del PRI) lo sabe.<\/p>\n<p>Y reiter\u00f3 que buscar\u00e1 ser la candidata del PRI a la Presidencia.<\/p>\n<p>\u201cEn la competencia seguramente nos inscribiremos varios\u2026 pero vale la pena que sea la ciudadan\u00eda la que decida, ser\u00eda el tamiz de la sociedad\u201d, indic\u00f3.<\/p>\n<p>\u201cTenemos que cambiar el m\u00e9todo\u2026 escuchar a la militancia\u201d, insisti\u00f3.<\/p>\n<p>Record\u00f3 igual que fue desde finales de 2016 cuando expres\u00f3 abiertamente su intenci\u00f3n de buscar la candidatura presidencial del PRI. Entonces solicit\u00f3 licencia como diputada federal y se fue a recorrer el pa\u00eds. Lo dice, deja esa aspiraci\u00f3n en la puerta\u2026 \u201c\u00bfpara qu\u00e9 ser candidata de un partido sin rentabilidad electoral?\u201d, precisa.<\/p>\n<p>Durante el encuentro, al que asistieron cuadros estatales, municipales y de corrientes internas diversas &#8211;algunas hasta confrontadas entre s\u00ed&#8211;, coincidieron en que las decisiones de futuro no pueden estar m\u00e1s en manos de unos cuantos.<\/p>\n<p>No m\u00e1s imposiciones ni corrupci\u00f3n, hay que regresar el partido a la ciudadan\u00eda.<\/p>\n<p>Hugo D\u00edaz Thom\u00e9, quien pretendiera disputar la presidencia a Enrique Ochoa Reza el a\u00f1o pasado, advirti\u00f3 con el evidente apoyo de todos que la actual c\u00fapula tricolor debe entender que el PRI no tiene due\u00f1o.<\/p>\n<p style=\"text-align: center;\"><strong>El primer encuentro<\/strong><\/p>\n<p>Esta nueva reuni\u00f3n tiene como antecedente el encuentro realizado por 89 pri\u00edstas el viernes 16 de junio anterior.<\/p>\n<p>Convocados entonces por Alianza Generacional, encabezada Jos\u00e9 Ram\u00f3n Martel, Ivonne Ortega, Jos\u00e9 Encarnaci\u00f3n Alfaro, Alberto Aguilar I\u00f1\u00e1rritu, Yolanda de la Torre, Ernesto G\u00e1ndara y Nabor Ojeda, para exigir justamente lo de trasladar a la militancia la elecci\u00f3n de sus candidatos, el movimiento rebelde tuvo una respuesta p\u00e9sima de la dirigencia nacional.<\/p>\n<p>\u00abSon pol\u00edticos de caf\u00e9 que se reunieron a criticar y a da\u00f1ar a nuestro partido. No representan al pri\u00edsmo nacional, sobre todo porque sus palabras est\u00e1n expresadas desde la frustraci\u00f3n.<\/p>\n<p>\u00abEst\u00e1n buscando destruir y criticar un proyecto pol\u00edtico ganador. Ah\u00ed est\u00e1n los resultados electorales que nos fueron favorables. No caben esas expresiones que surgen a partir de ambiciones personales. Son descalificaciones sin sustento\u00bb, indic\u00f3 entonces el senador con licencia y dirigente nacional de la CNOP, el jalisciense Arturo Zamora.<\/p>\n<p>Y les record\u00f3 que justamente la XXII Asamblea fue convocada, por lo cual no hab\u00eda necesidad de promover encuentros por fuera.<\/p>\n<p>Martel dijo entonces que todos los planteamientos y propuestas servir\u00edan para elaborar un documento de 10 puntos que ser\u00eda llevado al pleno de la Asamblea Nacional por la ex gobernadora de Yucat\u00e1n y ex secretaria General del PRI, Ivonne Ortega \u2013-autoproclamada como precandidata del PRI a la Presidencia de la Rep\u00fablica&#8211;, pero, advirti\u00f3:<\/p>\n<p>\u201cSi hay o\u00eddos sordos, repensaremos qu\u00e9 vamos a hacer\u2026 me quedo con eso, con mucha seriedad: somos muchos los que pensamos lo mismo, los que pensamos igual, perd\u00f3n por la expresi\u00f3n, los que estamos hasta la madre de seguir perdiendo el prestigio del PRI con lo que se est\u00e1 viviendo, estamos hasta la madre.<\/p>\n<p>\u201cEntonces, \u00bfqu\u00e9 vamos a hacer si pensamos igual, si queremos que sea diferente?&#8230; \u00a1una lucha dentro!, pero si esa lucha cae en el desierto y se seca la gota, ya sabemos que nos reuniremos para saber y decidir qu\u00e9 es lo que sigue con nuestras convicciones, nuestra \u00e9tica, con nuestra moral y con nuestro deseo de seguir haciendo pol\u00edtica.<\/p>\n<p>\u201cQueremos recuperar un M\u00e9xico que piense que por encima de las ambiciones de poder y de dinero\u2026 est\u00e1 el c\u00f3mo lograr que los que menos tienen puedan ascender socialmente\u201d, dijo.<\/p>\n<p>Ivonne Ortega dijo entonces que:<\/p>\n<p>\u201cHay muchos ejemplos de c\u00f3mo el PRI ha perdido elecciones por malas decisiones al elegir candidatos, muchos de ellos sin el aval de la militancia, por eso es necesario que las candidaturas surjan de consultas directas a la base y a la ciudadan\u00eda\u201d.<\/p>\n<p>Desde entonces Ivonne Ortega, Hugo D\u00edaz-Thom\u00e9 y los dem\u00e1s exigieron que el candidato del PRI a la Presidencia de la Rep\u00fablica fuese elegido en un proceso abierto a la base militante \u201cy no de la decisi\u00f3n de Enrique Pe\u00f1a Nieto\u201d.<\/p>\n<p style=\"text-align: center;\"><strong>La respuesta<\/strong><\/p>\n<p>Hoy la respuesta del CEN del PRI no la dio Zamora, sino Alejandra Del Moral, dirigente del tricolor en el Estado de M\u00e9xico, donde el PRI de Ochoa Reza retuvo hace un mes la gubernatura del estado.<\/p>\n<p>\u201cEl PRI tiene una gran responsabilidad hist\u00f3rica con M\u00e9xico y la va a cumplir sin pretextos\u201d, les indic\u00f3 Del Moral al encabezar la Asamblea Estatal deliberativa y electiva del priismo mexiquense rumbo a la XXII Asamblea Nacional Ordinaria.<\/p>\n<p>Ante m\u00e1s de 6 mil 600 delegados estatales que acudieron a participar en las 5 mesas nacionales tem\u00e1ticas, les record\u00f3 a los rebeldes que el PRI ha realizado ya 3,200 asambleas deliberativas en la Rep\u00fablica y que el deber interno es participr institucionalmente dentro de ese mecanismo, no en encuentros por fuera.<\/p>\n<p>En fin. Jaloneos, amenazas de ruptura, presiones dentro del pri\u00ecsmo ante su asamblea nacional de agosto.<\/p>\n<p style=\"text-align: center;\"><strong>Un lunes excepcional<\/strong><\/p>\n<p>Hoy en el INE se decidir\u00e1 el destino de la gubernatura en Coahuila. No hay m\u00e1s que de 2 sopas: o anulaci\u00f3n o ratificaci\u00f3n de la victoria del pri\u00ecsta Miguel \u00c1ngel Riquelme. Yo creo que habr\u00e1 ratificaci\u00f3n, pero no me sorprender\u00eda lo contrario.<\/p>\n<p>Hoy e igual forma se cumplir\u00e1 el proceso de extradici\u00f3n del ex gobernador veracruzano Javier Duarte. No m\u00e1s especulaciones, llegar\u00e1 a una c\u00e1rcel de la Ciudad de M\u00e9xico y ah\u00ed comenzar\u00e1 su juicio real.<\/p>\n<p><em><a href=\"mailto:rvizcainoa@gmail.com\" target=\"_blank\" rel=\"noopener noreferrer\">rvizcainoa@gmail.com<\/a><\/em><br \/>\n<em><a href=\"http:\/\/www.endirecto.com.mx\/\" target=\"_blank\" rel=\"noopener noreferrer\">www.endirecto.com.mx<\/a><\/em><br \/>\n<em><a href=\"https:\/\/twitter.com\/_rvizcaino\" target=\"_blank\" rel=\"noopener noreferrer\">@_RVizcaino<\/a><\/em><br \/>\n<a href=\"https:\/\/www.facebook.com\/rvizcainoa\" target=\"_blank\" rel=\"noopener noreferrer\">f<em>acebook.com\/rvizcainoa<\/em><\/a><\/p>\n","protected":false},"excerpt":{"rendered":"<p><span style=\"color: #005497;\"><strong>Roberto Vizca\u00edno<\/strong><\/span><br \/>\n<br \/>\nEn esta ocasi\u00f3n el encuentro de rebeldes del tricolor creci\u00f3: de los 89 iniciales aument\u00f3 en un mes a m\u00e1s de 200.<\/p>\n","protected":false},"author":3,"featured_media":335385,"comment_status":"open","ping_status":"open","sticky":false,"template":"","format":"standard","meta":{"_monsterinsights_skip_tracking":false,"_monsterinsights_sitenote_active":false,"_monsterinsights_sitenote_note":"","_monsterinsights_sitenote_category":0,"footnotes":""},"categories":[136],"tags":[43674,93,94],"class_list":["post-335312","post","type-post","status-publish","format-standard","has-post-thumbnail","hentry","category-roberto-vizcaino-opinion","tag-opinion","tag-roberto-vizcaino","tag-tras-la-puerta-del-poder"],"_links":{"self":[{"href":"https:\/\/www.diarioimagen.net\/index.php?rest_route=\/wp\/v2\/posts\/335312","targetHints":{"allow":["GET"]}}],"collection":[{"href":"https:\/\/www.diarioimagen.net\/index.php?rest_route=\/wp\/v2\/posts"}],"about":[{"href":"https:\/\/www.diarioimagen.net\/index.php?rest_route=\/wp\/v2\/types\/post"}],"author":[{"embeddable":true,"href":"https:\/\/www.diarioimagen.net\/index.php?rest_route=\/wp\/v2\/users\/3"}],"replies":[{"embeddable":true,"href":"https:\/\/www.diarioimagen.net\/index.php?rest_route=%2Fwp%2Fv2%2Fcomments&post=335312"}],"version-history":[{"count":0,"href":"https:\/\/www.diarioimagen.net\/index.php?rest_route=\/wp\/v2\/posts\/335312\/revisions"}],"wp:featuredmedia":[{"embeddable":true,"href":"https:\/\/www.diarioimagen.net\/index.php?rest_route=\/wp\/v2\/media\/335385"}],"wp:attachment":[{"href":"https:\/\/www.diarioimagen.net\/index.php?rest_route=%2Fwp%2Fv2%2Fmedia&parent=335312"}],"wp:term":[{"taxonomy":"category","embeddable":true,"href":"https:\/\/www.diarioimagen.net\/index.php?rest_route=%2Fwp%2Fv2%2Fcategories&post=335312"},{"taxonomy":"post_tag","embeddable":true,"href":"https:\/\/www.diarioimagen.net\/index.php?rest_route=%2Fwp%2Fv2%2Ftags&post=335312"}],"curies":[{"name":"wp","href":"https:\/\/api.w.org\/{rel}","templated":true}]}}