{"id":335564,"date":"2017-07-18T00:17:44","date_gmt":"2017-07-18T05:17:44","guid":{"rendered":"http:\/\/www.diarioimagen.net\/?p=335564"},"modified":"2017-07-24T01:48:30","modified_gmt":"2017-07-24T06:48:30","slug":"coahuila-moneda-de-cambio","status":"publish","type":"post","link":"https:\/\/www.diarioimagen.net\/?p=335564","title":{"rendered":"Coahuila, \u00bfmoneda de cambio?"},"content":{"rendered":"<h2>Caleidoscopio<\/h2>\n<h5>Guillermina G\u00f3mora Ord\u00f3\u00f1ez<\/h5>\n<p>&nbsp;<\/p>\n<p>Como lo anticipamos a principios de a\u00f1o, la <strong>elecci\u00f3n en Coahuila<\/strong> se convirti\u00f3 en un dolor de cabeza para el PRI.<\/p>\n<p>El factor Moreira impact\u00f3 como ob\u00fas en los resultados electorales y su candidato <strong>Miguel \u00c1ngel Riquelme<\/strong> gan\u00f3 con un paup\u00e9rrimo respaldo de <strong>38.1%, <\/strong>seguido del panista<strong> Guillermo Anaya, con\u00a0 35.7<\/strong>%.<\/p>\n<p>Una diferencia de 2.44%, que coloc\u00f3 contra las cuerdas al tricolor, quien por cierto no da la cara desde que la <strong>Comisi\u00f3n de Fiscalizaci\u00f3n del Instituto Nacional Electoral<\/strong> (<strong>INE<\/strong>) confirm\u00f3 que ambos candidatos y los partidos que los impulsaron rebasaron los topes de campa\u00f1a.<\/p>\n<p>Nada nuevo en estos procesos, sin embargo, hoy adquiere relevancia porque se podr\u00eda anular la elecci\u00f3n y convocar a comicios extraordinarios el pr\u00f3ximo a\u00f1o, sin la participaci\u00f3n de los actuales ex candidatos.<\/p>\n<p>Ser\u00e1 el <strong>Tribunal Electoral del Poder Judicial de la Federaci\u00f3n<\/strong> <strong>(TEPJF),<\/strong> el que falle antes del pr\u00f3ximo uno de diciembre, cuando se lleve a cabo el relevo de gobernador. En calidad de mientras, atestiguaremos cuatro meses de conflicto poselectoral, que, sin duda, impactar\u00e1 en la agenda de los partidos rumbo al 2018.<\/p>\n<p>C\u00f3mo estar\u00e1 la cosa que el <strong>gobernador de Coahuila, Rub\u00e9n Moreira Vald\u00e9s<\/strong>, el pasado 12 de julio, inici\u00f3 el proceso de entrega-recepci\u00f3n de la administraci\u00f3n p\u00fablica a trav\u00e9s de reuniones con los alcaldes electos y no con el equipo del ganador, del pasado 4 de junio, su delf\u00edn <strong>Miguel Riquelme<\/strong>.<\/p>\n<p>Su oponente, <strong>Guillermo Anaya<\/strong>, afirma que existen 14 agravios en contra del gobernador electo y de la \u201c<strong>Coalici\u00f3n por un Coahuila Seguro<\/strong>\u201d, a\u00fan sin resolver en el <strong>Tribunal Electoral de Coahuila<\/strong> y otras instancias.<\/p>\n<p>Anaya dice que las acusaciones iniciaron el pasado 15 de mayo, cuando el PAN present\u00f3 diversas quejas por coacci\u00f3n del voto, utilizaci\u00f3n de recursos del erario estatal, intervenci\u00f3n del gobierno de <strong>Rub\u00e9n Moreira,<\/strong> y posterior al cuatro de julio, la apertura y traslado de paquetes de manera irregular por parte de la polic\u00eda de Coahuila, entre otras.<\/p>\n<p>El panista asegura que la \u201cflama de la indignaci\u00f3n\u201d est\u00e1 encendida y muestra de ello son las nueve marchas realizadas donde miles de personas han manifestado su inconformidad, por ello seguir\u00e1n en la lucha desde el \u201c<strong>Frente por la Dignidad de Coahuila<\/strong>\u201d que agrupa a cinco ex candidatos de la pasada contienda.<\/p>\n<p>Por cierto, el ex pri\u00edsta <strong>Javier Guerrero<\/strong>, quien compiti\u00f3 como independiente, tom\u00f3 distancia del Frente\u00a0 ahora que el conflicto poselectoral lleg\u00f3 al INE y va al TEPJF\u00a0 donde si procede la anulaci\u00f3n, ninguno de los ex candidatos partidistas podr\u00e1 participar.<\/p>\n<p>Si fu\u00e9ramos mal pensados, podr\u00edamos vaticinar que el repliegue de Guerrero, obedece a que\u00a0 tiene puesta la mira hacia el 2018 cuando se reponga el proceso y ante el hartazgo ciudadano hacia los partidos en pugna, el candidato independiente tendr\u00eda grandes posibilidades de ganar. \u00bfSer\u00e1?<\/p>\n<p>En fin, Coahuila es ahora el preludio de lo que veremos en 2018, anular o no la elecci\u00f3n es el gran desaf\u00edo de autoridades y partidos. \u00bfSe atrever\u00e1n a recuperar la confianza ciudadana?<\/p>\n<p>&nbsp;<\/p>\n<p style=\"text-align: center;\"><strong>VERICUENTOS<\/strong><\/p>\n<p style=\"text-align: center;\"><strong>Serna-GCDMX<\/strong><\/p>\n<p>La salida del <strong>jefe de Gobierno de la Ciudad de M\u00e9xico, Miguel \u00c1ngel Mancera<\/strong>, en octubre pr\u00f3ximo, ha puesto en la mira a sus posibles sucesores. <strong>Luis Serna, <\/strong>quien desde la secretar\u00eda particular opera pol\u00edticamente en esta administraci\u00f3n, se encuentra entre los finalistas.<\/p>\n<p>Dicen que\u00a0 m\u00e1s all\u00e1 de los aprecios y lealtades, la experiencia se impone ante el reto y<strong> Serna<\/strong> conoce a la perfecci\u00f3n los programas,\u00a0 la agenda pol\u00edtica y medi\u00e1tica que garantiza la continuidad de la actual administraci\u00f3n. <strong>\u00a1\u00d3rale!<\/strong><\/p>\n<p style=\"text-align: center;\"><strong>Naucalpan, sin multas<\/strong><\/p>\n<p>El alcalde de <strong>Naucalpan, \u00c9dgar Olvera,\u00a0 <\/strong>fren\u00f3 al acuerdo aprobado por el cabildo, en el que se autorizaba a los agentes de Tr\u00e1nsito del ayuntamiento a levantar infracciones a los automovilistas. Afirma que el programa de capacitaci\u00f3n para los agentes no ha concluido y es mejor esperar. As\u00ed que los elementos policiacos s\u00f3lo har\u00e1n labores viales y tendr\u00e1n que contener sus ansias de aplicar sanciones y multas. <strong>\u00a1Vientos!<\/strong><\/p>\n<p style=\"text-align: center;\"><strong>Gamboa, extraordinario<\/strong><\/p>\n<p>Una vez m\u00e1s, <strong>el coordinador parlamentario del PRI, Emilio Gamboa, solicit\u00f3 al presidente de la Junta de Coordinaci\u00f3n Pol\u00edtica del Senado de la Rep\u00fablica, Fernando Herrera, <\/strong>a que convoque a reuni\u00f3n para que el PRI ratifique su propuesta de celebrar un periodo extraordinario y desahogar los temas que la sociedad mexicana demanda, como son el fiscal general, el fiscal Anticorrupci\u00f3n y el combate al robo de gasolinas.<strong> \u00bfAceptar\u00e1?<\/strong><\/p>\n<p style=\"text-align: center;\"><strong>Metas Infonavit<\/strong><\/p>\n<p><strong>David Penchyna, director general del Infonavit, <\/strong>afirm\u00f3 que\u00a0 la pol\u00edtica nacional de vivienda\u00a0 fomenta\u00a0 la generaci\u00f3n de empleos y ha permitido a esta administraci\u00f3n financiar 2 millones 563 mil hogares y crecer 108 por ciento arriba de la meta planteada en los primeros cinco meses del a\u00f1o.<\/p>\n<p><a href=\"mailto:guillegomora@hotmail.com\" target=\"_blank\" rel=\"noopener noreferrer\"><i>guillegomora@hotmail.com<br \/>\n<\/i><\/a><a href=\"https:\/\/twitter.com\/guillegomora?lang=es\" target=\"_blank\" rel=\"noopener noreferrer\"><i>@guillegomora<\/i><\/a><\/p>\n","protected":false},"excerpt":{"rendered":"<p><span style=\"color: #005497;\"><strong>Guillermina G\u00f3mora Ord\u00f3\u00f1ez<\/strong><\/span><\/p>\n","protected":false},"author":3,"featured_media":0,"comment_status":"open","ping_status":"open","sticky":false,"template":"","format":"standard","meta":{"_monsterinsights_skip_tracking":false,"_monsterinsights_sitenote_active":false,"_monsterinsights_sitenote_note":"","_monsterinsights_sitenote_category":0,"footnotes":""},"categories":[58361],"tags":[58362,58363,43674],"class_list":["post-335564","post","type-post","status-publish","format-standard","hentry","category-guillermina-gomora-ordonez","tag-caleidoscopio","tag-guillermina-gomora-ordonez","tag-opinion"],"_links":{"self":[{"href":"https:\/\/www.diarioimagen.net\/index.php?rest_route=\/wp\/v2\/posts\/335564","targetHints":{"allow":["GET"]}}],"collection":[{"href":"https:\/\/www.diarioimagen.net\/index.php?rest_route=\/wp\/v2\/posts"}],"about":[{"href":"https:\/\/www.diarioimagen.net\/index.php?rest_route=\/wp\/v2\/types\/post"}],"author":[{"embeddable":true,"href":"https:\/\/www.diarioimagen.net\/index.php?rest_route=\/wp\/v2\/users\/3"}],"replies":[{"embeddable":true,"href":"https:\/\/www.diarioimagen.net\/index.php?rest_route=%2Fwp%2Fv2%2Fcomments&post=335564"}],"version-history":[{"count":0,"href":"https:\/\/www.diarioimagen.net\/index.php?rest_route=\/wp\/v2\/posts\/335564\/revisions"}],"wp:attachment":[{"href":"https:\/\/www.diarioimagen.net\/index.php?rest_route=%2Fwp%2Fv2%2Fmedia&parent=335564"}],"wp:term":[{"taxonomy":"category","embeddable":true,"href":"https:\/\/www.diarioimagen.net\/index.php?rest_route=%2Fwp%2Fv2%2Fcategories&post=335564"},{"taxonomy":"post_tag","embeddable":true,"href":"https:\/\/www.diarioimagen.net\/index.php?rest_route=%2Fwp%2Fv2%2Ftags&post=335564"}],"curies":[{"name":"wp","href":"https:\/\/api.w.org\/{rel}","templated":true}]}}