{"id":335649,"date":"2017-07-19T00:03:57","date_gmt":"2017-07-19T05:03:57","guid":{"rendered":"http:\/\/www.diarioimagen.net\/?p=335649"},"modified":"2017-07-19T23:24:51","modified_gmt":"2017-07-20T04:24:51","slug":"abre-el-metro-albergue-para-perros-rescatados-en-sus-instalaciones","status":"publish","type":"post","link":"https:\/\/www.diarioimagen.net\/?p=335649","title":{"rendered":"Abre el Metro albergue para perros rescatados en sus instalaciones"},"content":{"rendered":"<ul>\n<li><em><strong>Los pondr\u00e1 en adopci\u00f3n<\/strong><\/em><\/li>\n<\/ul>\n<p>&nbsp;<\/p>\n<div id=\"attachment_335650\" style=\"width: 470px\" class=\"wp-caption aligncenter\"><img loading=\"lazy\" decoding=\"async\" aria-describedby=\"caption-attachment-335650\" class=\"size-large wp-image-335650\" src=\"http:\/\/www.diarioimagen.net\/wp-content\/uploads\/2017\/07\/CANINA19-portal-460x268.jpg\" alt=\"\" width=\"460\" height=\"268\" srcset=\"https:\/\/www.diarioimagen.net\/wp-content\/uploads\/2017\/07\/CANINA19-portal-460x268.jpg 460w, https:\/\/www.diarioimagen.net\/wp-content\/uploads\/2017\/07\/CANINA19-portal-240x140.jpg 240w, https:\/\/www.diarioimagen.net\/wp-content\/uploads\/2017\/07\/CANINA19-portal.jpg 480w\" sizes=\"auto, (max-width: 460px) 100vw, 460px\" \/><p id=\"caption-attachment-335650\" class=\"wp-caption-text\">El Metro inaugur\u00f3 el Centro de Transferencia Canina, donde se atender\u00e1 y entrenar\u00e1 a los animales abandonados o rescatados en sus instalaciones.<\/p><\/div>\n<p>&nbsp;<\/p>\n<p>Desde este martes, todos los perros que se sean rescatados en las instalaciones del Sistema de Transporte Colectivo Metro contar\u00e1n con un refugio donde se les cuidar\u00e1 y atender\u00e1 para despu\u00e9s ponerlos en adopci\u00f3n.<\/p>\n<p>Este Centro de Transferencia Canina est\u00e1 ubicado en la Avenida de las Culturas, en las inmediaciones de la estaci\u00f3n Rosario de la L\u00ednea 7 y tiene capacidad para resguardar a 100 perros y se construy\u00f3 a trav\u00e9s de donaciones de la iniciativa privada.<\/p>\n<p>Tras inaugurar este albergue, el jefe de Gobierno, Miguel \u00c1ngel Mancera se\u00f1al\u00f3: \u201cqui\u00e9n habr\u00eda de pensar que se encuentran y que llevamos en esta administraci\u00f3n entre 240 o 250 animales encontrados en las v\u00edas, en los andenes, en los espacios corriendo peligros, algunos que los abandonan y otros que entraron al Metro y que despu\u00e9s se encuentran atrapados en un espacio que no es propicio para ellos\u201d.<\/p>\n<p>\u00abVamos a salir a redes sociales con este centro, s\u00ed con lo poco que hab\u00edamos hecho ya est\u00e1n en proceso de adopci\u00f3n tres de los que tenemos aqu\u00ed atr\u00e1s, con esto va a ser mucho m\u00e1s potente, va a ser un beneficio sustancial de animales que quiz\u00e1 estaban condenados a un destino que no es el que todos quisi\u00e9ramos, hoy tenemos una buena noticia en la ciudad\u00bb, agreg\u00f3.<\/p>\n<p>Los perros rescatados reciben atenci\u00f3n m\u00e9dica, se esterilizan e incluso los entrenan para ponerlos en adopci\u00f3n, con el apoyo de organizaciones animalistas.<\/p>\n<p>El centro tiene 3 mil metros cuadrados de espacio, con 16 estancias de atenci\u00f3n m\u00e9dica, espacio para cuarentena, cl\u00ednica veterinaria, ultrasonido canino, as\u00ed como espacio para que corran y entrenen los animales.<\/p>\n<p>Actualmente, el albergue ya tiene 18 hu\u00e9spedes que fueron rescatados.<\/p>\n<p>Los requisitos para adoptar son llenar una carta compromiso y donar alimento para los perros que se quedan en el albergue.<\/p>\n","protected":false},"excerpt":{"rendered":"<p>Desde este martes, todos los perros que se sean rescatados en las instalaciones del Sistema de Transporte Colectivo Metro contar\u00e1n con un refugio donde se les cuidar\u00e1 y atender\u00e1 para despu\u00e9s ponerlos en adopci\u00f3n.<\/p>\n","protected":false},"author":5,"featured_media":335650,"comment_status":"open","ping_status":"open","sticky":false,"template":"","format":"standard","meta":{"_monsterinsights_skip_tracking":false,"_monsterinsights_sitenote_active":false,"_monsterinsights_sitenote_note":"","_monsterinsights_sitenote_category":0,"footnotes":""},"categories":[6],"tags":[63041,204,163,5314,63042],"class_list":["post-335649","post","type-post","status-publish","format-standard","has-post-thumbnail","hentry","category-cd-de-mexico","tag-albergue-para-perros","tag-ciudad-de-mexico","tag-metro","tag-miguel-angel-mancera-espinosa","tag-rosario-de-la-linea-7"],"_links":{"self":[{"href":"https:\/\/www.diarioimagen.net\/index.php?rest_route=\/wp\/v2\/posts\/335649","targetHints":{"allow":["GET"]}}],"collection":[{"href":"https:\/\/www.diarioimagen.net\/index.php?rest_route=\/wp\/v2\/posts"}],"about":[{"href":"https:\/\/www.diarioimagen.net\/index.php?rest_route=\/wp\/v2\/types\/post"}],"author":[{"embeddable":true,"href":"https:\/\/www.diarioimagen.net\/index.php?rest_route=\/wp\/v2\/users\/5"}],"replies":[{"embeddable":true,"href":"https:\/\/www.diarioimagen.net\/index.php?rest_route=%2Fwp%2Fv2%2Fcomments&post=335649"}],"version-history":[{"count":0,"href":"https:\/\/www.diarioimagen.net\/index.php?rest_route=\/wp\/v2\/posts\/335649\/revisions"}],"wp:featuredmedia":[{"embeddable":true,"href":"https:\/\/www.diarioimagen.net\/index.php?rest_route=\/wp\/v2\/media\/335650"}],"wp:attachment":[{"href":"https:\/\/www.diarioimagen.net\/index.php?rest_route=%2Fwp%2Fv2%2Fmedia&parent=335649"}],"wp:term":[{"taxonomy":"category","embeddable":true,"href":"https:\/\/www.diarioimagen.net\/index.php?rest_route=%2Fwp%2Fv2%2Fcategories&post=335649"},{"taxonomy":"post_tag","embeddable":true,"href":"https:\/\/www.diarioimagen.net\/index.php?rest_route=%2Fwp%2Fv2%2Ftags&post=335649"}],"curies":[{"name":"wp","href":"https:\/\/api.w.org\/{rel}","templated":true}]}}