{"id":335660,"date":"2017-07-19T00:09:27","date_gmt":"2017-07-19T05:09:27","guid":{"rendered":"http:\/\/www.diarioimagen.net\/?p=335660"},"modified":"2017-07-19T23:25:31","modified_gmt":"2017-07-20T04:25:31","slug":"anuncia-eruviel-entrega-de-tratamientos-con-cannabis-medicinal-a-ninos-con-epilepsia","status":"publish","type":"post","link":"https:\/\/www.diarioimagen.net\/?p=335660","title":{"rendered":"Tratamientos con \u201ccannabis\u201d medicinal a once pacientes"},"content":{"rendered":"<ul>\n<li><strong><em>La Secretar\u00eda de Salud estatal ya realiz\u00f3 el tr\u00e1mite de importaci\u00f3n<\/em><\/strong><\/li>\n<\/ul>\n<h6>Jos\u00e9 Luis Monta\u00f1ez<\/h6>\n<p>&nbsp;<\/p>\n<div id=\"attachment_335661\" style=\"width: 470px\" class=\"wp-caption aligncenter\"><img loading=\"lazy\" decoding=\"async\" aria-describedby=\"caption-attachment-335661\" class=\"wp-image-335661 size-large\" src=\"http:\/\/www.diarioimagen.net\/wp-content\/uploads\/2017\/07\/ERUVIEL19-PORTAL-460x268.jpg\" alt=\"\" width=\"460\" height=\"268\" srcset=\"https:\/\/www.diarioimagen.net\/wp-content\/uploads\/2017\/07\/ERUVIEL19-PORTAL-460x268.jpg 460w, https:\/\/www.diarioimagen.net\/wp-content\/uploads\/2017\/07\/ERUVIEL19-PORTAL-240x140.jpg 240w, https:\/\/www.diarioimagen.net\/wp-content\/uploads\/2017\/07\/ERUVIEL19-PORTAL.jpg 480w\" sizes=\"auto, (max-width: 460px) 100vw, 460px\" \/><p id=\"caption-attachment-335661\" class=\"wp-caption-text\">El gobernador Eruviel \u00c1vila inaugur\u00f3 el Centro de Salud \u201cCa\u00f1ada\u201d, acompa\u00f1ado por su esposa, Mar\u00eda Irene Dipp de \u00c1vila.<\/p><\/div>\n<p>&nbsp;<\/p>\n<p><strong>Temoaya, Estado de M\u00e9xico<\/strong>.- El gobernador Eruviel \u00c1vila Villegas dio a conocer que ser\u00e1n 11 pacientes que padecen epilepsia y c\u00e1ncer, los primeros en ser atendidos gratuitamente con medicamentos derivados de la <em>cannabis<\/em> medicinal, conocida como mariguana, y anunci\u00f3 que firmar\u00e1 un decreto para que los ni\u00f1os que reciban este tratamiento sea de manera permanente o hasta que lo requieran, con la finalidad de mejorar su salud y con ello su calidad de vida.<\/p>\n<p>\u201cY ahora en este caso, tambi\u00e9n quiero ofrecer p\u00fablicamente, y en nombre de estos ni\u00f1os, de estas ni\u00f1as que van a recibir estos tratamientos con <em>cannabis<\/em> medicinal, firmar el decreto correspondiente para que permanentemente, independientemente de que mi gesti\u00f3n termina en dos meses, puedan recibir su tratamiento de <em>cannabis<\/em> medicinal todo el tiempo, y quiera Dios que nos duren pues d\u00e9cadas, muchas d\u00e9cadas m\u00e1s, es un compromiso que hago con todas y con todos ustedes\u201d, comprometi\u00f3 el mandatario mexiquense.<\/p>\n<p>En Temoaya, en la inauguraci\u00f3n del Centro de Salud \u201cCa\u00f1ada\u201d, y acompa\u00f1ado por su esposa Mar\u00eda Dipp de \u00c1vila, el gobernador Eruviel \u00c1vila indic\u00f3 que la administraci\u00f3n estatal tambi\u00e9n apoyar\u00e1 en la obtenci\u00f3n de permisos de importaci\u00f3n y la adquisici\u00f3n del medicamento, adem\u00e1s de verificar que sea administrado correctamente, acci\u00f3n que convierte al Edomex en la primera entidad del pa\u00eds en brindar tratamiento de cannabis medicinal.<\/p>\n<p>\u201cQuiero reconocer al gobierno federal, que encabeza el presidente Pe\u00f1a Nieto, a la Secretar\u00eda de Salud, a la Cofepris especialmente, por las facilidades que nos han brindado para atender y concretar este programa de tratamiento de cannabis medicinal\u201d, manifest\u00f3 el gobernador, quien resalt\u00f3 que la <em>cannabis<\/em> medicinal es importada y la Secretar\u00eda de Salud estatal ya ha realizado los tr\u00e1mites necesarios para que llegue a la entidad.<\/p>\n<p>Detall\u00f3 que de los primeros 11 pacientes que recibir\u00e1n este tratamiento, dos son ni\u00f1os y nueve adultos, quienes son atendidos tanto en el ISEM como el ISSEMyM, para atender padecimientos de epilepsia y como analg\u00e9sico para el c\u00e1ncer de pulm\u00f3n, pr\u00f3stata, renal, tiroides y recto.<\/p>\n<p>Agreg\u00f3 que el medicamento que se utilizar\u00e1 para estos pacientes no tiene ning\u00fan efecto psicoactivo y est\u00e1 basado en el componente \u201cCBD\u201d (canabidiol), que a nivel internacional ha mostrado tener cualidades terap\u00e9uticas para mejorar la calidad de vida de los pacientes.<\/p>\n","protected":false},"excerpt":{"rendered":"<p><span style=\"color: #005497;\">Jos\u00e9 Luis Monta\u00f1ez<\/span><br \/>\n<br \/>\nEl gobernador Eruviel \u00c1vila Villegas dio a conocer que ser\u00e1n 11 pacientes que padecen epilepsia y c\u00e1ncer, los primeros en ser atendidos gratuitamente con medicamentos derivados de la cannabis medicinal, conocida como marihuana, y anunci\u00f3 que firmar\u00e1 un decreto para que los ni\u00f1os que reciban este tratamiento sea de manera permanente o hasta que lo requieran, con la finalidad de mejorar su salud y con ello su calidad de vida.<\/p>\n","protected":false},"author":5,"featured_media":335661,"comment_status":"open","ping_status":"open","sticky":false,"template":"","format":"standard","meta":{"_monsterinsights_skip_tracking":false,"_monsterinsights_sitenote_active":false,"_monsterinsights_sitenote_note":"","_monsterinsights_sitenote_category":0,"footnotes":""},"categories":[5],"tags":[63052,5828,43675,62202,63051,6777,63050],"class_list":["post-335660","post","type-post","status-publish","format-standard","has-post-thumbnail","hentry","category-estado-de-mexico","tag-centro-de-salud-canada","tag-eruviel-avila-villegas","tag-estado-de-mexico","tag-maria-irene-dipp-de-avila","tag-ninos-con-epilepsia","tag-temoaya","tag-tratamientos-con-cannabis"],"_links":{"self":[{"href":"https:\/\/www.diarioimagen.net\/index.php?rest_route=\/wp\/v2\/posts\/335660","targetHints":{"allow":["GET"]}}],"collection":[{"href":"https:\/\/www.diarioimagen.net\/index.php?rest_route=\/wp\/v2\/posts"}],"about":[{"href":"https:\/\/www.diarioimagen.net\/index.php?rest_route=\/wp\/v2\/types\/post"}],"author":[{"embeddable":true,"href":"https:\/\/www.diarioimagen.net\/index.php?rest_route=\/wp\/v2\/users\/5"}],"replies":[{"embeddable":true,"href":"https:\/\/www.diarioimagen.net\/index.php?rest_route=%2Fwp%2Fv2%2Fcomments&post=335660"}],"version-history":[{"count":0,"href":"https:\/\/www.diarioimagen.net\/index.php?rest_route=\/wp\/v2\/posts\/335660\/revisions"}],"wp:featuredmedia":[{"embeddable":true,"href":"https:\/\/www.diarioimagen.net\/index.php?rest_route=\/wp\/v2\/media\/335661"}],"wp:attachment":[{"href":"https:\/\/www.diarioimagen.net\/index.php?rest_route=%2Fwp%2Fv2%2Fmedia&parent=335660"}],"wp:term":[{"taxonomy":"category","embeddable":true,"href":"https:\/\/www.diarioimagen.net\/index.php?rest_route=%2Fwp%2Fv2%2Fcategories&post=335660"},{"taxonomy":"post_tag","embeddable":true,"href":"https:\/\/www.diarioimagen.net\/index.php?rest_route=%2Fwp%2Fv2%2Ftags&post=335660"}],"curies":[{"name":"wp","href":"https:\/\/api.w.org\/{rel}","templated":true}]}}