{"id":335705,"date":"2017-07-19T00:08:15","date_gmt":"2017-07-19T05:08:15","guid":{"rendered":"http:\/\/www.diarioimagen.net\/?p=335705"},"modified":"2017-07-19T23:25:25","modified_gmt":"2017-07-20T04:25:25","slug":"refuerzan-la-tuberia-debajo-del-paso-expres","status":"publish","type":"post","link":"https:\/\/www.diarioimagen.net\/?p=335705","title":{"rendered":"Refuerzan la tuber\u00eda debajo del Paso Expr\u00e9s"},"content":{"rendered":"<ul>\n<li><strong><em>Provisionalmente<\/em><\/strong><\/li>\n<\/ul>\n<p>&nbsp;<\/p>\n<div id=\"attachment_335863\" style=\"width: 470px\" class=\"wp-caption aligncenter\"><a href=\"http:\/\/www.diarioimagen.net\/?attachment_id=335863\" rel=\"attachment wp-att-335863\"><img loading=\"lazy\" decoding=\"async\" aria-describedby=\"caption-attachment-335863\" class=\"size-large wp-image-335863\" src=\"http:\/\/www.diarioimagen.net\/wp-content\/uploads\/2017\/07\/PASO-3166-460x259.jpg\" alt=\"\" width=\"460\" height=\"259\" srcset=\"https:\/\/www.diarioimagen.net\/wp-content\/uploads\/2017\/07\/PASO-3166-460x259.jpg 460w, https:\/\/www.diarioimagen.net\/wp-content\/uploads\/2017\/07\/PASO-3166-240x135.jpg 240w, https:\/\/www.diarioimagen.net\/wp-content\/uploads\/2017\/07\/PASO-3166-235x132.jpg 235w, https:\/\/www.diarioimagen.net\/wp-content\/uploads\/2017\/07\/PASO-3166-202x114.jpg 202w, https:\/\/www.diarioimagen.net\/wp-content\/uploads\/2017\/07\/PASO-3166-350x196.jpg 350w, https:\/\/www.diarioimagen.net\/wp-content\/uploads\/2017\/07\/PASO-3166-220x123.jpg 220w, https:\/\/www.diarioimagen.net\/wp-content\/uploads\/2017\/07\/PASO-3166-237x132.jpg 237w, https:\/\/www.diarioimagen.net\/wp-content\/uploads\/2017\/07\/PASO-3166.jpg 480w\" sizes=\"auto, (max-width: 460px) 100vw, 460px\" \/><\/a><p id=\"caption-attachment-335863\" class=\"wp-caption-text\">Trabajadores introducen un tubo met\u00e1lico al interior del tubo colapsado la semana pasada.<\/p><\/div>\n<p>&nbsp;<\/p>\n<p>Es reforzado el tubo que se fractur\u00f3 bajo el Paso Expr\u00e9s de Cuernavaca y que gener\u00f3 el socav\u00f3n que caus\u00f3 la muerte de dos personas la semana pasada.<\/p>\n<p>Las labores iniciaron del lado del cuerpo A del libramiento, es decir, en el sentido que va hacia Acapulco, donde tambi\u00e9n est\u00e1n demoliendo unas oficinas del DIF.<\/p>\n<p>\u201cVan a introducir un tubo met\u00e1lico al interior del colapsado, pero les est\u00e1 costando trabajo ponerlo porque hay basura\u201d, explic\u00f3 Francisco Berm\u00fadez, de Protecci\u00f3n Civil de Morelos.<\/p>\n<p>\u201cEs provisional, seguramente van a hacer un acueducto, fue lo que nos dijo ayer el delegado (de la Secretar\u00eda de Comunicaciones y Transportes) para poder permitir el paso del agua\u201d.<\/p>\n<p>En tanto, del otro lado del Paso Expr\u00e9s, hacia la Ciudad de M\u00e9xico, una parte del muro de contenci\u00f3n ser\u00e1 tirada para aminorar el contrapeso que estaba ejerciendo, lo que podr\u00eda generar un derrumbe no controlado. Por este motivo, cuatro familias fueron evacuadas el lunesde sus casas, aunque ya regresaron para cuidar sus propiedades.\u00a0 El desalojo se realiz\u00f3 a petici\u00f3n de la empresa constructora, con el apoyo de la SCT y Protecci\u00f3n Civil estatal y municipal.<\/p>\n<p>Mientras estas maniobras se llevan a cabo, la circulaci\u00f3n de veh\u00edculos contin\u00faa afectada sobre la v\u00eda, con s\u00f3lo un carril habilitado para cada sentido.<\/p>\n<p style=\"text-align: center;\"><strong>Socavones por falta <\/strong><strong>de mantenimiento<\/strong><\/p>\n<p>Por otra parte, Gustavo Arballo, presidente de la CMIC, afirm\u00f3 que en el pa\u00eds existen m\u00e1s socavones, aunque en menor escala que el del Paso Expr\u00e9s, debido a falta de mantenimiento y de documentaci\u00f3n de obras en el subsuelo.<\/p>\n<p>Por ello, consider\u00f3, es necesario hacer estudios de mec\u00e1nica de suelo, diagn\u00f3sticos hidrol\u00f3gicos y otros an\u00e1lisis que determinen las condiciones en las que se deben desarrollar las obras, para as\u00ed incluir los costos pertinentes en las licitaciones, las cuales son dise\u00f1adas por el gobierno.<\/p>\n","protected":false},"excerpt":{"rendered":"<p>Es reforzado el tubo que se fractur\u00f3 bajo el Paso Expr\u00e9s de Cuernavaca y que gener\u00f3 el socav\u00f3n que caus\u00f3 la muerte de dos personas la semana pasada. Las labores iniciaron del lado del cuerpo A del libramiento, es decir, en el sentido que va hacia Acapulco, donde tambi\u00e9n est\u00e1n demoliendo unas oficinas del DIF.<\/p>\n","protected":false},"author":3,"featured_media":335863,"comment_status":"open","ping_status":"open","sticky":false,"template":"","format":"standard","meta":{"_monsterinsights_skip_tracking":false,"_monsterinsights_sitenote_active":false,"_monsterinsights_sitenote_note":"","_monsterinsights_sitenote_category":0,"footnotes":""},"categories":[3],"tags":[43673,56354,63092,63093],"class_list":["post-335705","post","type-post","status-publish","format-standard","has-post-thumbnail","hentry","category-nacional","tag-nacional","tag-paso-expres","tag-refuerzan","tag-tuberia"],"_links":{"self":[{"href":"https:\/\/www.diarioimagen.net\/index.php?rest_route=\/wp\/v2\/posts\/335705","targetHints":{"allow":["GET"]}}],"collection":[{"href":"https:\/\/www.diarioimagen.net\/index.php?rest_route=\/wp\/v2\/posts"}],"about":[{"href":"https:\/\/www.diarioimagen.net\/index.php?rest_route=\/wp\/v2\/types\/post"}],"author":[{"embeddable":true,"href":"https:\/\/www.diarioimagen.net\/index.php?rest_route=\/wp\/v2\/users\/3"}],"replies":[{"embeddable":true,"href":"https:\/\/www.diarioimagen.net\/index.php?rest_route=%2Fwp%2Fv2%2Fcomments&post=335705"}],"version-history":[{"count":0,"href":"https:\/\/www.diarioimagen.net\/index.php?rest_route=\/wp\/v2\/posts\/335705\/revisions"}],"wp:featuredmedia":[{"embeddable":true,"href":"https:\/\/www.diarioimagen.net\/index.php?rest_route=\/wp\/v2\/media\/335863"}],"wp:attachment":[{"href":"https:\/\/www.diarioimagen.net\/index.php?rest_route=%2Fwp%2Fv2%2Fmedia&parent=335705"}],"wp:term":[{"taxonomy":"category","embeddable":true,"href":"https:\/\/www.diarioimagen.net\/index.php?rest_route=%2Fwp%2Fv2%2Fcategories&post=335705"},{"taxonomy":"post_tag","embeddable":true,"href":"https:\/\/www.diarioimagen.net\/index.php?rest_route=%2Fwp%2Fv2%2Ftags&post=335705"}],"curies":[{"name":"wp","href":"https:\/\/api.w.org\/{rel}","templated":true}]}}