{"id":335732,"date":"2017-07-19T00:09:21","date_gmt":"2017-07-19T05:09:21","guid":{"rendered":"http:\/\/www.diarioimagen.net\/?p=335732"},"modified":"2017-07-19T05:13:38","modified_gmt":"2017-07-19T10:13:38","slug":"se-incremento-20-tramite-de-pasaportes-en-cuautitlan-izcalli","status":"publish","type":"post","link":"https:\/\/www.diarioimagen.net\/?p=335732","title":{"rendered":"Se increment\u00f3 20% tr\u00e1mite de pasaportes en Cuautitl\u00e1n Izcalli"},"content":{"rendered":"<ul>\n<li><strong><em>Por temporada vacacional<\/em><\/strong><\/li>\n<\/ul>\n<p>&nbsp;<\/p>\n<div id=\"attachment_335810\" style=\"width: 470px\" class=\"wp-caption aligncenter\"><a href=\"http:\/\/www.diarioimagen.net\/?attachment_id=335810\" rel=\"attachment wp-att-335810\"><img loading=\"lazy\" decoding=\"async\" aria-describedby=\"caption-attachment-335810\" class=\"size-large wp-image-335810\" src=\"http:\/\/www.diarioimagen.net\/wp-content\/uploads\/2017\/07\/CUAUTITLAN-3166-460x259.jpg\" alt=\"\" width=\"460\" height=\"259\" srcset=\"https:\/\/www.diarioimagen.net\/wp-content\/uploads\/2017\/07\/CUAUTITLAN-3166-460x259.jpg 460w, https:\/\/www.diarioimagen.net\/wp-content\/uploads\/2017\/07\/CUAUTITLAN-3166-240x135.jpg 240w, https:\/\/www.diarioimagen.net\/wp-content\/uploads\/2017\/07\/CUAUTITLAN-3166-235x132.jpg 235w, https:\/\/www.diarioimagen.net\/wp-content\/uploads\/2017\/07\/CUAUTITLAN-3166-202x114.jpg 202w, https:\/\/www.diarioimagen.net\/wp-content\/uploads\/2017\/07\/CUAUTITLAN-3166-350x196.jpg 350w, https:\/\/www.diarioimagen.net\/wp-content\/uploads\/2017\/07\/CUAUTITLAN-3166-220x123.jpg 220w, https:\/\/www.diarioimagen.net\/wp-content\/uploads\/2017\/07\/CUAUTITLAN-3166-237x132.jpg 237w, https:\/\/www.diarioimagen.net\/wp-content\/uploads\/2017\/07\/CUAUTITLAN-3166.jpg 480w\" sizes=\"auto, (max-width: 460px) 100vw, 460px\" \/><\/a><p id=\"caption-attachment-335810\" class=\"wp-caption-text\">El tr\u00e1mite de pasaportes se increment\u00f3 en un 20 por ciento en la Oficina Municipal de Enlace de Relaciones Exteriores de Cuautitl\u00e1n Izcalli.<\/p><\/div>\n<p>&nbsp;<\/p>\n<p><strong>Cuautitl\u00e1n Izcalli, Estado de M\u00e9xico<\/strong>.- Debido a la temporada vacacional de verano, el tr\u00e1mite de pasaportes aument\u00f3 20 por ciento en la Oficina Municipal de Enlace de Relaciones Exteriores de Cuautitl\u00e1n Izcalli, inform\u00f3 Bernardo Vega Duarte, jefe de la dependencia.<\/p>\n<p>Detall\u00f3 que tres semanas previas a los periodos vacacionales es recurrente el incremento en la demanda del tr\u00e1mite, provocando el ajuste de citas de 840 a mil por mes, \u201cpero sin llegar a la saturaci\u00f3n y la necesidad de extender los horarios de atenci\u00f3n\u201d.<\/p>\n<p>Destac\u00f3 que uno por ciento de los usuarios acude con documentos ap\u00f3crifos o con la intenci\u00f3n de robo de identidad, situaci\u00f3n que inmediatamente es detectada, debido a la capacitaci\u00f3n del personal.<\/p>\n<p>\u201cTodos los empleados est\u00e1n certificados por la Secretar\u00eda de Relaciones Exteriores (SRE) en documentoscop\u00eda, grafoscop\u00eda, t\u00e9cnicas de entrevista, reglamentaci\u00f3n, entre otras especialidades\u201d.<\/p>\n<p>Vega Duarte agreg\u00f3 que los principales motivos por los que los usuarios no pueden tramitar su pasaporte son la inconsistencia o datos incompletos en el acta de nacimiento y la falta de identificaci\u00f3n oficial, por lo que recomend\u00f3 a los interesados verificar que su documentaci\u00f3n se encuentre 100 por ciento en orden mediante una visita previa a la Oficina de Enlace.<\/p>\n<p>Coment\u00f3 que el pasaporte es un tr\u00e1mite de seguridad nacional \u201cpor lo que somos muy precisos en los requerimientos y revisi\u00f3n de documentos, y disponemos de la mejor tecnolog\u00eda de lectura biom\u00e9trica, toma de la huella digital y del iris, as\u00ed como para la firma y fotograf\u00eda\u201d.<\/p>\n<p>El funcionario p\u00fablico record\u00f3 que las citas para tramitar el pasaporte s\u00f3lo son programadas en el call center de la SRE al 01800 801 0773 y \u00e9stas no tienen costo alguno.<\/p>\n<p>\u201cLos interesados deben estar alertas de no caer en p\u00e1ginas de internet fraudulentas que ofrecen hacer la cita y cobran por ello, pero es un enga\u00f1o. Toda informaci\u00f3n consultada por internet debe ser mediante las p\u00e1ginas oficiales con ter mi na ci \u00f3n gob.mx\u201d.<\/p>\n","protected":false},"excerpt":{"rendered":"<p>Debido a la temporada vacacional de verano, el tr\u00e1mite de pasaportes aument\u00f3 20 por ciento en la Oficina Municipal de Enlace de Relaciones Exteriores de Cuautitl\u00e1n Izcalli, inform\u00f3 Bernardo Vega Duarte, jefe de la dependencia.<\/p>\n","protected":false},"author":3,"featured_media":335810,"comment_status":"open","ping_status":"open","sticky":false,"template":"","format":"standard","meta":{"_monsterinsights_skip_tracking":false,"_monsterinsights_sitenote_active":false,"_monsterinsights_sitenote_note":"","_monsterinsights_sitenote_category":0,"footnotes":""},"categories":[35155],"tags":[971,43675,4710,45872],"class_list":["post-335732","post","type-post","status-publish","format-standard","has-post-thumbnail","hentry","category-estado-de-mexico-estado-de-mexico","tag-cuautitlan-izcalli","tag-estado-de-mexico","tag-pasaporte","tag-tramite"],"_links":{"self":[{"href":"https:\/\/www.diarioimagen.net\/index.php?rest_route=\/wp\/v2\/posts\/335732","targetHints":{"allow":["GET"]}}],"collection":[{"href":"https:\/\/www.diarioimagen.net\/index.php?rest_route=\/wp\/v2\/posts"}],"about":[{"href":"https:\/\/www.diarioimagen.net\/index.php?rest_route=\/wp\/v2\/types\/post"}],"author":[{"embeddable":true,"href":"https:\/\/www.diarioimagen.net\/index.php?rest_route=\/wp\/v2\/users\/3"}],"replies":[{"embeddable":true,"href":"https:\/\/www.diarioimagen.net\/index.php?rest_route=%2Fwp%2Fv2%2Fcomments&post=335732"}],"version-history":[{"count":0,"href":"https:\/\/www.diarioimagen.net\/index.php?rest_route=\/wp\/v2\/posts\/335732\/revisions"}],"wp:featuredmedia":[{"embeddable":true,"href":"https:\/\/www.diarioimagen.net\/index.php?rest_route=\/wp\/v2\/media\/335810"}],"wp:attachment":[{"href":"https:\/\/www.diarioimagen.net\/index.php?rest_route=%2Fwp%2Fv2%2Fmedia&parent=335732"}],"wp:term":[{"taxonomy":"category","embeddable":true,"href":"https:\/\/www.diarioimagen.net\/index.php?rest_route=%2Fwp%2Fv2%2Fcategories&post=335732"},{"taxonomy":"post_tag","embeddable":true,"href":"https:\/\/www.diarioimagen.net\/index.php?rest_route=%2Fwp%2Fv2%2Ftags&post=335732"}],"curies":[{"name":"wp","href":"https:\/\/api.w.org\/{rel}","templated":true}]}}