{"id":335738,"date":"2017-07-19T00:06:16","date_gmt":"2017-07-19T05:06:16","guid":{"rendered":"http:\/\/www.diarioimagen.net\/?p=335738"},"modified":"2017-07-19T04:22:25","modified_gmt":"2017-07-19T09:22:25","slug":"llega-a-los-hogares-de-naucalpan-orientacion-en-materia-de-seguridad","status":"publish","type":"post","link":"https:\/\/www.diarioimagen.net\/?p=335738","title":{"rendered":"Llega a los hogares de Naucalpan orientaci\u00f3n en materia de seguridad"},"content":{"rendered":"<ul>\n<li><strong><em>Modelo de Prevenci\u00f3n Situacional y Medidas de Autoprotecci\u00f3n<\/em><\/strong><\/li>\n<\/ul>\n<p>&nbsp;<\/p>\n<div id=\"attachment_335821\" style=\"width: 470px\" class=\"wp-caption aligncenter\"><a href=\"http:\/\/www.diarioimagen.net\/?attachment_id=335821\" rel=\"attachment wp-att-335821\"><img loading=\"lazy\" decoding=\"async\" aria-describedby=\"caption-attachment-335821\" class=\"size-large wp-image-335821\" src=\"http:\/\/www.diarioimagen.net\/wp-content\/uploads\/2017\/07\/NAUCALPAN-3166-460x259.jpg\" alt=\"\" width=\"460\" height=\"259\" srcset=\"https:\/\/www.diarioimagen.net\/wp-content\/uploads\/2017\/07\/NAUCALPAN-3166-460x259.jpg 460w, https:\/\/www.diarioimagen.net\/wp-content\/uploads\/2017\/07\/NAUCALPAN-3166-240x135.jpg 240w, https:\/\/www.diarioimagen.net\/wp-content\/uploads\/2017\/07\/NAUCALPAN-3166-235x132.jpg 235w, https:\/\/www.diarioimagen.net\/wp-content\/uploads\/2017\/07\/NAUCALPAN-3166-202x114.jpg 202w, https:\/\/www.diarioimagen.net\/wp-content\/uploads\/2017\/07\/NAUCALPAN-3166-350x196.jpg 350w, https:\/\/www.diarioimagen.net\/wp-content\/uploads\/2017\/07\/NAUCALPAN-3166-220x123.jpg 220w, https:\/\/www.diarioimagen.net\/wp-content\/uploads\/2017\/07\/NAUCALPAN-3166-237x132.jpg 237w, https:\/\/www.diarioimagen.net\/wp-content\/uploads\/2017\/07\/NAUCALPAN-3166.jpg 480w\" sizes=\"auto, (max-width: 460px) 100vw, 460px\" \/><\/a><p id=\"caption-attachment-335821\" class=\"wp-caption-text\">La Direcci\u00f3n General de Seguridad Ciudadana y Tr\u00e1nsito lleva a los hogares el Modelo de Prevenci\u00f3n Situacional y Medidas de Autoprotecci\u00f3n.<\/p><\/div>\n<p>&nbsp;<\/p>\n<p><strong>Naucalpan, Estado de M\u00e9xico<\/strong>.- El gobierno local, a trav\u00e9s de las Redes Vecinales de la Direcci\u00f3n General de Seguridad Ciudadana y Tr\u00e1nsito, lleva a los hogares el Modelo de Prevenci\u00f3n Situacional y Medidas de Autoprotecci\u00f3n, con el cual se da orientaci\u00f3n a la ciudadan\u00eda en materia de seguridad.<\/p>\n<p>Este modelo, que inici\u00f3 en instituciones educativas y empresas, ahora tambi\u00e9n es compartido en hogares a petici\u00f3n de vecinos y Consejos de Participaci\u00f3n Ciudadana, que han presentado su solicitud ante la Subdirecci\u00f3n de Prevenci\u00f3n de Delito para recibir este beneficio de orientaci\u00f3n.<\/p>\n<p>El Modelo de Prevenci\u00f3n Situacional y Medidas de Autoprotecci\u00f3n da pl\u00e1ticas a la ciudadan\u00eda sobre diversos temas como: \u201cGu\u00eda de Seguridad en la Calle\u201d, \u201cH\u00e1bitos de Seguridad para Ni\u00f1os y Ni\u00f1as\u201d, \u201cSeguridad en el Autom\u00f3vil\u201d, \u201cGu\u00eda General de Seguridad\u201d, al tiempo que los polic\u00edas hacen entrega de folletos con recomendaciones y los n\u00fameros telef\u00f3nicos de emergencia 911 y 5371 22 50 del C4.<\/p>\n<p>Durante esta administraci\u00f3n el modelo se ha difundido en instituciones y empresas, como la Universidad del Valle de M\u00e9xico (UVM), el Centro Universitario de Mercadotecnia y Publicidad (CUMP), los Colegios Copan y Cumbres; la Secundaria Oficial n\u00famero 97 \u201cLeandro Valle\u201d, la Subdelegaci\u00f3n Naucalpan del Instituto Mexicano del Seguro Social (IMSS) y la empresa Merck, adem\u00e1s de diversas colonias, a trav\u00e9s de Redes Vecinales.<\/p>\n<p>La Direcci\u00f3n General de Seguridad Ciudadana y Tr\u00e1nsito, inform\u00f3 que en esta administraci\u00f3n se ha logrado conformar 21 Redes Vecinales, que se consolidan no s\u00f3lo como vecinos en busca de un mismo fin, sino adem\u00e1s como la uni\u00f3n de grupos de colonos de auto-gesti\u00f3n, ocupados y preocupados en temas como seguridad, movilidad, obras y servicios p\u00fablicos, entre otros.<\/p>\n","protected":false},"excerpt":{"rendered":"<p>El gobierno local, a trav\u00e9s de las Redes Vecinales de la Direcci\u00f3n General de Seguridad Ciudadana y Tr\u00e1nsito, lleva a los hogares el Modelo de Prevenci\u00f3n Situacional y Medidas de Autoprotecci\u00f3n, con el cual se da orientaci\u00f3n a la ciudadan\u00eda en materia de seguridad.<\/p>\n","protected":false},"author":3,"featured_media":335821,"comment_status":"open","ping_status":"open","sticky":false,"template":"","format":"standard","meta":{"_monsterinsights_skip_tracking":false,"_monsterinsights_sitenote_active":false,"_monsterinsights_sitenote_note":"","_monsterinsights_sitenote_category":0,"footnotes":""},"categories":[35155],"tags":[43675,970,63113,43677],"class_list":["post-335738","post","type-post","status-publish","format-standard","has-post-thumbnail","hentry","category-estado-de-mexico-estado-de-mexico","tag-estado-de-mexico","tag-naucalpan","tag-orientacion","tag-seguridad"],"_links":{"self":[{"href":"https:\/\/www.diarioimagen.net\/index.php?rest_route=\/wp\/v2\/posts\/335738","targetHints":{"allow":["GET"]}}],"collection":[{"href":"https:\/\/www.diarioimagen.net\/index.php?rest_route=\/wp\/v2\/posts"}],"about":[{"href":"https:\/\/www.diarioimagen.net\/index.php?rest_route=\/wp\/v2\/types\/post"}],"author":[{"embeddable":true,"href":"https:\/\/www.diarioimagen.net\/index.php?rest_route=\/wp\/v2\/users\/3"}],"replies":[{"embeddable":true,"href":"https:\/\/www.diarioimagen.net\/index.php?rest_route=%2Fwp%2Fv2%2Fcomments&post=335738"}],"version-history":[{"count":0,"href":"https:\/\/www.diarioimagen.net\/index.php?rest_route=\/wp\/v2\/posts\/335738\/revisions"}],"wp:featuredmedia":[{"embeddable":true,"href":"https:\/\/www.diarioimagen.net\/index.php?rest_route=\/wp\/v2\/media\/335821"}],"wp:attachment":[{"href":"https:\/\/www.diarioimagen.net\/index.php?rest_route=%2Fwp%2Fv2%2Fmedia&parent=335738"}],"wp:term":[{"taxonomy":"category","embeddable":true,"href":"https:\/\/www.diarioimagen.net\/index.php?rest_route=%2Fwp%2Fv2%2Fcategories&post=335738"},{"taxonomy":"post_tag","embeddable":true,"href":"https:\/\/www.diarioimagen.net\/index.php?rest_route=%2Fwp%2Fv2%2Ftags&post=335738"}],"curies":[{"name":"wp","href":"https:\/\/api.w.org\/{rel}","templated":true}]}}