{"id":335740,"date":"2017-07-19T00:05:03","date_gmt":"2017-07-19T05:05:03","guid":{"rendered":"http:\/\/www.diarioimagen.net\/?p=335740"},"modified":"2017-07-19T04:23:45","modified_gmt":"2017-07-19T09:23:45","slug":"centro-de-mediacion-para-ciudadanos-en-metepec","status":"publish","type":"post","link":"https:\/\/www.diarioimagen.net\/?p=335740","title":{"rendered":"Centro de Mediaci\u00f3n para ciudadanos en Metepec"},"content":{"rendered":"<ul>\n<li><strong><em>Para resolver conflictos entre particulares\u00a0<\/em><\/strong><\/li>\n<\/ul>\n<p>&nbsp;<\/p>\n<div id=\"attachment_335824\" style=\"width: 470px\" class=\"wp-caption aligncenter\"><a href=\"http:\/\/www.diarioimagen.net\/?attachment_id=335824\" rel=\"attachment wp-att-335824\"><img loading=\"lazy\" decoding=\"async\" aria-describedby=\"caption-attachment-335824\" class=\"size-large wp-image-335824\" src=\"http:\/\/www.diarioimagen.net\/wp-content\/uploads\/2017\/07\/METEPEC-3166-460x259.jpg\" alt=\"\" width=\"460\" height=\"259\" srcset=\"https:\/\/www.diarioimagen.net\/wp-content\/uploads\/2017\/07\/METEPEC-3166-460x259.jpg 460w, https:\/\/www.diarioimagen.net\/wp-content\/uploads\/2017\/07\/METEPEC-3166-240x135.jpg 240w, https:\/\/www.diarioimagen.net\/wp-content\/uploads\/2017\/07\/METEPEC-3166-235x132.jpg 235w, https:\/\/www.diarioimagen.net\/wp-content\/uploads\/2017\/07\/METEPEC-3166-202x114.jpg 202w, https:\/\/www.diarioimagen.net\/wp-content\/uploads\/2017\/07\/METEPEC-3166-350x196.jpg 350w, https:\/\/www.diarioimagen.net\/wp-content\/uploads\/2017\/07\/METEPEC-3166-220x123.jpg 220w, https:\/\/www.diarioimagen.net\/wp-content\/uploads\/2017\/07\/METEPEC-3166-237x132.jpg 237w, https:\/\/www.diarioimagen.net\/wp-content\/uploads\/2017\/07\/METEPEC-3166.jpg 480w\" sizes=\"auto, (max-width: 460px) 100vw, 460px\" \/><\/a><p id=\"caption-attachment-335824\" class=\"wp-caption-text\">Entre sus objetivos del Centro de Mediaci\u00f3n se encuentra la prevenci\u00f3n del delito y promover\u00a0cultura de paz para convivencia arm\u00f3nica.<\/p><\/div>\n<p>&nbsp;<\/p>\n<p><strong>Metepec, Estado de M\u00e9xico<\/strong>.-\u00a0Como parte del plan integral de acci\u00f3n que lleva a cabo el ayuntamiento de Metepec para prevenir el delito y con la finalidad de promover la convivencia arm\u00f3nica entre la comunidad, el gobierno municipal dispone para la ciudadan\u00eda los servicios del Centro de Mediaci\u00f3n, \u00f3rgano imparcial que busca resolver de forma pac\u00edfica y a trav\u00e9s del di\u00e1logo, la soluci\u00f3n conflictos entre particulares y con ello evitar que se resuelvan en los tribunales.<\/p>\n<p>La encargada del Centro, Alva Ibarra Torres, resalt\u00f3 que a trav\u00e9s de este servicio, las partes en conflicto, con apoyo de la mediadora, entablan comunicaci\u00f3n directa donde se expresan con claridad las razones y motivos del conflicto, lo que permite identificar y lograr acuerdos satisfactorios para ambas partes.<\/p>\n<p>Destac\u00f3 que el Centro de Mediaci\u00f3n opera en estricto apego a la ley y que a pesar de no ser instancia que determine jur\u00eddicamente la procedencia de un hecho, s\u00ed contribuye a establecer patrones saludables de convivencia ya sea en el n\u00facleo familiar o vecinal.<\/p>\n<p>La funcionaria record\u00f3 que desde hace aproximadamente cinco a\u00f1os en la entidad se llevan a cabo los juicios orales donde se da resoluci\u00f3n de conflictos en un tribunal, aqu\u00ed, coment\u00f3, \u201cse trata de llegar a un acuerdo para evitar llegar a esa instancia que en ocasiones implica erogar recursos econ\u00f3micos e invertir en tiempo, entre otras condicionantes\u201d.<\/p>\n<p>Ibarra Torres enfatiz\u00f3 que la mediaci\u00f3n, adem\u00e1s de buscar la soluci\u00f3n de problemas cotidianos, tambi\u00e9n se involucra en atender de forma personalizada diversos programas; algunos de los resultados son:<\/p>\n<p>De febrero a junio del presente a\u00f1o se han llevado a cabo 22 mediaciones, 100 sesiones de asesor\u00edas y 78 consultas psicol\u00f3gicas; 241 asesor\u00edas jur\u00eddicas, familiar, mercantil, penal y civil. De igual forma, ha brindado atenci\u00f3n a 935 personas en sus instalaciones y a mil 301 m\u00e1s en las localidades, adem\u00e1s de conferencias y talleres impartidos en centros educativos y en algunas delegaciones de la demarcaci\u00f3n, as\u00ed como en tareas conjuntas con el DIF municipal donde se realizan diversos talleres.<\/p>\n<p>El Centro de Mediaci\u00f3n de Metepec, se ubica en la colonia Las Marinas, en la calle del mismo nombre esquina R\u00e9mora, junto al Centro Social de la localidad, que atiende de forma personalizada de lunes a viernes de 9:00 a 18:00 horas.<\/p>\n","protected":false},"excerpt":{"rendered":"<p>Como parte del plan integral de acci\u00f3n que lleva a cabo el ayuntamiento de Metepec para prevenir el delito y con la finalidad de promover la convivencia arm\u00f3nica entre la comunidad, el gobierno municipal dispone para la ciudadan\u00eda los servicios del Centro de Mediaci\u00f3n, \u00f3rgano imparcial que busca resolver de forma pac\u00edfica y a trav\u00e9s del di\u00e1logo, la soluci\u00f3n conflictos entre particulares y con ello evitar que se resuelvan en los tribunales.   <\/p>\n","protected":false},"author":3,"featured_media":335824,"comment_status":"open","ping_status":"open","sticky":false,"template":"","format":"standard","meta":{"_monsterinsights_skip_tracking":false,"_monsterinsights_sitenote_active":false,"_monsterinsights_sitenote_note":"","_monsterinsights_sitenote_category":0,"footnotes":""},"categories":[35155],"tags":[63114,43675,876],"class_list":["post-335740","post","type-post","status-publish","format-standard","has-post-thumbnail","hentry","category-estado-de-mexico-estado-de-mexico","tag-centro-de-mediacion","tag-estado-de-mexico","tag-metepec"],"_links":{"self":[{"href":"https:\/\/www.diarioimagen.net\/index.php?rest_route=\/wp\/v2\/posts\/335740","targetHints":{"allow":["GET"]}}],"collection":[{"href":"https:\/\/www.diarioimagen.net\/index.php?rest_route=\/wp\/v2\/posts"}],"about":[{"href":"https:\/\/www.diarioimagen.net\/index.php?rest_route=\/wp\/v2\/types\/post"}],"author":[{"embeddable":true,"href":"https:\/\/www.diarioimagen.net\/index.php?rest_route=\/wp\/v2\/users\/3"}],"replies":[{"embeddable":true,"href":"https:\/\/www.diarioimagen.net\/index.php?rest_route=%2Fwp%2Fv2%2Fcomments&post=335740"}],"version-history":[{"count":0,"href":"https:\/\/www.diarioimagen.net\/index.php?rest_route=\/wp\/v2\/posts\/335740\/revisions"}],"wp:featuredmedia":[{"embeddable":true,"href":"https:\/\/www.diarioimagen.net\/index.php?rest_route=\/wp\/v2\/media\/335824"}],"wp:attachment":[{"href":"https:\/\/www.diarioimagen.net\/index.php?rest_route=%2Fwp%2Fv2%2Fmedia&parent=335740"}],"wp:term":[{"taxonomy":"category","embeddable":true,"href":"https:\/\/www.diarioimagen.net\/index.php?rest_route=%2Fwp%2Fv2%2Fcategories&post=335740"},{"taxonomy":"post_tag","embeddable":true,"href":"https:\/\/www.diarioimagen.net\/index.php?rest_route=%2Fwp%2Fv2%2Ftags&post=335740"}],"curies":[{"name":"wp","href":"https:\/\/api.w.org\/{rel}","templated":true}]}}