{"id":335939,"date":"2017-07-20T00:07:34","date_gmt":"2017-07-20T05:07:34","guid":{"rendered":"http:\/\/www.diarioimagen.net\/?p=335939"},"modified":"2017-07-20T23:15:47","modified_gmt":"2017-07-21T04:15:47","slug":"escuelas-contaran-con-brigadas-de-salud-eruviel-avila","status":"publish","type":"post","link":"https:\/\/www.diarioimagen.net\/?p=335939","title":{"rendered":"Escuelas contar\u00e1n con brigadas de salud: Eruviel \u00c1vila"},"content":{"rendered":"<ul>\n<li><strong><em>Cursos de verano para 6 mil alumnos de educaci\u00f3n b\u00e1sica<\/em><\/strong><\/li>\n<\/ul>\n<p>&nbsp;<\/p>\n<p><a href=\"http:\/\/www.diarioimagen.net\/?attachment_id=336111\" rel=\"attachment wp-att-336111\"><img loading=\"lazy\" decoding=\"async\" class=\"aligncenter size-large wp-image-336111\" src=\"http:\/\/www.diarioimagen.net\/wp-content\/uploads\/2017\/07\/arco-3167-460x305.jpg\" alt=\"\" width=\"460\" height=\"305\" srcset=\"https:\/\/www.diarioimagen.net\/wp-content\/uploads\/2017\/07\/arco-3167-460x305.jpg 460w, https:\/\/www.diarioimagen.net\/wp-content\/uploads\/2017\/07\/arco-3167-240x159.jpg 240w, https:\/\/www.diarioimagen.net\/wp-content\/uploads\/2017\/07\/arco-3167.jpg 680w\" sizes=\"auto, (max-width: 460px) 100vw, 460px\" \/><\/a><\/p>\n<p>&nbsp;<\/p>\n<p><strong>Temoaya, Estado de M\u00e9xico<\/strong>.- El gobernador Eruviel \u00c1vila Villegas inform\u00f3 que durante el pr\u00f3ximo periodo vacacional, seis mil alumnos de educaci\u00f3n b\u00e1sica participar\u00e1n en los cursos y talleres del programa Escuelas de Verano, quienes recibir\u00e1n atenci\u00f3n m\u00e9dica gratuita, ya que se contar\u00e1 con brigadas de salud en los planteles educativos.<\/p>\n<p>\u201cEstaremos brindando servicios de salud para nuestros alumnos, m\u00e1s de 6 mil alumnos que asistan a estas Escuelas de Verano; habr\u00e1 diferentes tratamientos que sean necesarios para apoyar a nuestra ni\u00f1ez y tambi\u00e9n a nuestras mamitas que lleguen ah\u00ed, quienes vayan con mucho gusto estaremos brindando este servicio, as\u00ed es que, adem\u00e1s de entretener, vamos a brindar salud\u201d, afirm\u00f3 el gobernador mexiquense.<\/p>\n<p>Eruviel \u00c1vila Villegas indic\u00f3 que llevar servicios m\u00e9dicos a los planteles\u00a0 de la entidad, es resultado de la reforma educativa, especialmente del programa \u201cSalud en tu Escuela\u201d, con el que se brindar\u00e1 servicio gratuito a los alumnos y a los padres de familia que lo requieran.<\/p>\n<p>Los alumnos que participar\u00e1n en los cursos de verano tambi\u00e9n realizar\u00e1n actividades culturales, deportivas y de entretenimiento, entre otras.<\/p>\n<p>Agreg\u00f3 que ser\u00e1n 190 escuelas las que participar\u00e1n en estos programas de verano, y cada una tendr\u00e1 su propia brigada de salud, por lo que la comunidad estudiantil contar\u00e1 con 500 m\u00e9dicos y enfermeras, quienes dar\u00e1n consultas gratuitas, aplicar\u00e1n vacunas para prevenir el virus del papiloma humano, entre otras acciones cl\u00ednicas.<\/p>\n","protected":false},"excerpt":{"rendered":"<p>El gobernador Eruviel \u00c1vila Villegas inform\u00f3 que durante el pr\u00f3ximo periodo vacacional, seis mil alumnos de educaci\u00f3n b\u00e1sica participar\u00e1n en los cursos y talleres del programa Escuelas de Verano, quienes recibir\u00e1n atenci\u00f3n m\u00e9dica gratuita, ya que se contar\u00e1 con brigadas de salud en los planteles educativos.<\/p>\n","protected":false},"author":3,"featured_media":336111,"comment_status":"open","ping_status":"open","sticky":false,"template":"","format":"standard","meta":{"_monsterinsights_skip_tracking":false,"_monsterinsights_sitenote_active":false,"_monsterinsights_sitenote_note":"","_monsterinsights_sitenote_category":0,"footnotes":""},"categories":[5],"tags":[63171,43675,43692,6777],"class_list":["post-335939","post","type-post","status-publish","format-standard","has-post-thumbnail","hentry","category-estado-de-mexico","tag-brigadas","tag-estado-de-mexico","tag-salud","tag-temoaya"],"_links":{"self":[{"href":"https:\/\/www.diarioimagen.net\/index.php?rest_route=\/wp\/v2\/posts\/335939","targetHints":{"allow":["GET"]}}],"collection":[{"href":"https:\/\/www.diarioimagen.net\/index.php?rest_route=\/wp\/v2\/posts"}],"about":[{"href":"https:\/\/www.diarioimagen.net\/index.php?rest_route=\/wp\/v2\/types\/post"}],"author":[{"embeddable":true,"href":"https:\/\/www.diarioimagen.net\/index.php?rest_route=\/wp\/v2\/users\/3"}],"replies":[{"embeddable":true,"href":"https:\/\/www.diarioimagen.net\/index.php?rest_route=%2Fwp%2Fv2%2Fcomments&post=335939"}],"version-history":[{"count":0,"href":"https:\/\/www.diarioimagen.net\/index.php?rest_route=\/wp\/v2\/posts\/335939\/revisions"}],"wp:featuredmedia":[{"embeddable":true,"href":"https:\/\/www.diarioimagen.net\/index.php?rest_route=\/wp\/v2\/media\/336111"}],"wp:attachment":[{"href":"https:\/\/www.diarioimagen.net\/index.php?rest_route=%2Fwp%2Fv2%2Fmedia&parent=335939"}],"wp:term":[{"taxonomy":"category","embeddable":true,"href":"https:\/\/www.diarioimagen.net\/index.php?rest_route=%2Fwp%2Fv2%2Fcategories&post=335939"},{"taxonomy":"post_tag","embeddable":true,"href":"https:\/\/www.diarioimagen.net\/index.php?rest_route=%2Fwp%2Fv2%2Ftags&post=335939"}],"curies":[{"name":"wp","href":"https:\/\/api.w.org\/{rel}","templated":true}]}}