{"id":335943,"date":"2017-07-20T00:11:03","date_gmt":"2017-07-20T05:11:03","guid":{"rendered":"http:\/\/www.diarioimagen.net\/?p=335943"},"modified":"2017-07-20T02:38:08","modified_gmt":"2017-07-20T07:38:08","slug":"ya-viene-la-xliv-edicion-de-la-feria-nacional-de-la-tuna","status":"publish","type":"post","link":"https:\/\/www.diarioimagen.net\/?p=335943","title":{"rendered":"Ya viene la XLIV edici\u00f3n de la Feria Nacional de la Tuna"},"content":{"rendered":"<ul>\n<li><strong><em>Del 2 al 6 de agosto en San Mart\u00edn de las Pir\u00e1mides<\/em><\/strong><\/li>\n<\/ul>\n<p>&nbsp;<\/p>\n<div id=\"attachment_336030\" style=\"width: 470px\" class=\"wp-caption aligncenter\"><a href=\"http:\/\/www.diarioimagen.net\/?attachment_id=336030\" rel=\"attachment wp-att-336030\"><img loading=\"lazy\" decoding=\"async\" aria-describedby=\"caption-attachment-336030\" class=\"size-large wp-image-336030\" src=\"http:\/\/www.diarioimagen.net\/wp-content\/uploads\/2017\/07\/TUNA-3167-460x259.jpg\" alt=\"\" width=\"460\" height=\"259\" srcset=\"https:\/\/www.diarioimagen.net\/wp-content\/uploads\/2017\/07\/TUNA-3167-460x259.jpg 460w, https:\/\/www.diarioimagen.net\/wp-content\/uploads\/2017\/07\/TUNA-3167-240x135.jpg 240w, https:\/\/www.diarioimagen.net\/wp-content\/uploads\/2017\/07\/TUNA-3167-235x132.jpg 235w, https:\/\/www.diarioimagen.net\/wp-content\/uploads\/2017\/07\/TUNA-3167-202x114.jpg 202w, https:\/\/www.diarioimagen.net\/wp-content\/uploads\/2017\/07\/TUNA-3167-350x196.jpg 350w, https:\/\/www.diarioimagen.net\/wp-content\/uploads\/2017\/07\/TUNA-3167-220x123.jpg 220w, https:\/\/www.diarioimagen.net\/wp-content\/uploads\/2017\/07\/TUNA-3167-237x132.jpg 237w, https:\/\/www.diarioimagen.net\/wp-content\/uploads\/2017\/07\/TUNA-3167.jpg 480w\" sizes=\"auto, (max-width: 460px) 100vw, 460px\" \/><\/a><p id=\"caption-attachment-336030\" class=\"wp-caption-text\">El Pueblo M\u00e1gico de San Mart\u00edn de las Pir\u00e1mides realizar\u00e1 su tradicional Feria Nacional de la Tuna 2017, del 2 al 6 del mes de agosto.<\/p><\/div>\n<p>&nbsp;<\/p>\n<p><strong>Zinacantepec, Estado de M\u00e9xico<\/strong>.- Del 2 al 6 de agosto, el Pueblo M\u00e1gico de San Mart\u00edn de las Pir\u00e1mides realizar\u00e1 su tradicional Feria Nacional de la Tuna 2017, evento que en su XLIV edici\u00f3n tiene previsto un programa muy completo en actividades,\u00a0 cuya sede ser\u00e1 el Globo-puerto Sky Ballons.<\/p>\n<p>Desde 1973, esta feria ofrece gran variedad de atracciones para toda la familia, as\u00ed como una fiesta cargada de costumbres y tradiciones que fortalecen la identidad en el Estado de M\u00e9xico, al tiempo que difunden nuestra cultura al resto del pa\u00eds, desde un municipio al ubicado al noroeste de la entidad, que es el m\u00e1s importante productor del tuna y el principal exportador de la misma.<\/p>\n<p>El programa contempla actividades culturales, gastron\u00f3micas, artesanales, deportivas, bailes populares y teatro del pueblo con artistas nacionales e internacionales, as\u00ed como juegos mec\u00e1nicos y espect\u00e1culos donde destaca el concurso artesanal de gastronom\u00eda y la mejor producci\u00f3n tunera, evento en el que los participantes crean diversos productos, cuyo principal ingrediente es el tradicional fruto, calific\u00e1ndose el proceso de elaboraci\u00f3n, sabor, textura y creatividad.<\/p>\n<p>Para el 5 de agosto a las 13:30 horas, en el mismo Globo-Puerto se tiene programado el 5o. concurso de caballos bailadores, espect\u00e1culo que promete mucho ritmo y diversi\u00f3n, ya que jinetes de la regi\u00f3n pondr\u00e1n a bailar a sus equinos sobre tarimas, los cuales dar\u00e1n cuenta de sus habilidades danc\u00edsticas.<\/p>\n<p>En cuanto a deporte se refiere, el domingo 6 de agosto, a las 8:00 horas, se llevar\u00e1 a cabo la carrera de atl\u00e9tica de siete kil\u00f3metros para corredores exigentes, la cual que tendr\u00e1 como escenario la zona arqueol\u00f3gica y las fastuosas pir\u00e1mides, que tambi\u00e9n ser\u00e1m sede de una caminata familiar de tres kil\u00f3metros para lo que decidan caminar o trotar.<\/p>\n<p>Las categor\u00edas participantes son\u00a0 Juvenil 12 a 17 a\u00f1os, Libre 18 a 39 a\u00f1os, Master 40 a 55 a\u00f1os y Veteranos 56 y m\u00e1s, tanto en la rama varonil como femenil; las inscripciones se pueden hacer a trav\u00e9s de https:\/ \/www. chronostart.com.mx\/ y tienen un costo de 250 pesos, registro que incluye el n\u00famero de competidor, playera conmemorativa, instructivo del corredor, servicio m\u00e9dico, se\u00f1alizaci\u00f3n en ruta, seguridad y vigilancia por la ruta, as\u00ed como abastecimiento en puntos oficiales, medalla de participaci\u00f3n al corredor, paquete de recuperaci\u00f3n en meta y servicio de paqueter\u00eda.<\/p>\n<p>El mismo domingo, a partir de las 8:30 horas, se realizar\u00e1n diversas actividades y espect\u00e1culos con la jaca de acero, como la bendici\u00f3n de cascos dirigida por grupos de Danza Prehisp\u00e1nica Zipaktonal, el recorrido por el Pueblo M\u00e1gico de San Mart\u00edn de las Pir\u00e1mides, un show de acrobacia en motocicletas y arrancones, entre otros.<\/p>\n<p>Para conocer el programa completo y m\u00e1s informaci\u00f3n acerca de esta feria que cumple 44 a\u00f1os de reunir a las familias mexiquenses de manera ininterrumpida, se puede consultar el sitio de <em>Facebook<\/em>: Feria Nacional de la Tuna 2017.<\/p>\n","protected":false},"excerpt":{"rendered":"<p>Del 2 al 6 de agosto, el Pueblo M\u00e1gico de San Mart\u00edn de las Pir\u00e1mides realizar\u00e1 su tradicional Feria Nacional de la Tuna 2017, evento que en su XLIV edici\u00f3n tiene previsto un programa muy completo en actividades,  cuya sede ser\u00e1 el Globo-puerto Sky Ballons.<\/p>\n","protected":false},"author":3,"featured_media":336030,"comment_status":"open","ping_status":"open","sticky":false,"template":"","format":"standard","meta":{"_monsterinsights_skip_tracking":false,"_monsterinsights_sitenote_active":false,"_monsterinsights_sitenote_note":"","_monsterinsights_sitenote_category":0,"footnotes":""},"categories":[5],"tags":[43675,63172,10192,184],"class_list":["post-335943","post","type-post","status-publish","format-standard","has-post-thumbnail","hentry","category-estado-de-mexico","tag-estado-de-mexico","tag-feria-nacional-de-la-tuna","tag-san-martin-de-las-piramides","tag-zinacantepec"],"_links":{"self":[{"href":"https:\/\/www.diarioimagen.net\/index.php?rest_route=\/wp\/v2\/posts\/335943","targetHints":{"allow":["GET"]}}],"collection":[{"href":"https:\/\/www.diarioimagen.net\/index.php?rest_route=\/wp\/v2\/posts"}],"about":[{"href":"https:\/\/www.diarioimagen.net\/index.php?rest_route=\/wp\/v2\/types\/post"}],"author":[{"embeddable":true,"href":"https:\/\/www.diarioimagen.net\/index.php?rest_route=\/wp\/v2\/users\/3"}],"replies":[{"embeddable":true,"href":"https:\/\/www.diarioimagen.net\/index.php?rest_route=%2Fwp%2Fv2%2Fcomments&post=335943"}],"version-history":[{"count":0,"href":"https:\/\/www.diarioimagen.net\/index.php?rest_route=\/wp\/v2\/posts\/335943\/revisions"}],"wp:featuredmedia":[{"embeddable":true,"href":"https:\/\/www.diarioimagen.net\/index.php?rest_route=\/wp\/v2\/media\/336030"}],"wp:attachment":[{"href":"https:\/\/www.diarioimagen.net\/index.php?rest_route=%2Fwp%2Fv2%2Fmedia&parent=335943"}],"wp:term":[{"taxonomy":"category","embeddable":true,"href":"https:\/\/www.diarioimagen.net\/index.php?rest_route=%2Fwp%2Fv2%2Fcategories&post=335943"},{"taxonomy":"post_tag","embeddable":true,"href":"https:\/\/www.diarioimagen.net\/index.php?rest_route=%2Fwp%2Fv2%2Ftags&post=335943"}],"curies":[{"name":"wp","href":"https:\/\/api.w.org\/{rel}","templated":true}]}}