{"id":335956,"date":"2017-07-20T00:09:52","date_gmt":"2017-07-20T05:09:52","guid":{"rendered":"http:\/\/www.diarioimagen.net\/?p=335956"},"modified":"2017-07-21T00:25:20","modified_gmt":"2017-07-21T05:25:20","slug":"inicia-la-renegociacion-del-tlcan-el-16-de-agosto","status":"publish","type":"post","link":"https:\/\/www.diarioimagen.net\/?p=335956","title":{"rendered":"Inicia la renegociaci\u00f3n del TLCAN el 16 de agosto"},"content":{"rendered":"<ul>\n<li><strong><em>Los di\u00e1logos ser\u00e1n en Washington<\/em><\/strong><\/li>\n<\/ul>\n<p>&nbsp;<\/p>\n<div id=\"attachment_336098\" style=\"width: 470px\" class=\"wp-caption aligncenter\"><a href=\"http:\/\/www.diarioimagen.net\/?attachment_id=336098\" rel=\"attachment wp-att-336098\"><img loading=\"lazy\" decoding=\"async\" aria-describedby=\"caption-attachment-336098\" class=\"size-large wp-image-336098\" src=\"http:\/\/www.diarioimagen.net\/wp-content\/uploads\/2017\/07\/TLC-3167-460x259.jpg\" alt=\"\" width=\"460\" height=\"259\" srcset=\"https:\/\/www.diarioimagen.net\/wp-content\/uploads\/2017\/07\/TLC-3167-460x259.jpg 460w, https:\/\/www.diarioimagen.net\/wp-content\/uploads\/2017\/07\/TLC-3167-240x135.jpg 240w, https:\/\/www.diarioimagen.net\/wp-content\/uploads\/2017\/07\/TLC-3167-235x132.jpg 235w, https:\/\/www.diarioimagen.net\/wp-content\/uploads\/2017\/07\/TLC-3167-202x114.jpg 202w, https:\/\/www.diarioimagen.net\/wp-content\/uploads\/2017\/07\/TLC-3167-350x196.jpg 350w, https:\/\/www.diarioimagen.net\/wp-content\/uploads\/2017\/07\/TLC-3167-220x123.jpg 220w, https:\/\/www.diarioimagen.net\/wp-content\/uploads\/2017\/07\/TLC-3167-237x132.jpg 237w, https:\/\/www.diarioimagen.net\/wp-content\/uploads\/2017\/07\/TLC-3167.jpg 480w\" sizes=\"auto, (max-width: 460px) 100vw, 460px\" \/><\/a><p id=\"caption-attachment-336098\" class=\"wp-caption-text\">Los gobiernos de Canad\u00e1, Estados Unidos y M\u00e9xico planean sostener siete rondas de conversaciones, que se llevar\u00edan a cabo con intervalos de tres semanas.<\/p><\/div>\n<p>&nbsp;<\/p>\n<p>La primera ronda de negociaciones entre Estados Unidos, M\u00e9xico y Canad\u00e1 para modernizar el Tratado de Libre Comercio de Am\u00e9rica del Norte (TLCAN) tendr\u00e1 lugar en Washington entre el 16 y el 20 de agosto, dijo el representante comercial estadounidense, Robert Lighthizer.<\/p>\n<p>Lighthizer tambi\u00e9n dijo John Melle, un experto en pol\u00edtica comercial norteamericana y funcionario adjunto del representante de comercio de Estados Unidos para el Hemisferio Occidental, encabezar\u00e1 a la delegaci\u00f3n de su pa\u00eds en las negociaciones sobre el TLCAN.<\/p>\n<p>En tanto, negociadores de M\u00e9xico, Estados Unidos y Canad\u00e1 planean sostener siete rondas de conversaciones que se llevar\u00edan cabo con intervalos de tres semanas en busca de concluir r\u00e1pidamente la renegociaci\u00f3n del Tratado de Libre Comercio de Am\u00e9rica del Norte (TLCAN), dijeron fuentes mexicanas familiarizadas con el asunto.<\/p>\n<p>De tener \u00e9xito, el apretado calendario podr\u00eda permitir que las conversaciones concluyeran a principios del pr\u00f3ximo a\u00f1o, reduciendo el riesgo de que el proceso pudiera politizarse por las elecciones presidenciales del 2018 en M\u00e9xico.<\/p>\n<p>Los dos representantes mexicanos, que hablaron bajo condici\u00f3n de anonimato, dijeron que los tres pa\u00edses hab\u00edan acordado el calendario con intervalos de tres semanas.<\/p>\n<p>Uno de los negociadores mexicanos dijo que el \u00e1nimo era concluir las negociaciones del TLCAN antes de que la campa\u00f1a electoral en su pa\u00eds estuviera en pleno.<\/p>\n<p>Las negociaciones para modernizar el acuerdo que sustenta m\u00e1s de un bill\u00f3n de d\u00f3lares de intercambio comercial trilateral entre las tres naciones iniciar\u00e1n el 16 de agosto a un ritmo que fue descrito como \u201cmuy agresivo\u201d por uno de los funcionarios mexicanos.<\/p>\n<p>Una fuente canadiense bien situada y familiarizada con las discusiones dijo que Estados Unidos hab\u00eda propuesto el calendario, pero no pudo confirmar que se hab\u00eda alcanzado un acuerdo.<\/p>\n<p>Funcionarios del gobierno estadounidense dijeron que M\u00e9xico hab\u00eda pedido que las negociaciones se completaran al cierre del a\u00f1o antes del proceso electoral.<\/p>\n<p>El zar de comercio del presidente de Estados Unidos, Donald Trump, Robert Lighthizer, ha dicho que espera que las negociaciones concluyan hacia finales del a\u00f1o, aunque ha se\u00f1alado que no se ha fijado un plazo para las conversaciones.<\/p>\n<p>Lighthizer, el principal negociador del TLCAN, dijo en junio que concluir las negociaciones para el final del a\u00f1o era \u201cun plazo muy, muy r\u00e1pido y no vamos a tener un mal acuerdo para ahorrar tiempo\u201d.<\/p>\n<p>Trump ha presionado para una renegociaci\u00f3n del TLCAN, amenazando con abandonarlo si no obtiene mayores beneficios para su pa\u00eds. El mandatario sostiene que el acuerdo ha provocado un d\u00e9ficit comercial con M\u00e9xico y que ha costado miles de empleos a Estados Unidos.<\/p>\n","protected":false},"excerpt":{"rendered":"<p>La primera ronda de negociaciones entre Estados Unidos, M\u00e9xico y Canad\u00e1 para modernizar el Tratado de Libre Comercio de Am\u00e9rica del Norte (TLCAN) tendr\u00e1 lugar en Washington entre el 16 y el 20 de agosto, dijo el representante comercial<\/p>\n","protected":false},"author":3,"featured_media":336098,"comment_status":"open","ping_status":"open","sticky":false,"template":"","format":"standard","meta":{"_monsterinsights_skip_tracking":false,"_monsterinsights_sitenote_active":false,"_monsterinsights_sitenote_note":"","_monsterinsights_sitenote_category":0,"footnotes":""},"categories":[8],"tags":[431,177,44,43679,43673,63176,2167],"class_list":["post-335956","post","type-post","status-publish","format-standard","has-post-thumbnail","hentry","category-finanzas","tag-canada","tag-estados-unidos","tag-mexico","tag-mundo","tag-nacional","tag-renegociacion","tag-tlcan"],"_links":{"self":[{"href":"https:\/\/www.diarioimagen.net\/index.php?rest_route=\/wp\/v2\/posts\/335956","targetHints":{"allow":["GET"]}}],"collection":[{"href":"https:\/\/www.diarioimagen.net\/index.php?rest_route=\/wp\/v2\/posts"}],"about":[{"href":"https:\/\/www.diarioimagen.net\/index.php?rest_route=\/wp\/v2\/types\/post"}],"author":[{"embeddable":true,"href":"https:\/\/www.diarioimagen.net\/index.php?rest_route=\/wp\/v2\/users\/3"}],"replies":[{"embeddable":true,"href":"https:\/\/www.diarioimagen.net\/index.php?rest_route=%2Fwp%2Fv2%2Fcomments&post=335956"}],"version-history":[{"count":0,"href":"https:\/\/www.diarioimagen.net\/index.php?rest_route=\/wp\/v2\/posts\/335956\/revisions"}],"wp:featuredmedia":[{"embeddable":true,"href":"https:\/\/www.diarioimagen.net\/index.php?rest_route=\/wp\/v2\/media\/336098"}],"wp:attachment":[{"href":"https:\/\/www.diarioimagen.net\/index.php?rest_route=%2Fwp%2Fv2%2Fmedia&parent=335956"}],"wp:term":[{"taxonomy":"category","embeddable":true,"href":"https:\/\/www.diarioimagen.net\/index.php?rest_route=%2Fwp%2Fv2%2Fcategories&post=335956"},{"taxonomy":"post_tag","embeddable":true,"href":"https:\/\/www.diarioimagen.net\/index.php?rest_route=%2Fwp%2Fv2%2Ftags&post=335956"}],"curies":[{"name":"wp","href":"https:\/\/api.w.org\/{rel}","templated":true}]}}